{"id":677105,"date":"2026-01-20T16:30:10","date_gmt":"2026-01-20T16:30:10","guid":{"rendered":"https:\/\/www.europesays.com\/fr\/677105\/"},"modified":"2026-01-20T16:30:10","modified_gmt":"2026-01-20T16:30:10","slug":"le-maire-de-marseille-benoit-payan-parle-despoir-et-damour-au-monde-de-la-culture","status":"publish","type":"post","link":"https:\/\/www.europesays.com\/fr\/677105\/","title":{"rendered":"le maire de Marseille Beno\u00eet Payan parle d\u2019espoir et d\u2019amour au monde de la culture"},"content":{"rendered":"<p>Apr\u00e8s l\u2019Op\u00e9ra et l\u2019Alcazar, Beno\u00eet Payan a choisi le mus\u00e9e d\u2019Histoire pour pr\u00e9senter ses v\u0153ux au monde de la culture. Du fait de la r\u00e9serve n\u00e9cessaire en p\u00e9riode pr\u00e9\u00e9lectorale, l\u2019\u00e9dile a concentr\u00e9 son intervention sur \u00ab\u00a0la vie et les gens\u00a0\u00bb.<\/p>\n<p>\u00ab\u00a0Je ne vais pas lire de discours mais je vais vous parler d\u2019espoir et je vais vous parler d\u2019amour parce que je crois que c\u2019est ce dont nous avons le plus besoin. L\u2019espoir s\u2019exprime par la culture, comme le d\u00e9sespoir d\u2019ailleurs [\u2026] <a href=\"https:\/\/www.laprovence.com\/article\/culture-loisirs\/23108833764002\/le-danseur-jean-charles-gil-reproduit-ses-emotions-dans-une-exposition-au-polaris-centre-dart-distres\" target=\"_blank\" rel=\"noopener\">Jean-Charles Gil<\/a> (chor\u00e9graphe marseillais, Ndlr) est ici, il a cr\u00e9\u00e9 des chaussons de bronze qui montrent la douleur, le mal fait au corps de celui qui danse. Mais l\u2019espoir toujours renouvel\u00e9 de se dire que l\u2019art d\u00e9passe tout.\u00a0\u00bb<\/p>\n<p>Pour conclure son envol\u00e9e lyrique, le maire s\u2019attardera sur une cr\u00e9atrice phoc\u00e9enne\u00a0: \u00ab\u00a0Je vais vous parler d\u2019amour \u00e0 travers les mots d\u2019une femme, une Marseillaise trop peu connue, Christiane Singer. Elle a probablement \u00e9crit un des plus beaux livres d\u2019amour qui soit. L\u2019un des livres les plus oubli\u00e9s qui soit et je voudrais lui rendre hommage.\u00a0\u00bb Un hommage auquel Beno\u00eet Payan s\u2019est livr\u00e9 en lisant un long extrait d\u2019Une passion, l\u2019histoire des amants mythiques H\u00e9lo\u00efse et Ab\u00e9lard.<\/p>\n<p>\u00ab\u00a0Vous \u00eates pr\u00e9cieux\u00a0\u00bb<\/p>\n<p>Pr\u00e9c\u00e9dant le maire, son adjoint \u00e0 la culture a lui aussi remerci\u00e9 ceux qui sont engag\u00e9s pour \u00ab\u00a0la culture, la cr\u00e9ation, la transmission et le partage, souvent dans des conditions difficiles. Vous \u00eates pr\u00e9cieux, vous \u00eates essentiels, vous \u00eates indispensables\u00a0\u00bb. Jean-Marc Coppola en a profit\u00e9 pour souligner la \u00ab\u00a0<a href=\"https:\/\/www.laprovence.com\/article\/culture-loisirs\/26712625775580\/avec-pres-d1-4-million-de-visiteurs-en-2025-le-mucem-a-marseille-enregistre-sa-plus-haute-frequentation-en-dix-ans\" target=\"_blank\" rel=\"noopener\">fr\u00e9quentation record en 2025 <\/a>dans l\u2019ensemble des mus\u00e9es de la ville. C\u2019est le r\u00e9sultat d\u2019expositions temporaires plus longues, qui valorisent les femmes artistes et de notre politique d\u2019\u00e9ducation artistique et culturelle.\u00a0\u00bb<\/p>\n<p>Et insist\u00e9 sur le travail effectu\u00e9 envers le jeune public, notamment via la nouvelle convention avec le rectorat pour d\u00e9velopper l\u2019\u00e9veil des sens des enfants des cr\u00e8ches et des \u00e9coles, \u00ab\u00a0ce qui nous am\u00e8nera \u00e0 cr\u00e9er la Philharmonie des enfants\u00a0\u00bb. \u00ab\u00a0Quel pied de nez \u00e0 l\u2019\u00e9poque o\u00f9 la culture est de plus en plus marchandis\u00e9e que de vouloir transformer un commerce, les Galeries Lafayette, en un futur espace culturel\u00a0!\u00a0\u00bb<\/p>\n<p>Et l\u2019adjoint de rappeler quelques temps forts de 2025, comme \u00ab\u00a0l\u2019acquisition de la salle du Moulin, <a href=\"https:\/\/www.laprovence.com\/article\/culture-loisirs\/95944852746764\/conseil-municipal-de-marseille-le-mythique-cinema-cesar-fonde-par-pagnol-va-renaitre-sous-forme-dun-espace-culturel\" target=\"_blank\" rel=\"noopener\">la pr\u00e9servation du C\u00e9sar<\/a> comme cin\u00e9ma, le d\u00e9marrage du chantier du Gymnase ou la fondation du campus Art M\u00e9diterran\u00e9e \u00e0 l\u2019Inseamm\u00a0\u00bb, l\u2019occasion de renouveler sa confiance en son directeur g\u00e9n\u00e9ral Rapha\u00ebl Imbert, alors qu\u2019une crise secoue les Beaux-Arts.<\/p>\n","protected":false},"excerpt":{"rendered":"Apr\u00e8s l\u2019Op\u00e9ra et l\u2019Alcazar, Beno\u00eet Payan a choisi le mus\u00e9e d\u2019Histoire pour pr\u00e9senter ses v\u0153ux au monde de&hellip;\n","protected":false},"author":2,"featured_media":677106,"comment_status":"","ping_status":"","sticky":false,"template":"","format":"standard","meta":{"footnotes":""},"categories":[2814],"tags":[5734,1111,11,16980,251,1777,674,1011,27,5107,884,12,13406,19988,882,25,74173],"class_list":{"0":"post-677105","1":"post","2":"type-post","3":"status-publish","4":"format-standard","5":"has-post-thumbnail","7":"category-marseille","8":"tag-5734","9":"tag-actu","10":"tag-actualites","11":"tag-benoit","12":"tag-culture","13":"tag-eu","14":"tag-europe","15":"tag-fr","16":"tag-france","17":"tag-maire","18":"tag-marseille","19":"tag-news","20":"tag-parle","21":"tag-payan","22":"tag-provence-alpes-cote-dazur","23":"tag-republique-francaise","24":"tag-voeux"},"share_on_mastodon":{"url":"https:\/\/pubeurope.com\/@fr\/115928381812397360","error":""},"_links":{"self":[{"href":"https:\/\/www.europesays.com\/fr\/wp-json\/wp\/v2\/posts\/677105","targetHints":{"allow":["GET"]}}],"collection":[{"href":"https:\/\/www.europesays.com\/fr\/wp-json\/wp\/v2\/posts"}],"about":[{"href":"https:\/\/www.europesays.com\/fr\/wp-json\/wp\/v2\/types\/post"}],"author":[{"embeddable":true,"href":"https:\/\/www.europesays.com\/fr\/wp-json\/wp\/v2\/users\/2"}],"replies":[{"embeddable":true,"href":"https:\/\/www.europesays.com\/fr\/wp-json\/wp\/v2\/comments?post=677105"}],"version-history":[{"count":0,"href":"https:\/\/www.europesays.com\/fr\/wp-json\/wp\/v2\/posts\/677105\/revisions"}],"wp:featuredmedia":[{"embeddable":true,"href":"https:\/\/www.europesays.com\/fr\/wp-json\/wp\/v2\/media\/677106"}],"wp:attachment":[{"href":"https:\/\/www.europesays.com\/fr\/wp-json\/wp\/v2\/media?parent=677105"}],"wp:term":[{"taxonomy":"category","embeddable":true,"href":"https:\/\/www.europesays.com\/fr\/wp-json\/wp\/v2\/categories?post=677105"},{"taxonomy":"post_tag","embeddable":true,"href":"https:\/\/www.europesays.com\/fr\/wp-json\/wp\/v2\/tags?post=677105"}],"curies":[{"name":"wp","href":"https:\/\/api.w.org\/{rel}","templated":true}]}}