{"id":677257,"date":"2026-01-20T18:05:12","date_gmt":"2026-01-20T18:05:12","guid":{"rendered":"https:\/\/www.europesays.com\/fr\/677257\/"},"modified":"2026-01-20T18:05:12","modified_gmt":"2026-01-20T18:05:12","slug":"maxence-broville-mister-france-2026-evoque-sa-suspension-pour-suspicion-de-match-de-tennis-truques","status":"publish","type":"post","link":"https:\/\/www.europesays.com\/fr\/677257\/","title":{"rendered":"Maxence Brovill\u00e9, Mister France 2026, \u00e9voque sa suspension pour suspicion de match de tennis truqu\u00e9s"},"content":{"rendered":"<p>    Maxence Brovill\u00e9 dans le \u00abBuzz TV\u00bb<br \/>\n                Buzz TV<\/p>\n<p>\n    <strong>VID\u00c9O<\/strong> &#8211; Tout fra\u00eechement \u00e9lu, ce d\u00e9veloppeur de 26 ans se confie au \u00abBuzz TV\u00bb. Un entretien au cours duquel il est revenu sur son pass\u00e9 de joueur de tennis professionnel, interrompu par une affaire survenue en 2022.<\/p>\n<p class=\"fig-paragraph\">\u00abDepuis 48 heures je suis mari\u00e9 \u00e0 la petite \u00e9charpe\u00bb, rigole\u00a0<a href=\"http:\/\/tvmag.lefigaro.fr\/programme-tv\/people\/ancien-tennisman-soupconne-de-triche-auvergnat-qui-est-maxence-broville-elu-mister-france-2026-ce-week-end-20260119\" target=\"_blank\" data-fig-type=\"Article\" rel=\"noopener\" data-gtm-custom-categorie=\"navigation\" data-gtm-custom-action=\"crossclick\" data-gtm-custom-label=\"Contextuel\" data-gtm-event=\"customEventSPE\" data-fig-domain=\"TVMAG\">Mister France 2026<\/a>, invit\u00e9 du\u00a0<a href=\"https:\/\/tvmag.lefigaro.fr\/programme-tv\/programme\/le-buzz-tv-d1313642062\" target=\"_blank\" rel=\"noopener\" data-gtm-custom-categorie=\"navigation\" data-gtm-custom-action=\"crossclick\" data-gtm-custom-label=\"Contextuel\" data-gtm-event=\"customEventSPE\">\u00abBuzz TV\u00bb<\/a>\u00a0ce mardi. Au cours de l\u2019\u00e9mission, Maxence Brovill\u00e9, \u00e9lu Mister France samedi 17 janvier \u00e0 Rueil-Malmaison, pr\u00e8s de Paris, est revenu sur une cause essentielle qu\u2019il compte bien mettre en avant pendant son r\u00e8gne\u00a0: la sant\u00e9 mentale.<\/p>\n<p class=\"fig-paragraph\">Pour se pr\u00e9parer au concours, le jeune homme \u00e2g\u00e9 de 26 ans a pu s\u2019appuyer sur son exp\u00e9rience d\u2019ancien tennisman professionnel\u00a0: \u00abOn aborde de la m\u00eame mani\u00e8re ce concours et le tennis. J\u2019\u00e9tais \u00e0 la recherche d\u2019adr\u00e9naline. Depuis que j\u2019ai arr\u00eat\u00e9 le tennis, je n\u2019avais plus ce petit stress, je l\u2019ai retrouv\u00e9 en entrant sur sc\u00e8ne\u00bb, explique-t-il. L\u2019homme d\u20191,93 m a \u00e9galement pu compter sur le soutien de ses proches. \u00abIls \u00e9taient hyper fiers\u00bb, dit-il en parlant de ses parents peu habitu\u00e9s au monde\u00a0<a href=\"https:\/\/tvmag.lefigaro.fr\/programme-tv\/miss-france\" target=\"_blank\" data-fig-type=\"Section\" rel=\"noopener\" data-gtm-custom-categorie=\"navigation\" data-gtm-custom-action=\"crossclick\" data-gtm-custom-label=\"Contextuel\" data-gtm-event=\"customEventSPE\" data-fig-domain=\"TVMAG\">des comp\u00e9titions de beaut\u00e9<\/a>.<\/p>\n<p>                                                                <a class=\"fig-a11y-skip\" href=\"#fig-a11y-skip-main-inarticle\" data-module=\"a11y-skip\" data-context=\"was @visible\"><br \/>\n    Passer la publicit\u00e9<br \/>\n<\/a>            <\/p>\n<p class=\"fig-paragraph\">Celui qui incarne cette ann\u00e9e l\u2019\u00e9l\u00e9gance masculine \u00e0 la fran\u00e7aise d\u00e9fend d\u2019ores et d\u00e9j\u00e0 son titre et souhaite d\u00e9construire les clich\u00e9s. \u00abLes gens tr\u00e8s rapidement disent \u201cOui, il n\u2019est pas beau, pourquoi il est Mister France\u00a0?\u201d. Mais ce n\u2019est pas \u00e7a, c\u2019est vraiment un ensemble\u00a0: la culture g\u00e9n\u00e9rale, la personne qu\u2019on est , comment on se comporte durant la pr\u00e9paration. Bien s\u00fbr le physique y contribue aussi\u00bb, souligne ce d\u00e9veloppeur de projet dans le domaine du sport. Mais pour \u00eatre un bon Mister France selon lui, \u00ab il faut soutenir une cause forte\u00bb. \u00abPour ma part, c\u2019est la sant\u00e9 mentale. C\u2019est aussi partager des valeurs de respect, d\u2019humilit\u00e9 toute l\u2019ann\u00e9e. Et tout mettre en place pour d\u00e9fendre notre cause le mieux possible\u00bb.<\/p>\n<blockquote class=\"fig-quote&#10;    \">\n<p class=\"fig-quote__text\">J\u2019ai eu des troubles du sommeil et de l\u2019alimentation, j\u2019ai perdu beaucoup de poids, j\u2019ai fait des pelades<\/p>\n<p>            Maxence Brovill\u00e9\n    <\/p><\/blockquote>\n<p class=\"fig-paragraph\">Son engagement pour la sant\u00e9 mentale n\u2019est pas anodin. Le sportif, qui se destinait \u00e0 une carri\u00e8re de tennisman professionnel, a \u00e9t\u00e9 suspendu 7 ans par l\u2019Agence internationale d\u2019int\u00e9grit\u00e9 du tennis (ITIA) apr\u00e8s une suspicion de match truqu\u00e9, fin 2022. Le jeune homme n\u2019aurait pas coop\u00e9r\u00e9 en refusant de donner son t\u00e9l\u00e9phone durant l\u2019enqu\u00eate. \u00abJe jouais le lendemain, il fallait que je puisse contacter mon coach, mes proches\u00bb, tient \u00e0 pr\u00e9ciser Maxence Brovill\u00e9. \u00abIl y a un contexte derri\u00e8re tout \u00e7a. \u00c0 l\u2019heure actuelle si je devais tout refaire, j\u2019agirais diff\u00e9remment \u00e7a c\u2019est s\u00fbr\u00bb, se d\u00e9fend-il aupr\u00e8s des journalistes, assurant regretter certains actes. Il pourra de nouveau jouer et assister \u00e0 un match en 2030.<\/p>\n<p class=\"fig-body-link\">\n            \u00c0 lire aussi<br \/>\n        <a class=\"fig-body-link__link\" href=\"http:\/\/tvmag.lefigaro.fr\/programme-tv\/people\/ancien-tennisman-soupconne-de-triche-auvergnat-qui-est-maxence-broville-elu-mister-france-2026-ce-week-end-20260119\" target=\"_blank\" data-fig-type=\"Article\" rel=\"noopener\" data-gtm-custom-categorie=\"navigation\" data-gtm-custom-action=\"crossclick\" data-gtm-custom-label=\"Contextuel\" data-gtm-event=\"customEventSPE\" data-fig-domain=\"TVMAG\"><\/p>\n<p>        Ancien tennisman soup\u00e7onn\u00e9 de triche, Auvergnat&#8230; Qui est Maxence Brovill\u00e9, \u00e9lu Mister France 2026 ce week-end\u00a0?<br \/>\n    <\/a>\n<\/p>\n<p class=\"fig-paragraph\">Apr\u00e8s cet accident de parcours, Mister France 2026 a vu sa sant\u00e9 se d\u00e9grader. \u00abJ\u2019ai eu 4\/5 mois tr\u00e8s compliqu\u00e9s, je me suis retrouv\u00e9 chez moi \u00e0 me dire qu\u2019est-ce que je fais\u00a0?\u00bb, raconte-t-il. Apr\u00e8s avoir arr\u00eat\u00e9 de vivre de sa passion, Maxence Brovill\u00e9 r\u00e9v\u00e8le avoir \u00abeu un r\u00e9el \u00e9tat d\u00e9pressif\u00bb. \u00abJe n\u2019ai pas \u00e9t\u00e9 diagnostiqu\u00e9 parce que je ne suis pas all\u00e9 voir un m\u00e9decin\u00bb, pr\u00e9cise-t-il. \u00abJ\u2019ai eu des troubles du sommeil et de l\u2019alimentation, j\u2019ai perdu beaucoup de poids, j\u2019ai fait des pelades. Je ne savais plus quoi faire de ma vie\u00bb, ajoute celui qui a retrouv\u00e9 go\u00fbt \u00e0 la vie.<\/p>\n","protected":false},"excerpt":{"rendered":"Maxence Brovill\u00e9 dans le \u00abBuzz TV\u00bb Buzz TV VID\u00c9O &#8211; Tout fra\u00eechement \u00e9lu, ce d\u00e9veloppeur de 26 ans&hellip;\n","protected":false},"author":2,"featured_media":677258,"comment_status":"","ping_status":"","sticky":false,"template":"","format":"standard","meta":{"footnotes":""},"categories":[1415],"tags":[903,11035,1011,27,60,1467],"class_list":{"0":"post-677257","1":"post","2":"type-post","3":"status-publish","4":"format-standard","5":"has-post-thumbnail","7":"category-tennis","8":"tag-concours","9":"tag-election","10":"tag-fr","11":"tag-france","12":"tag-sports","13":"tag-tennis"},"share_on_mastodon":{"url":"https:\/\/pubeurope.com\/@fr\/115928755236869760","error":""},"_links":{"self":[{"href":"https:\/\/www.europesays.com\/fr\/wp-json\/wp\/v2\/posts\/677257","targetHints":{"allow":["GET"]}}],"collection":[{"href":"https:\/\/www.europesays.com\/fr\/wp-json\/wp\/v2\/posts"}],"about":[{"href":"https:\/\/www.europesays.com\/fr\/wp-json\/wp\/v2\/types\/post"}],"author":[{"embeddable":true,"href":"https:\/\/www.europesays.com\/fr\/wp-json\/wp\/v2\/users\/2"}],"replies":[{"embeddable":true,"href":"https:\/\/www.europesays.com\/fr\/wp-json\/wp\/v2\/comments?post=677257"}],"version-history":[{"count":0,"href":"https:\/\/www.europesays.com\/fr\/wp-json\/wp\/v2\/posts\/677257\/revisions"}],"wp:featuredmedia":[{"embeddable":true,"href":"https:\/\/www.europesays.com\/fr\/wp-json\/wp\/v2\/media\/677258"}],"wp:attachment":[{"href":"https:\/\/www.europesays.com\/fr\/wp-json\/wp\/v2\/media?parent=677257"}],"wp:term":[{"taxonomy":"category","embeddable":true,"href":"https:\/\/www.europesays.com\/fr\/wp-json\/wp\/v2\/categories?post=677257"},{"taxonomy":"post_tag","embeddable":true,"href":"https:\/\/www.europesays.com\/fr\/wp-json\/wp\/v2\/tags?post=677257"}],"curies":[{"name":"wp","href":"https:\/\/api.w.org\/{rel}","templated":true}]}}