{"id":677269,"date":"2026-01-20T18:15:13","date_gmt":"2026-01-20T18:15:13","guid":{"rendered":"https:\/\/www.europesays.com\/fr\/677269\/"},"modified":"2026-01-20T18:15:13","modified_gmt":"2026-01-20T18:15:13","slug":"billie-eilish-denonce-les-rafles-et-exactions-de-lice-en-recevant-un-prix-pour-la-justice-environnementale","status":"publish","type":"post","link":"https:\/\/www.europesays.com\/fr\/677269\/","title":{"rendered":"Billie Eilish d\u00e9nonce les rafles et exactions de l\u2019ICE en recevant un prix pour la justice environnementale"},"content":{"rendered":"<p>Billie Eilish s\u2019est jointe \u00e0 d\u2019autres stars, comme Bruce Springsteen et Mark Ruffalo, d\u00e9non\u00e7ant les exactions de la police f\u00e9d\u00e9rale de l\u2019immigration aux \u00c9tats-Unis, l<a href=\"https:\/\/www.20minutes.fr\/monde\/etats-unis\/4195619-20260114-etats-unis-ice-police-americaine-anti-immigration-fait-penser-principe-allemagne-1933\" target=\"_blank\" class=\"c-link c-link--is-underlined\" rel=\"noopener\">\u2019ICE<\/a>, sous l\u2019administration de Donald Trump. <a href=\"https:\/\/www.20minutes.fr\/arts-stars\/people\/4185677-20251114-billie-eilish-tacle-pathetique-elon-musk-soutenir-fascisme-non-plus-demunis\" target=\"_blank\" class=\"c-link c-link--is-underlined\" rel=\"noopener\">La chanteuse<\/a> de 24 ans s\u2019est vu remettre ce week-end le prix de la justice environnementale par les Martin Luther King Jr Beloved Community Awards pour son engagement dans la protection de l\u2019environnement, notamment marqu\u00e9 l\u2019an dernier par son projet de don d\u201911,5\u00a0millions de dollars \u00e0 des organisations environnementales.<\/p>\n<p>Or, dans son discours de remerciements, la chanteuse de Birds of a Feather a partag\u00e9 ses sentiments mitig\u00e9s sur le moment en raison \u00ab\u00a0de l\u2019\u00e9tat de notre pays et du monde en ce moment\u00a0\u00bb, comme l\u2019a rapport\u00e9 <a href=\"https:\/\/www.hollywoodreporter.com\/news\/politics-news\/billie-eilish-speaks-out-against-ice-mlk-jr-award-1236477843\/\" rel=\"nofollow noopener\" target=\"_blank\" class=\"c-link c-link--is-underlined\">The Hollywood Reporter<\/a>. \u00ab\u00a0C\u2019est tr\u00e8s \u00e9trange d\u2019\u00eatre c\u00e9l\u00e9br\u00e9e pour son travail en faveur de la justice environnementale \u00e0 un moment o\u00f9 cela semble moins r\u00e9alisable que jamais \u00e9tant donn\u00e9 l\u2019\u00e9tat de notre pays et du monde en ce moment\u00a0\u00bb, a-t-elle soulev\u00e9.<\/p>\n<p>Une artiste engag\u00e9e<\/p>\n<p>Au-del\u00e0 de la question environnementale, <a href=\"https:\/\/www.20minutes.fr\/arts-stars\/culture\/musique\/4193524-20251229-meilleurs-vendeurs-albums-annee-2025-spoiler-beaucoup-hommes\" target=\"_blank\" class=\"c-link c-link--is-underlined\" rel=\"noopener\">Billie Eilish<\/a> n\u2019a pas cach\u00e9 ses inqui\u00e9tudes vis-\u00e0-vis des rafles de l\u2019ICE et des violences qui ont \u00e9merg\u00e9 par endroits, notamment deux semaines plus t\u00f4t \u00e0 Minneapolis, dans le Minnesota, o\u00f9 <a href=\"https:\/\/www.20minutes.fr\/monde\/etats-unis\/4195181-20260109-etats-unis-renee-good-abattue-minnesota-police-immigration\" target=\"_blank\" class=\"c-link c-link--is-underlined\" rel=\"noopener\">Renee Nicole Good<\/a>, une m\u00e8re de famille, a \u00e9t\u00e9 abattue par un agent. \u00ab\u00a0Nous voyons nos voisins se faire kidnapper, des manifestants pacifiques se faire agresser et assassiner, nos droits civiques se faire d\u00e9pouiller\u00a0\u00bb, a lanc\u00e9 la chanteuse.<\/p>\n<p>Accabl\u00e9e, Billie Eilish a ajout\u00e9\u00a0: \u00ab\u00a0Il est vraiment difficile de c\u00e9l\u00e9brer cela lorsque nous ne nous sentons plus en s\u00e9curit\u00e9 dans nos propres maisons ou dans nos rues\u00a0\u00bb, avant de mentionner sur un ton plus optimiste les \u00ab\u00a0histoires\u00a0\u00bb et \u00ab\u00a0personnes\u00a0\u00bb qui l\u2019inspirent. Ce n\u2019est pas la premi\u00e8re fois que l\u2019artiste profite d\u2019un \u00e9v\u00e8nement de ce type pour faire part de ces convictions et de son engagement. En octobre dernier, lors des Innovator Awards du Wall Street Journal, qui lui ont aussi remis un prix, la star a exhort\u00e9 les \u00ab\u00a0milliardaires\u00a0\u00bb \u00e0 utiliser leur argent \u00ab\u00a0\u00e0 bon escient\u00a0\u00bb et dans l\u2019int\u00e9r\u00eat de ceux \u00ab\u00a0qui en ont besoin\u00a0\u00bb.<\/p>\n<p>Plus r\u00e9cemment, Billie Eilish a re\u00e7u les critiques du minist\u00e8re am\u00e9ricain de l\u2019Int\u00e9rieur apr\u00e8s avoir qualifi\u00e9 dans ses Stories Instagram l\u2019ICE de \u00ab\u00a0groupe terroriste\u00a0\u00bb. Une repr\u00e9sentante a jug\u00e9 ses propos \u00ab\u00a0fallacieux\u00a0\u00bb, selon <a href=\"https:\/\/www.billboard.com\/music\/music-news\/ice-billie-eilish-posts-minnesota-shooting-reaction-1236152588\/\" rel=\"nofollow noopener\" target=\"_blank\" class=\"c-link c-link--is-underlined\">Billboard<\/a>, assurant notamment, comme le vice-pr\u00e9sident JD Vance, que l\u2019agent responsable de <a href=\"https:\/\/www.20minutes.fr\/monde\/4195329-20260110-etats-unis-elus-habitants-minneapolis-decolerent-apres-mort-femme-tuee-agent-ice\" target=\"_blank\" class=\"c-link c-link--is-underlined\" rel=\"noopener\">la mort de Renee Nicole Good<\/a> avait agi par l\u00e9gitime d\u00e9fense.<\/p>\n","protected":false},"excerpt":{"rendered":"Billie Eilish s\u2019est jointe \u00e0 d\u2019autres stars, comme Bruce Springsteen et Mark Ruffalo, d\u00e9non\u00e7ant les exactions de la&hellip;\n","protected":false},"author":2,"featured_media":677270,"comment_status":"","ping_status":"","sticky":false,"template":"","format":"standard","meta":{"footnotes":""},"categories":[1355],"tags":[11936,23078,58,75,59,73,1011,27,2440,46666,32194,1361,873,973],"class_list":{"0":"post-677269","1":"post","2":"type-post","3":"status-publish","4":"format-standard","5":"has-post-thumbnail","7":"category-musique","8":"tag-billie-eilish","9":"tag-bruce-springsteen","10":"tag-divertissement","11":"tag-donald-trump","12":"tag-entertainment","13":"tag-etats-unis","14":"tag-fr","15":"tag-france","16":"tag-instagram","17":"tag-mark-ruffalo","18":"tag-minneapolis","19":"tag-music","20":"tag-musique","21":"tag-people"},"share_on_mastodon":{"url":"https:\/\/pubeurope.com\/@fr\/115928794652602236","error":""},"_links":{"self":[{"href":"https:\/\/www.europesays.com\/fr\/wp-json\/wp\/v2\/posts\/677269","targetHints":{"allow":["GET"]}}],"collection":[{"href":"https:\/\/www.europesays.com\/fr\/wp-json\/wp\/v2\/posts"}],"about":[{"href":"https:\/\/www.europesays.com\/fr\/wp-json\/wp\/v2\/types\/post"}],"author":[{"embeddable":true,"href":"https:\/\/www.europesays.com\/fr\/wp-json\/wp\/v2\/users\/2"}],"replies":[{"embeddable":true,"href":"https:\/\/www.europesays.com\/fr\/wp-json\/wp\/v2\/comments?post=677269"}],"version-history":[{"count":0,"href":"https:\/\/www.europesays.com\/fr\/wp-json\/wp\/v2\/posts\/677269\/revisions"}],"wp:featuredmedia":[{"embeddable":true,"href":"https:\/\/www.europesays.com\/fr\/wp-json\/wp\/v2\/media\/677270"}],"wp:attachment":[{"href":"https:\/\/www.europesays.com\/fr\/wp-json\/wp\/v2\/media?parent=677269"}],"wp:term":[{"taxonomy":"category","embeddable":true,"href":"https:\/\/www.europesays.com\/fr\/wp-json\/wp\/v2\/categories?post=677269"},{"taxonomy":"post_tag","embeddable":true,"href":"https:\/\/www.europesays.com\/fr\/wp-json\/wp\/v2\/tags?post=677269"}],"curies":[{"name":"wp","href":"https:\/\/api.w.org\/{rel}","templated":true}]}}