{"id":677309,"date":"2026-01-20T18:38:13","date_gmt":"2026-01-20T18:38:13","guid":{"rendered":"https:\/\/www.europesays.com\/fr\/677309\/"},"modified":"2026-01-20T18:38:13","modified_gmt":"2026-01-20T18:38:13","slug":"rennes-un-pedocriminel-recidiviste-remis-en-liberte-apres-une-erreur-judiciaire","status":"publish","type":"post","link":"https:\/\/www.europesays.com\/fr\/677309\/","title":{"rendered":"Rennes : un p\u00e9docriminel r\u00e9cidiviste remis en libert\u00e9 apr\u00e8s une erreur judiciaire"},"content":{"rendered":"<p><img decoding=\"async\" class=\"\" style=\"width:100%;max-width:100%\" src=\"https:\/\/www.europesays.com\/fr\/wp-content\/uploads\/2026\/01\/Capture_d_e_cran_2026_01_20_a__19_13_151768932919055-format16by9.png\" alt=\"cour d'appel\"\/><\/p>\n<p>Le parlement de Bretagne, si\u00e8ge de la cour d&rsquo;appel de Rennes<\/p>\n<p>Cr\u00e9dit : capture d&rsquo;\u00e9cran Google Maps<\/p>\n<p>Incarc\u00e9r\u00e9 depuis 2022 \u00e0 Nantes, cet informaticien de 39 ans avait \u00e9t\u00e9 condamn\u00e9 fin 2024 \u00e0 une lourde peine pour des faits de viol incestueux et de diffusion d\u2019images p\u00e9dopornographiques. Ayant fait appel, il devait rester en d\u00e9tention provisoire jusqu\u2019\u00e0 son nouveau proc\u00e8s.<\/p>\n<p>Mais faute d\u2019une demande de prolongation exceptionnelle de d\u00e9tention, le parquet g\u00e9n\u00e9ral de Rennes n\u2019a pas saisi la chambre de l\u2019instruction dans les d\u00e9lais. L\u2019homme a ainsi quitt\u00e9 la prison le 27 d\u00e9cembre 2025, sans d\u00e9cision judiciaire sur le fond.<\/p>\n<p>Coupe d\u2019agressions sexuelles sur son enfant<\/p>\n<p>Le pr\u00e9venu n\u2019en \u00e9tait pas \u00e0 sa premi\u00e8re condamnation. Il avait d\u00e9j\u00e0 \u00e9t\u00e9 sanctionn\u00e9 \u00e0 plusieurs reprises pour des infractions li\u00e9es \u00e0 la consultation de contenus p\u00e9dopornographiques. Dans ce dossier, il a \u00e9t\u00e9 reconnu coupable d\u2019agressions sexuelles sur son propre enfant, \u00e2g\u00e9 de neuf mois au moment des faits, ainsi que de diffusion de contenus illicites sur le darknet.<\/p>\n<p>Son proc\u00e8s en appel doit se tenir \u00e0 partir de ce mercredi 21 au vendredi 23 janvier devant la cour d\u2019assises d\u2019appel de Rennes. Il s\u2019y pr\u00e9sentera libre, bien qu\u2019un contr\u00f4le judiciaire strict ait \u00e9t\u00e9 ordonn\u00e9 apr\u00e8s sa remise en libert\u00e9.<\/p>\n<p>Une mission d\u2019analyse lanc\u00e9e<\/p>\n<p>La lib\u00e9ration du condamn\u00e9 avant son proc\u00e8s a profond\u00e9ment choqu\u00e9 les parties civiles. Elles estiment que cette situation risque de modifier la perception du dossier lors des d\u00e9bats, notamment face aux jur\u00e9s, et de fragiliser la position des victimes dans une affaire jug\u00e9e d\u2019une extr\u00eame gravit\u00e9.<\/p>\n<p>Le parquet g\u00e9n\u00e9ral reconna\u00eet un dysfonctionnement et a confi\u00e9 \u00e0 un magistrat une mission d\u2019analyse afin d\u2019\u00e9viter qu\u2019un tel oubli ne se reproduise. Les autorit\u00e9s judiciaires invoquent un contexte de surcharge croissante des juridictions criminelles, marqu\u00e9 par l\u2019augmentation du nombre de dossiers et l\u2019allongement des d\u00e9lais de jugement.<\/p>\n","protected":false},"excerpt":{"rendered":"Le parlement de Bretagne, si\u00e8ge de la cour d&rsquo;appel de Rennes Cr\u00e9dit : capture d&rsquo;\u00e9cran Google Maps Incarc\u00e9r\u00e9&hellip;\n","protected":false},"author":2,"featured_media":677310,"comment_status":"","ping_status":"","sticky":false,"template":"","format":"standard","meta":{"footnotes":""},"categories":[2821],"tags":[1111,11,829,4073,9856,12444,1777,674,1011,27,651,766,12,10480,32329,584,25,1265],"class_list":{"0":"post-677309","1":"post","2":"type-post","3":"status-publish","4":"format-standard","5":"has-post-thumbnail","7":"category-rennes","8":"tag-actu","9":"tag-actualites","10":"tag-bretagne","11":"tag-condamnation","12":"tag-cour-dappel","13":"tag-erreur","14":"tag-eu","15":"tag-europe","16":"tag-fr","17":"tag-france","18":"tag-inceste","19":"tag-nantes","20":"tag-news","21":"tag-pedocriminel","22":"tag-pedopornographie","23":"tag-rennes","24":"tag-republique-francaise","25":"tag-viol"},"share_on_mastodon":{"url":"https:\/\/pubeurope.com\/@fr\/115928885139351655","error":""},"_links":{"self":[{"href":"https:\/\/www.europesays.com\/fr\/wp-json\/wp\/v2\/posts\/677309","targetHints":{"allow":["GET"]}}],"collection":[{"href":"https:\/\/www.europesays.com\/fr\/wp-json\/wp\/v2\/posts"}],"about":[{"href":"https:\/\/www.europesays.com\/fr\/wp-json\/wp\/v2\/types\/post"}],"author":[{"embeddable":true,"href":"https:\/\/www.europesays.com\/fr\/wp-json\/wp\/v2\/users\/2"}],"replies":[{"embeddable":true,"href":"https:\/\/www.europesays.com\/fr\/wp-json\/wp\/v2\/comments?post=677309"}],"version-history":[{"count":0,"href":"https:\/\/www.europesays.com\/fr\/wp-json\/wp\/v2\/posts\/677309\/revisions"}],"wp:featuredmedia":[{"embeddable":true,"href":"https:\/\/www.europesays.com\/fr\/wp-json\/wp\/v2\/media\/677310"}],"wp:attachment":[{"href":"https:\/\/www.europesays.com\/fr\/wp-json\/wp\/v2\/media?parent=677309"}],"wp:term":[{"taxonomy":"category","embeddable":true,"href":"https:\/\/www.europesays.com\/fr\/wp-json\/wp\/v2\/categories?post=677309"},{"taxonomy":"post_tag","embeddable":true,"href":"https:\/\/www.europesays.com\/fr\/wp-json\/wp\/v2\/tags?post=677309"}],"curies":[{"name":"wp","href":"https:\/\/api.w.org\/{rel}","templated":true}]}}