{"id":67734,"date":"2025-05-01T20:47:15","date_gmt":"2025-05-01T20:47:15","guid":{"rendered":"https:\/\/www.europesays.com\/fr\/67734\/"},"modified":"2025-05-01T20:47:15","modified_gmt":"2025-05-01T20:47:15","slug":"jaurais-du-suivre-mon-intuition","status":"publish","type":"post","link":"https:\/\/www.europesays.com\/fr\/67734\/","title":{"rendered":"J&rsquo;aurais d\u00fb suivre mon intuition"},"content":{"rendered":"<p>D\u00e9but avril, Raquel Garrido a cr\u00e9\u00e9 la surprise en int\u00e9grant le casting de <a href=\"https:\/\/www.programme-tv.net\/news\/tv\/373756-les-traitres-saison-4-date-de-diffusion-candidats-lieu-de-tournage-toutes-les-infos-sur-la-nouvelle-saison-du-jeu-de-m6\/\" data-api-deeplink=\"teleloisirs:\/\/news\/373756\" target=\"_blank\" rel=\"noopener\">la saison 4 des Tra\u00eetres<\/a> diffus\u00e9e sur M6. D\u00e8s son arriv\u00e9e dans l&rsquo;aventure, la femme politique et avocate s&rsquo;est av\u00e9r\u00e9e \u00eatre une joueuse hors pair, qui n&rsquo;a pas eu peur de s&rsquo;affirmer face aux autres candidats. Loyale jusqu&rsquo;au bout, <a href=\"https:\/\/www.programme-tv.net\/news\/societe\/303880-raquel-garrido-agressee-en-pleine-campagne-pour-les-legislatives-elle-porte-plainte\/\" data-api-deeplink=\"teleloisirs:\/\/news\/303880\" target=\"_blank\" rel=\"noopener\">l&rsquo;ancienne d\u00e9put\u00e9e de La France insoumise<\/a> a r\u00e9v\u00e9l\u00e9 que les tra\u00eetres lui avaient propos\u00e9 de rejoindre leur camp devant tous les autres candidats, en pleine table ronde, <a href=\"https:\/\/www.programme-tv.net\/news\/tv\/377058-du-jamais-vu-dans-les-traitres-raquel-garrido-fait-une-grande-annonce-qui-va-chambouler-le-jeu\/\" data-api-deeplink=\"teleloisirs:\/\/news\/377058\" target=\"_blank\" rel=\"noopener\">et a d\u00e9clin\u00e9 leur proposition<\/a>. Malheureusement pour elle, les tra\u00eetres ont per\u00e7u son refus comme un affront et l&rsquo;ont bannie en pleine nuit, dans l&rsquo;\u00e9pisode de ce jeudi 1er mai. Pour T\u00e9l\u00e9-Loisirs, Raquel Garrido est revenue sur son \u00e9limination et a confi\u00e9 son plus grand regret concernant la tra\u00eetre Sophie Tapie.<\/p>\n<p>\u00ab\u00a0J&rsquo;\u00e9tais trop une cible \u00e9vidente\u00a0\u00bb : Raquel Garrido r\u00e9agit \u00e0 son \u00e9limination dans la saison 4 des Tra\u00eetres<\/p>\n<p><b>T\u00e9l\u00e9-Loisirs<\/b><b> : Comment avez-vous r\u00e9agi lorsque les tra\u00eetres vous ont propos\u00e9 de les rejoindre ?<br \/>Raquel Garrido : <\/b>J\u2019\u00e9tais surprise parce que je pensais qu\u2019ils avaient compris que pour moi c\u2019\u00e9tait absolument r\u00e9dhibitoire. Mais je l\u2019ai aussi pris comme une reconnaissance du fait qu\u2019il consid\u00e9rait que je pouvais \u00eatre un plus \u00e0 leur \u00e9quipe. J\u2019ai \u00e9t\u00e9 surprise, j\u2019ai \u00e9t\u00e9 flatt\u00e9e, mais ce n\u2019\u00e9tait pas envisageable pour moi de les rejoindre.<\/p>\n<p><b>Est-ce que vous vous doutiez de l&rsquo;identit\u00e9 des tra\u00eetres ?<br \/><\/b>Je n\u2019ai fait que me tromper depuis le d\u00e9but. <b>Sophie Tapie, d\u00e8s le d\u00e9part, me semblait \u00eatre une tra\u00eetre tout \u00e0 fait possible<\/b>, mais d\u00e8s lors qu\u2019elle a \u00e9limin\u00e9 Logan il y avait quelque chose qui la prot\u00e9geait fondamentalement. Je n&rsquo;arrivais pas \u00e0 me convaincre qu\u2019une tra\u00eetre puisse \u00e9liminer un autre tra\u00eetre, mais j\u2019avais tort.<\/p>\n<p><b>Pourquoi avez-vous refus\u00e9 de rejoindre le camp des tra\u00eetres ?<br \/><\/b>Parce que je trouve qu\u2019il ne faut pas toujours \u00eatre du c\u00f4t\u00e9 de la trahison. Ce ne sont pas toujours les m\u00e9chants qui gagnent, il faut que de temps en temps ce soient les gentils qui gagnent. On est quand m\u00eame plus nombreux et logiquement si on est intelligents, si on est solidaires et si on est habiles, on doit pouvoir faire valoir le nombre de loyaux sur le nombre de tra\u00eetres. J\u2019avais cet engagement aupr\u00e8s de l\u2019\u00e9quipe des loyaux et je m\u2019y suis tenue du d\u00e9but \u00e0 la fin.<\/p>\n<p><b>Pourquoi avez-vous r\u00e9v\u00e9l\u00e9 la proposition des tra\u00eetres aux autres candidats ?<br \/><\/b>La moindre des choses \u00e9tait que je leur r\u00e9v\u00e8le. J\u2019ai quand m\u00eame mis une journ\u00e9e enti\u00e8re \u00e0 leur r\u00e9v\u00e9ler et c\u2019\u00e9tait pour moi extr\u00eamement difficile. Je voulais pendant cette journ\u00e9e-l\u00e0 pouvoir observer les tra\u00eetres, voir comment ils allaient se comporter en ne sachant pas si je n\u2019allais pas accepter. <b>Le fait d\u2019\u00eatre tenue au silence vis-\u00e0-vis de mes camarades a \u00e9t\u00e9 une sorte de torture pour moi<\/b> et \u00e0 la fin c\u2019\u00e9tait \u00e9vident que je devais leur dire aussi pour leur donner du baume au c\u0153ur parce qu\u2019ils \u00e9taient vraiment contents. \u00c0 ce moment-l\u00e0 du jeu, il y a eu une sorte de fr\u00e9n\u00e9sie, on a compris qu\u2019on pouvait \u00eatre forts d\u00e8s lors qu\u2019on \u00e9tait ensemble.<\/p>\n<p><b>Qu\u2019avez-vous ressenti au moment de votre \u00e9limination ?<br \/><\/b>J\u2019\u00e9tais \u00e9videmment triste de quitter le jeu, mais j\u2019\u00e9tais \u00e0 la fois vraiment reconnaissante d\u2019avoir pu rester aussi longtemps. <b>Sinc\u00e8rement, je ne pensais pas rester plus de 24 heures au d\u00e9part, parce que compte tenu de mon profil de militante politique et d\u2019avocate, j\u2019\u00e9tais trop une cible \u00e9vidente soit pour les tra\u00eetres, soit pour les loyaux<\/b>. C\u2019est un jeu dans lequel on a tr\u00e8s peu de mati\u00e8re pour travailler donc on s\u2019accroche \u00e0 des petites choses et une des choses \u00e0 laquelle on s&rsquo;attache beaucoup ce sont nos pr\u00e9jug\u00e9s. On va se dire que les acteurs comme Francis Huster et Terrence Telle, c\u2019est leur m\u00e9tier de nous faire croire n\u2019importe quoi, donc on se m\u00e9fie. Les champions, on se dit qu\u2019ils ont une avance sur nous dans le fait de ma\u00eetriser leurs \u00e9motions. Et puis, certains aussi jouent de leur personnage. Par exemple, Adil joue du pr\u00e9jug\u00e9 qu\u2019ont les gens qu&rsquo;il serait un peu simple, alors qu\u2019en fait il est tr\u00e8s intelligent. Me concernant, c\u2019est tellement \u00e9vident que les gens ne font pas confiance aux hommes et aux femmes politiques que je pensais vraiment ne pas rester plus de 24 heures. Jour apr\u00e8s jour, j\u2019ai \u00e9t\u00e9 moi-m\u00eame \u00e9tonn\u00e9e d\u2019\u00eatre encore au ch\u00e2teau et quand finalement les tra\u00eetres m\u2019ont \u00e9limin\u00e9e c\u2019\u00e9tait compr\u00e9hensible. C\u2019\u00e9tait clair pour tout le monde que j\u2019\u00e9tais loyale et pour eux le temps \u00e9tait venu, je peux le comprendre.<\/p>\n<p>                        \u00ab\u00a0J&rsquo;aurais d\u00fb \u00eatre plus m\u00e9fiante\u00a0\u00bb : Raquel Garrido (Les Tra\u00eetres saison 4) raconte comment Sophie Tapie a r\u00e9ussi \u00e0 la berner<\/p>\n<p><b>Comment avez-vous r\u00e9agi en d\u00e9couvrant l&rsquo;identit\u00e9 des tra\u00eetres, Adil Rami, Sophie Tapie et Liane Foly ?<br \/><\/b>Finalement, je me suis dit que c\u2019\u00e9tait \u00e9vident. C\u2019\u00e9tait tellement \u00e9vident. Je me suis moi-m\u00eame prise dans un aveuglement. <b>Sophie Tapie et Adil Rami sont des personnalit\u00e9s extr\u00eamement charismatiques et Liane Foly aussi \u00e9videmment<\/b>. Je me suis auto-intoxiqu\u00e9e, je n\u2019ai pas os\u00e9 accuser avec beaucoup d\u2019aplomb, avec beaucoup de conviction, qui que ce soit.<\/p>\n<p><b>Avec le recul, est-ce vous regrettez votre refus de ne pas avoir rejoint les tra\u00eetres ?<br \/><\/b>Je ne regrette pas. Bien s\u00fbr, j\u2019aurais pr\u00e9f\u00e9r\u00e9 gagner pour mon association, Le Secours Populaire de Bobigny, c\u2019est un regret pour moi. Mais je ne regrette pas d\u2019avoir \u00e9tabli une r\u00e8gle de conduite avec les loyaux et de m\u2019y \u00eatre tenue. \u00c7a n\u2019\u00e9tait jamais arriv\u00e9 dans l\u2019histoire du jeu, c\u2019est vraiment quelque chose qui a surpris tout le monde, qui a surpris les t\u00e9l\u00e9spectateurs, et je pense que c\u2019\u00e9tait bien aussi. Je suis fi\u00e8re d\u2019avoir tenu cette position en toute loyaut\u00e9.<\/p>\n<p><b>Si vous aviez accept\u00e9 d&rsquo;\u00eatre tra\u00eetre, auriez-vous pu collaborer avec Sophie Tapie, qui est assez autoritaire ?<br \/><\/b>Je pense qu\u2019on aurait \u00e9t\u00e9 imbattables toutes les deux ensemble, on aurait \u00e9t\u00e9 un duo de choc. Mais on a des personnalit\u00e9s fortes toutes les deux et \u00e0 la fin c\u2019est s\u00fbr que les loyaux nous auraient soup\u00e7onn\u00e9es donc peut-\u00eatre que c\u2019\u00e9tait mieux ainsi.<\/p>\n<p><b>Globalement, comment s&rsquo;est pass\u00e9 le tournage avec Sophie Tapie ?<br \/><\/b>Tr\u00e8s agr\u00e9able. Elle \u00e9tait en famille. Elle parle facilement de son histoire, de l\u2019histoire de sa famille, de ses passions. Et puis, toutes les deux on aime beaucoup la musique, on aime beaucoup chanter et comme il y avait un piano sur place, dans les temps morts on faisait un petit b\u0153uf et on chantait. On a vraiment tous sympathis\u00e9, on garde des liens et je pense que je garderai ces liens le plus longtemps possible.<\/p>\n<p><b>Avez-vous des regrets concernant votre mani\u00e8re de jouer ?<br \/>J\u2019aurais d\u00fb davantage suivre mon intuition \u00e0 propos de Sophie<\/b>. Elle m\u2019a vraiment tr\u00e8s habilement s\u00e9duite, elle est rest\u00e9e tr\u00e8s coll\u00e9e \u00e0 moi et elle m\u2019a aveugl\u00e9e. J\u2019aurais d\u00fb \u00eatre plus m\u00e9fiante, notamment avec le jeu de l\u2019\u00e9criture. Je n\u2019aurais pas d\u00fb le dire, j\u2019ai \u00e9t\u00e9 candide parce que je parlais quand l\u2019id\u00e9e me venait. Je me suis souvenue de l\u2019\u00e9criture, je me suis mise \u00e0 la d\u00e9crire avec des lettres rondes etc. Mais j\u2019aurais d\u00fb me taire, j\u2019aurais d\u00fb garder \u00e7a secret. \u00c7a, c\u2019est vraiment mon principal regret. <b>C\u2019est une erreur de jeu qui s\u2019est av\u00e9r\u00e9e fatale<\/b>.<\/p>\n","protected":false},"excerpt":{"rendered":"D\u00e9but avril, Raquel Garrido a cr\u00e9\u00e9 la surprise en int\u00e9grant le casting de la saison 4 des Tra\u00eetres&hellip;\n","protected":false},"author":2,"featured_media":67735,"comment_status":"","ping_status":"","sticky":false,"template":"","format":"standard","meta":{"footnotes":""},"categories":[1356],"tags":[244,58,59,1011,27,2173,1383,494,7320,1199,252,1364,1630],"class_list":{"0":"post-67734","1":"post","2":"type-post","3":"status-publish","4":"format-standard","5":"has-post-thumbnail","7":"category-television","8":"tag-commentaire","9":"tag-divertissement","10":"tag-entertainment","11":"tag-fr","12":"tag-france","13":"tag-interview","14":"tag-les-trau00eetres","15":"tag-m6","16":"tag-raquel-garrido","17":"tag-sophie-tapie","18":"tag-television","19":"tag-tv","20":"tag-zapping"},"share_on_mastodon":{"url":"https:\/\/pubeurope.com\/@fr\/114434542749101125","error":""},"_links":{"self":[{"href":"https:\/\/www.europesays.com\/fr\/wp-json\/wp\/v2\/posts\/67734","targetHints":{"allow":["GET"]}}],"collection":[{"href":"https:\/\/www.europesays.com\/fr\/wp-json\/wp\/v2\/posts"}],"about":[{"href":"https:\/\/www.europesays.com\/fr\/wp-json\/wp\/v2\/types\/post"}],"author":[{"embeddable":true,"href":"https:\/\/www.europesays.com\/fr\/wp-json\/wp\/v2\/users\/2"}],"replies":[{"embeddable":true,"href":"https:\/\/www.europesays.com\/fr\/wp-json\/wp\/v2\/comments?post=67734"}],"version-history":[{"count":0,"href":"https:\/\/www.europesays.com\/fr\/wp-json\/wp\/v2\/posts\/67734\/revisions"}],"wp:featuredmedia":[{"embeddable":true,"href":"https:\/\/www.europesays.com\/fr\/wp-json\/wp\/v2\/media\/67735"}],"wp:attachment":[{"href":"https:\/\/www.europesays.com\/fr\/wp-json\/wp\/v2\/media?parent=67734"}],"wp:term":[{"taxonomy":"category","embeddable":true,"href":"https:\/\/www.europesays.com\/fr\/wp-json\/wp\/v2\/categories?post=67734"},{"taxonomy":"post_tag","embeddable":true,"href":"https:\/\/www.europesays.com\/fr\/wp-json\/wp\/v2\/tags?post=67734"}],"curies":[{"name":"wp","href":"https:\/\/api.w.org\/{rel}","templated":true}]}}