{"id":677365,"date":"2026-01-20T19:08:12","date_gmt":"2026-01-20T19:08:12","guid":{"rendered":"https:\/\/www.europesays.com\/fr\/677365\/"},"modified":"2026-01-20T19:08:12","modified_gmt":"2026-01-20T19:08:12","slug":"devant-le-parlement-europeen-des-heurts-entre-agriculteurs-en-colere-et-forces-de-lordre","status":"publish","type":"post","link":"https:\/\/www.europesays.com\/fr\/677365\/","title":{"rendered":"Devant le Parlement europ\u00e9en, des heurts entre agriculteurs en col\u00e8re et forces de l\u2019ordre"},"content":{"rendered":"\n<p class=\"asset asset-text\" data-lettrine=\"\">\u00ab\u00a0Qu\u2019on arr\u00eate d\u2019importer des cochonneries \u00e0 moindre co\u00fbt\u00a0!\u00a0\u00bb Fumig\u00e8nes ou drapeaux \u00e0 la main, des milliers d\u2019agriculteurs venus des quatre coins de l\u2019Europe ont manifest\u00e9 mardi 20\u00a0janvier devant le Parlement europ\u00e9en \u00e0 Strasbourg contre <a href=\"https:\/\/www.huffingtonpost.fr\/life\/article\/meme-si-elles-sont-minoritaires-il-y-a-probablement-deja-des-viandes-du-mercosur-dans-vos-assiettes_259290.html\" target=\"_blank\" rel=\"noopener\">l\u2019accord de libre-\u00e9change avec le Mercosur<\/a>, \u00e0 la veille d\u2019un vote des eurod\u00e9put\u00e9s sur une \u00e9ventuelle saisine de la justice.<\/p>\n<p class=\"asset asset-text\">Fran\u00e7ais en majorit\u00e9 mais aussi Italiens, Belges ou encore Polonais, ils ont rejoint le b\u00e2timent en fin de matin\u00e9e, parfois en tracteur. \u00c0 la mi-journ\u00e9e, la police estimait qu\u2019ils \u00e9taient plus de 5500 personnes. Dans l\u2019apr\u00e8s-midi, l\u2019ambiance s\u2019est tendue, des manifestants jetant des fumig\u00e8nes, des bouteilles et des fruits vers les CRS qui ont r\u00e9pliqu\u00e9 \u00e0 coups de grenades lacrymog\u00e8nes, <strong>comme vous pouvez le voir dans la vid\u00e9o en t\u00eate d\u2019article<\/strong>. Sur place, Le HuffPost a pu filmer ces heurts et r\u00e9colter quelques t\u00e9moignages d\u2019agriculteurs en col\u00e8re.<\/p>\n<p class=\"asset asset-text\">Les parlementaires ne se prononceront sur l\u2019ensemble de l\u2019accord avec le Mercosur que dans les prochains mois mais ils sont appel\u00e9s \u00e0 s\u2019exprimer mercredi sur une \u00e9ventuelle saisine de la Cour de justice de l\u2019Union europ\u00e9enne (CJUE). En cas de vote positif, la CJUE \u00e9tudiera la compatibilit\u00e9 de l\u2019accord avec les trait\u00e9s. Si l\u2019avis de la cour est n\u00e9gatif, l\u2019accord ne pourra entrer en vigueur que s\u2019il est modifi\u00e9.<\/p>\n<p>    Les eurod\u00e9put\u00e9s divis\u00e9s    <\/p>\n<p class=\"asset asset-text\">\u00ab\u00a0C\u2019est aux parlementaires (europ\u00e9ens) \u00e0 d\u00e9cider maintenant de saisir la Cour de justice europ\u00e9enne\u00a0\u00bb a dit sur TF1 la ministre de l\u2019Agriculture <a href=\"https:\/\/www.huffingtonpost.fr\/politique\/article\/annie-genevard-et-l-executif-veulent-eviter-d-alimenter-la-colere-des-agriculteurs-avec-le-mercosur_258230.html\" target=\"_blank\" rel=\"noopener\">Annie Genevard<\/a>, esp\u00e9rant que \u00ab\u00a0cette d\u00e9marche ira \u00e0 son terme\u00a0\u00bb.<\/p>\n<p class=\"asset asset-text\">\u00ab\u00a0On veut que les eurod\u00e9put\u00e9s fassent leur boulot, qu\u2019ils fassent appel \u00e0 la cour, pour que l\u2019accord soit r\u00e9\u00e9tudi\u00e9\u00a0\u00bb, a d\u00e9clar\u00e9 \u00e0 l\u2019AFP Emmanuelle Poirier, 45\u00a0ans. Elle qui \u00e9l\u00e8ve des vaches limousines dans la Creuse craint \u00ab\u00a0l\u2019importation massive de viande qui ne correspond pas au cahier des charges en France\u00a0\u00bb.<\/p>\n<p class=\"asset asset-text\">Au sein m\u00eame des groupes politiques, les eurod\u00e9put\u00e9s sont divis\u00e9s. \u00ab\u00a0Nous sommes en train de travailler, voix par voix, \u00e9lu par \u00e9lu, d\u00e9put\u00e9 par d\u00e9put\u00e9 \u00e0 faire cette majorit\u00e9 dont nous avons besoin pour stopper (l\u2019accord avec) le Mercosur lors du vote de demain\u00a0\u00bb, a d\u00e9clar\u00e9 Fran\u00e7ois-Xavier Bellamy, membre du PPE (droite).<\/p>\n<p class=\"asset asset-text\">Les agriculteurs ont pr\u00e9vu de rester \u00e0 Strasbourg jusqu\u2019\u00e0 mercredi. \u00ab\u00a0On se battra jusqu\u2019au bout\u00a0\u00bb a martel\u00e9 Pierrick Horel, pr\u00e9sident des Jeunes Agriculteurs.<\/p>\n<p>                     Motion de censure contre von der Leyen    <\/p>\n<p class=\"asset asset-text\">N\u00e9goci\u00e9 depuis 1999, l\u2019accord avec le Mercosur a \u00e9t\u00e9 soutenu par une majorit\u00e9 d\u2019\u00c9tats. La France s\u2019y est oppos\u00e9e. Ce texte cr\u00e9e l\u2019une des plus grandes zones de libre-\u00e9change au monde entre l\u2019Union europ\u00e9enne, le Br\u00e9sil, l\u2019Argentine, le Paraguay et l\u2019Uruguay, soit plus de 700\u00a0millions de consommateurs.<\/p>\n<p class=\"asset asset-text\">Il doit permettre \u00e0 l\u2019UE d\u2019exporter davantage de voitures, machines, vins et spiritueux vers l\u2019Am\u00e9rique latine tout en facilitant l\u2019entr\u00e9e en Europe de viande bovine, sucre, riz, miel et soja sud-am\u00e9ricains.<\/p>\n<p class=\"asset asset-text\">Pour ses d\u00e9tracteurs, cela va bousculer l\u2019agriculture europ\u00e9enne avec des produits import\u00e9s moins chers et pas forc\u00e9ment respectueux des normes de l\u2019UE, faute de contr\u00f4les suffisants.<\/p>\n<p class=\"asset asset-text\">Jeudi, les eurod\u00e9put\u00e9s seront amen\u00e9s \u00e0 voter cette fois sur une motion de censure \u00e0 l\u2019encontre d\u2019Ursula von\u00a0der\u00a0Leyen, une d\u00e9marche \u00e0 l\u2019initiative du groupe d\u2019extr\u00eame droite des Patriotes pour l\u2019Europe, qui a peu de chances de succ\u00e8s.<\/p>\n<p class=\"asset asset-text\">Ailleurs en France, la mobilisation des agriculteurs se poursuit aussi\u00a0: une cinquantaine de membres de la Coordination rurale ont men\u00e9 dans la nuit une op\u00e9ration \u00ab\u00a0coup de poing\u00a0\u00bb contre un entrep\u00f4t logistique Syst\u00e8me U dans l\u2019H\u00e9rault, a indiqu\u00e9 la pr\u00e9fecture, condamnant des \u00ab\u00a0actions ill\u00e9gales\u00a0\u00bb.<\/p>\n","protected":false},"excerpt":{"rendered":"\u00ab\u00a0Qu\u2019on arr\u00eate d\u2019importer des cochonneries \u00e0 moindre co\u00fbt\u00a0!\u00a0\u00bb Fumig\u00e8nes ou drapeaux \u00e0 la main, des milliers d\u2019agriculteurs venus&hellip;\n","protected":false},"author":2,"featured_media":677366,"comment_status":"","ping_status":"","sticky":false,"template":"","format":"standard","meta":{"footnotes":""},"categories":[1586],"tags":[11,327,1777,674,1779,1011,27,2088,21426,12,2532,25,1778,364],"class_list":{"0":"post-677365","1":"post","2":"type-post","3":"status-publish","4":"format-standard","5":"has-post-thumbnail","7":"category-europe","8":"tag-actualites","9":"tag-agriculture","10":"tag-eu","11":"tag-europe","12":"tag-european-union","13":"tag-fr","14":"tag-france","15":"tag-manifestation","16":"tag-mercosur","17":"tag-news","18":"tag-nos-videos","19":"tag-republique-francaise","20":"tag-ue","21":"tag-union-europeenne"},"share_on_mastodon":{"url":"https:\/\/pubeurope.com\/@fr\/115929003436735161","error":""},"_links":{"self":[{"href":"https:\/\/www.europesays.com\/fr\/wp-json\/wp\/v2\/posts\/677365","targetHints":{"allow":["GET"]}}],"collection":[{"href":"https:\/\/www.europesays.com\/fr\/wp-json\/wp\/v2\/posts"}],"about":[{"href":"https:\/\/www.europesays.com\/fr\/wp-json\/wp\/v2\/types\/post"}],"author":[{"embeddable":true,"href":"https:\/\/www.europesays.com\/fr\/wp-json\/wp\/v2\/users\/2"}],"replies":[{"embeddable":true,"href":"https:\/\/www.europesays.com\/fr\/wp-json\/wp\/v2\/comments?post=677365"}],"version-history":[{"count":0,"href":"https:\/\/www.europesays.com\/fr\/wp-json\/wp\/v2\/posts\/677365\/revisions"}],"wp:featuredmedia":[{"embeddable":true,"href":"https:\/\/www.europesays.com\/fr\/wp-json\/wp\/v2\/media\/677366"}],"wp:attachment":[{"href":"https:\/\/www.europesays.com\/fr\/wp-json\/wp\/v2\/media?parent=677365"}],"wp:term":[{"taxonomy":"category","embeddable":true,"href":"https:\/\/www.europesays.com\/fr\/wp-json\/wp\/v2\/categories?post=677365"},{"taxonomy":"post_tag","embeddable":true,"href":"https:\/\/www.europesays.com\/fr\/wp-json\/wp\/v2\/tags?post=677365"}],"curies":[{"name":"wp","href":"https:\/\/api.w.org\/{rel}","templated":true}]}}