{"id":677602,"date":"2026-01-20T21:25:15","date_gmt":"2026-01-20T21:25:15","guid":{"rendered":"https:\/\/www.europesays.com\/fr\/677602\/"},"modified":"2026-01-20T21:25:15","modified_gmt":"2026-01-20T21:25:15","slug":"les-relations-entre-les-etats-unis-et-leurope-entrent-dans-une-phase-tres-difficile-reconnait-roland-lescure","status":"publish","type":"post","link":"https:\/\/www.europesays.com\/fr\/677602\/","title":{"rendered":"Les relations entre les \u00c9tats-Unis et l\u2019Europe entrent dans une phase \u00abtr\u00e8s difficile\u00bb, reconna\u00eet Roland Lescure"},"content":{"rendered":"<p>\n    Le minist\u00e8re fran\u00e7ais de l\u2019\u00c9conomie a toutefois appel\u00e9 \u00e0 \u00abmontrer nos armes\u00bb face \u00e0 l\u2019agressivit\u00e9 sans pr\u00e9c\u00e9dent de notre alli\u00e9 historique.<\/p>\n<p class=\"fig-paragraph\">Le ministre de l\u2019\u00c9conomie,\u00a0<a href=\"http:\/\/www.lefigaro.fr\/conjoncture\/roland-lescure-au-figaro-le-compromis-budgetaire-ne-doit-pas-se-faire-sur-le-dos-des-entreprises-20251116\" data-fig-type=\"Article\" data-gtm-custom-categorie=\"navigation\" data-gtm-custom-action=\"crossclick\" data-gtm-custom-label=\"Contextuel\" data-gtm-event=\"customEventSPE\" data-fig-domain=\"LEFIGARO\" target=\"_blank\" rel=\"noopener\">Roland Lescure<\/a>, ne s\u2019en cache pas\u00a0: la longue amiti\u00e9 qui lie la France aux \u00c9tats-Unis est entr\u00e9e dans une phase de rupture douloureuse. \u00abCette ann\u00e9e, \u00e7a fait 250 ans qu\u2019on est amis avec les \u00c9tats-Unis. Aujourd\u2019hui, c\u2019est tr\u00e8s difficile, je ne vous le cacherai pas\u00bb, a-t-il reconnu ce mardi soir sur le plateau de France 2. Ces d\u00e9clarations interviennent alors que le pr\u00e9sident am\u00e9ricain Donald Trump a menac\u00e9, samedi, les pays europ\u00e9ens refusant de lui c\u00e9der le Groenland de\u00a0<a href=\"http:\/\/www.lefigaro.fr\/societes\/nous-avons-appris-a-vivre-dans-ce-brouillard-les-entreprises-francaises-resistent-aux-droits-de-douane-de-donald-trump-20260120\" data-fig-type=\"Article\" data-gtm-custom-categorie=\"navigation\" data-gtm-custom-action=\"crossclick\" data-gtm-custom-label=\"Contextuel\" data-gtm-event=\"customEventSPE\" data-fig-domain=\"LEFIGARO\" target=\"_blank\" rel=\"noopener\">droits de douane suppl\u00e9mentaires.<\/a><\/p>\n<p class=\"fig-paragraph\">Pour Roland Lescure, c\u2019est d\u00e9sormais l\u2019ensemble de l\u2019architecture des relations internationales qui est menac\u00e9. \u00abOn fait face \u00e0 un risque de basculement de l\u2019ordre international et \u00e9conomique mondial tel qu\u2019on le conna\u00eet depuis 80 ans\u00bb, met-il en garde. Il cite notamment l\u2019ONU, le FMI ou encore le G7, des institutions con\u00e7ues pour permettre la n\u00e9gociation et la discussion \u00aben toute franchise dans un cadre apais\u00e9\u00bb, aujourd\u2019hui remises en cause aussi bien par P\u00e9kin et Moscou que, d\u00e9sormais, par Washington.<\/p>\n<p>                                            <a class=\"fig-a11y-skip\" href=\"#fig-a11y-skip-main-inarticle\" data-module=\"a11y-skip\" data-context=\"was @visible\"><br \/>\n    Passer la publicit\u00e9<br \/>\n<\/a>            <\/p>\n<p>                                            \u00abDes armes, on en a\u00bb<\/p>\n<p class=\"fig-paragraph\">\u00c9voquant les coups de boutoir douaniers du pr\u00e9sident am\u00e9ricain contre l\u2019Europe, le ministre souligne une rupture historique\u00a0: \u00abC\u2019est la premi\u00e8re fois qu\u2019on utilise des droits de douane pour des raisons g\u00e9opolitiques, qui plus est contre un alli\u00e9.\u00bb Face \u00e0 cette hostilit\u00e9, l\u2019Europe dispose toutefois de leviers, estime-t-il. \u00abL\u2019Europe, c\u2019est aujourd\u2019hui une puissance insoup\u00e7onn\u00e9e, qui s\u2019ignore un peu\u00bb, affirme Roland Lescure, rappelant qu\u2019elle constitue \u00able plus grand march\u00e9 du monde\u00bb. Et d\u2019appeler \u00e0 ne pas craindre d\u2019assumer le rapport de force\u00a0: \u00abIl faut pouvoir montrer nos armes. Et des armes, on en a.\u00bb<\/p>\n<p class=\"fig-paragraph\">\u00abIl faut \u00e0 la fois \u00eatre tr\u00e8s ferme, montrer qu\u2019on a les moyens de r\u00e9agir et continuer \u00e0 \u00eatre engag\u00e9s\u00bb, conclut-il. Une ligne que le pr\u00e9sident de la R\u00e9publique, Emmanuel Macron, tente de mettre en \u0153uvre en proposant notamment la tenue d\u2019un sommet du G7 afin de discuter des d\u00e9saccords profonds de part et d\u2019autre de l\u2019Atlantique. Donald Trump a toutefois d\u2019ores et d\u00e9j\u00e0 d\u00e9clin\u00e9 l\u2019invitation, ce mardi soir, livrant au passage, \u00e0 propos du chef de l\u2019\u00c9tat fran\u00e7ais, un jugement aussi abrupt qu\u2019imparable\u00a0: \u00abC\u2019est un ami, mais il n\u2019est plus l\u00e0 pour tr\u00e8s longtemps\u00bb.<\/p>\n","protected":false},"excerpt":{"rendered":"Le minist\u00e8re fran\u00e7ais de l\u2019\u00c9conomie a toutefois appel\u00e9 \u00e0 \u00abmontrer nos armes\u00bb face \u00e0 l\u2019agressivit\u00e9 sans pr\u00e9c\u00e9dent de&hellip;\n","protected":false},"author":2,"featured_media":677603,"comment_status":"","ping_status":"","sticky":false,"template":"","format":"standard","meta":{"footnotes":""},"categories":[1589],"tags":[339,11,340,343,345,350,130,344,352,349,33,341,313,73,1866,346,342,353,351,347,12,348,354,1864,1865,1863,308],"class_list":{"0":"post-677602","1":"post","2":"type-post","3":"status-publish","4":"format-standard","5":"has-post-thumbnail","7":"category-etats-unis","8":"tag-actualite-economique","9":"tag-actualites","10":"tag-bourse","11":"tag-cac-40","12":"tag-chef-dentreprise","13":"tag-concurrence","14":"tag-consommation","15":"tag-creation-dentreprise","16":"tag-crise","17":"tag-delocalisations","18":"tag-economie","19":"tag-emploi","20":"tag-entreprises","21":"tag-etats-unis","22":"tag-etats-unis-damerique","23":"tag-grands-patrons","24":"tag-impots","25":"tag-licenciements","26":"tag-monopole","27":"tag-multinationales","28":"tag-news","29":"tag-privatisation","30":"tag-unio","31":"tag-united-states","32":"tag-united-states-of-america","33":"tag-us","34":"tag-usa"},"share_on_mastodon":{"url":"https:\/\/pubeurope.com\/@fr\/115929541802522649","error":""},"_links":{"self":[{"href":"https:\/\/www.europesays.com\/fr\/wp-json\/wp\/v2\/posts\/677602","targetHints":{"allow":["GET"]}}],"collection":[{"href":"https:\/\/www.europesays.com\/fr\/wp-json\/wp\/v2\/posts"}],"about":[{"href":"https:\/\/www.europesays.com\/fr\/wp-json\/wp\/v2\/types\/post"}],"author":[{"embeddable":true,"href":"https:\/\/www.europesays.com\/fr\/wp-json\/wp\/v2\/users\/2"}],"replies":[{"embeddable":true,"href":"https:\/\/www.europesays.com\/fr\/wp-json\/wp\/v2\/comments?post=677602"}],"version-history":[{"count":0,"href":"https:\/\/www.europesays.com\/fr\/wp-json\/wp\/v2\/posts\/677602\/revisions"}],"wp:featuredmedia":[{"embeddable":true,"href":"https:\/\/www.europesays.com\/fr\/wp-json\/wp\/v2\/media\/677603"}],"wp:attachment":[{"href":"https:\/\/www.europesays.com\/fr\/wp-json\/wp\/v2\/media?parent=677602"}],"wp:term":[{"taxonomy":"category","embeddable":true,"href":"https:\/\/www.europesays.com\/fr\/wp-json\/wp\/v2\/categories?post=677602"},{"taxonomy":"post_tag","embeddable":true,"href":"https:\/\/www.europesays.com\/fr\/wp-json\/wp\/v2\/tags?post=677602"}],"curies":[{"name":"wp","href":"https:\/\/api.w.org\/{rel}","templated":true}]}}