{"id":677688,"date":"2026-01-20T22:14:10","date_gmt":"2026-01-20T22:14:10","guid":{"rendered":"https:\/\/www.europesays.com\/fr\/677688\/"},"modified":"2026-01-20T22:14:10","modified_gmt":"2026-01-20T22:14:10","slug":"dans-cette-commune-pres-de-nantes-les-taux-des-impots-locaux-vont-encore-baisser","status":"publish","type":"post","link":"https:\/\/www.europesays.com\/fr\/677688\/","title":{"rendered":"Dans cette commune pr\u00e8s de Nantes, les taux des imp\u00f4ts locaux vont encore baisser"},"content":{"rendered":"<p>                    Par<br \/>\n        <strong><br \/>\n            <a href=\"https:\/\/actu.fr\/auteur\/journaliste-sm\" title=\"Consulter tous les articles de R\u00e9daction Clisson\" target=\"_blank\" rel=\"noopener\">R\u00e9daction Clisson<\/a><br \/>\n                    <\/strong><\/p>\n<p>        Publi\u00e9 le<\/p>\n<p>            20 janv. 2026 \u00e0 22h21        <\/p>\n<p>Parmi les <b>d\u00e9cisions budg\u00e9taires de 2026<\/b>, une va plaire aux habitants de <b><a href=\"https:\/\/actu.fr\/pays-de-la-loire\/basse-goulaine_44009\" target=\"_blank\" rel=\"noopener\">Basse-Goulaine<\/a>.<\/b> En effet, la majorit\u00e9 a, une nouvelle fois, pr\u00e9vu u<b>ne baisse des taux d\u2019imposition locaux<\/b>. Pour <b>la 11e fois depuis 2013<\/b>. La municipalit\u00e9 est coutumi\u00e8re du genre. Cette fois, <b>elle a d\u00e9cid\u00e9 de les reculer de 1,5 %<\/b>, ce qui engendrera u<b>ne diminution de la taxe sur le foncier b\u00e2ti de 30,27 \u00e0 29,82 %<\/b>, de la taxe sur le foncier non b\u00e2ti de 70,72 \u00e0 69,66 % et de la taxe d\u2019habitation sur les r\u00e9sidences secondaires de 17 % \u00e0 16,75 %. ces nouveaux\u00a0taux des imp\u00f4ts locaux ont \u00e9t\u00e9 re\u00e7us par l\u2019unanimit\u00e9 du conseil.<\/p>\n<p class=\" wall-content\">Un point important pour les contribuables qui ont pu ensuite d\u00e9couvrir les <b>grandes masses budg\u00e9taires pour 2026.<\/b> Ainsi, <b>l\u2019enveloppe pour le fonctionnement est estim\u00e9e \u00e0 11,1<\/b>\u00a0<b>millions d\u2019euros<\/b>. Elle doit permettre \u00e0 la collectivit\u00e9 d\u2019assurer le quotidien (elle regroupe l\u2019ensemble des d\u00e9penses et des recettes n\u00e9cessaires au fonctionnement courant et r\u00e9current des services communaux).<\/p>\n<p class=\" wall-content\">Les <b>recettes sont assur\u00e9es \u00e0 73 % par les imp\u00f4ts et taxes<\/b> qui devraient rapporter<b> 8,2<\/b>\u00a0<b>millions d\u2019euros<\/b>, \u00e0 <b>13 % par les dotations et subventions qui abonderont \u00e0 hauteur de 1,4<\/b>\u00a0<b>million d\u2019euros<\/b>. Le reste \u00e9tant assur\u00e9 par les produits des locations de salles et de l\u2019espace public, des remboursements, des travaux en r\u00e9gie\u2026<\/p>\n<p class=\" wall-content\">Quant aux d\u00e9penses,<b> 42 % sont dues aux charges du personnel pour 4,6<\/b>\u00a0<b>millions d\u2019euros,<\/b> et<b> 32 % aux charges \u00e0 caract\u00e8re g\u00e9n\u00e9ral (<\/b>redevance Nantes M\u00e9tropole, les taxes, les services ext\u00e9rieurs, les achats d\u2019\u00e9nergie et autres services ext\u00e9rieurs) soit <b>3,5<\/b>\u00a0<b>millions d\u2019euros.<\/b><\/p>\n<p>Vid\u00e9os : en ce moment sur Actu1,1 million pour les b\u00e2timents<\/p>\n<p class=\" wall-content\">Pour l\u2019investissement,<b> les recettes s\u2019\u00e9l\u00e8vent \u00e0 1,6<\/b>\u00a0<b>million d\u2019euros <\/b>rapport\u00e9s \u00e0 39 % par l\u2019exc\u00e9dent de fonctionnement (soit 652 391\u00a0\u20ac), et \u00e0\u00a026 % par l\u2019amortissement des biens corporels (soit 432 000\u00a0\u20ac). En 2026, <b>bien que les \u00e9lections municipales entra\u00eeneront forc\u00e9ment moins de d\u00e9penses<\/b>, la municipalit\u00e9 pr\u00e9voit plus d<b>\u20181,1<\/b>\u00a0<b>million d\u2019euros de travaux de b\u00e2timent,<\/b> dont <b>324 568<\/b>\u00a0<b>\u20ac pour l\u2019extension de la mairie<\/b>, 140 000\u00a0\u20ac pour la r\u00e9fection de l\u2019\u00e9tanch\u00e9it\u00e9 de la toiture de la mairie, <b>100 000<\/b>\u00a0<b>\u20ac pour la r\u00e9fection du sol du gymnase de la Herdrie <\/b>et 100 000\u00a0\u20ac pour la toiture de la Casa\u2019Ados. Pour <b>la r\u00e9fection de la toiture de la mairie<\/b>, Alain Vey a annonc\u00e9 que \u00ab m\u00eame si nous avons d\u00e9pass\u00e9 les dix ans d\u2019\u00e2ge, la d\u00e9cennale va, quand m\u00eame, fonctionner car la d\u00e9claration de sinistre a \u00e9t\u00e9 faite avant la fin des dix ans \u00bb.<\/p>\n<p>Votre r\u00e9gion, votre actu !<\/p>\n<p>Recevez chaque jour les infos qui comptent pour vous.<\/p>\n<p>\t<a href=\"https:\/\/actu.fr\/newsletter\" class=\"ac-btn ac-btn--corner ac-btn--medium ac-btn--blue800\" target=\"_blank\" rel=\"noopener\">S&rsquo;incrire<\/a><\/p>\n<p class=\" wall-content\">Autre preuve que la <b>situation financi\u00e8re de la ville est saine,<\/b> c\u2019est le niveau d\u2019encours de la dette. Au 31\u00a0d\u00e9cembre 2024, <b>elle n\u2019\u00e9tait plus que de 68<\/b>\u00a0<b>\u20ac alors qu\u2019elle \u00e9tait de 1 299<\/b>\u00a0<b>\u20ac en 2007<\/b>.\u00a0<\/p>\n<blockquote class=\"ac-article-quote wall-content\">\n<p>Il n\u2019y a plus eu de besoin d\u2019emprunt depuis 2008.<\/p>\n<p>Le maire Alain Vey.<\/p><\/blockquote>\n<p class=\" wall-content\">Ce budget a \u00e9t\u00e9 vot\u00e9 \u00e0 la majorit\u00e9, avec trois voix d\u2019abstention (celles du groupe minoritaire).<\/p>\n<p class=\" wall-content\">Personnalisez votre actualit\u00e9 en ajoutant vos villes et m\u00e9dias en favori avec <a href=\"https:\/\/moncompte.actu.fr\" title=\"D\u00e9couvez Mon Actu\" rel=\"nofollow noopener\" data-trk=\"{&quot;cta&quot;:{&quot;action&quot;:&quot;https:\\\/\\\/moncompte.actu.fr&quot;,&quot;category&quot;:&quot;mon compte&quot;,&quot;from&quot;:&quot;article footer&quot;,&quot;name&quot;:&quot;Mon actu&quot;,&quot;type&quot;:&quot;cta&quot;}}\" target=\"_blank\">Mon Actu<\/a>.<\/p>\n","protected":false},"excerpt":{"rendered":"Par R\u00e9daction Clisson Publi\u00e9 le 20 janv. 2026 \u00e0 22h21 Parmi les d\u00e9cisions budg\u00e9taires de 2026, une va&hellip;\n","protected":false},"author":2,"featured_media":677689,"comment_status":"","ping_status":"","sticky":false,"template":"","format":"standard","meta":{"footnotes":""},"categories":[2818],"tags":[1111,11,1003,1777,674,1011,27,342,766,12,2636,25,104,2900],"class_list":{"0":"post-677688","1":"post","2":"type-post","3":"status-publish","4":"format-standard","5":"has-post-thumbnail","7":"category-nantes","8":"tag-actu","9":"tag-actualites","10":"tag-budget","11":"tag-eu","12":"tag-europe","13":"tag-fr","14":"tag-france","15":"tag-impots","16":"tag-nantes","17":"tag-news","18":"tag-pays-de-la-loire","19":"tag-republique-francaise","20":"tag-societe","21":"tag-vignoble-nantais"},"share_on_mastodon":{"url":"https:\/\/pubeurope.com\/@fr\/115929734547387564","error":""},"_links":{"self":[{"href":"https:\/\/www.europesays.com\/fr\/wp-json\/wp\/v2\/posts\/677688","targetHints":{"allow":["GET"]}}],"collection":[{"href":"https:\/\/www.europesays.com\/fr\/wp-json\/wp\/v2\/posts"}],"about":[{"href":"https:\/\/www.europesays.com\/fr\/wp-json\/wp\/v2\/types\/post"}],"author":[{"embeddable":true,"href":"https:\/\/www.europesays.com\/fr\/wp-json\/wp\/v2\/users\/2"}],"replies":[{"embeddable":true,"href":"https:\/\/www.europesays.com\/fr\/wp-json\/wp\/v2\/comments?post=677688"}],"version-history":[{"count":0,"href":"https:\/\/www.europesays.com\/fr\/wp-json\/wp\/v2\/posts\/677688\/revisions"}],"wp:featuredmedia":[{"embeddable":true,"href":"https:\/\/www.europesays.com\/fr\/wp-json\/wp\/v2\/media\/677689"}],"wp:attachment":[{"href":"https:\/\/www.europesays.com\/fr\/wp-json\/wp\/v2\/media?parent=677688"}],"wp:term":[{"taxonomy":"category","embeddable":true,"href":"https:\/\/www.europesays.com\/fr\/wp-json\/wp\/v2\/categories?post=677688"},{"taxonomy":"post_tag","embeddable":true,"href":"https:\/\/www.europesays.com\/fr\/wp-json\/wp\/v2\/tags?post=677688"}],"curies":[{"name":"wp","href":"https:\/\/api.w.org\/{rel}","templated":true}]}}