{"id":677704,"date":"2026-01-20T22:22:14","date_gmt":"2026-01-20T22:22:14","guid":{"rendered":"https:\/\/www.europesays.com\/fr\/677704\/"},"modified":"2026-01-20T22:22:14","modified_gmt":"2026-01-20T22:22:14","slug":"dogan-voyages-annule-leurs-voyages-vers-la-mecque-avant-de-disparaitre-des-centaines-de-pelerins-floues-a-marseille","status":"publish","type":"post","link":"https:\/\/www.europesays.com\/fr\/677704\/","title":{"rendered":"Dogan voyages annule leurs voyages vers la Mecque avant de dispara\u00eetre, \u00ab\u00a0des centaines de p\u00e8lerins flou\u00e9s\u00a0\u00bb \u00e0 Marseille"},"content":{"rendered":"<p>La soci\u00e9t\u00e9 a pignon sur rue depuis 30\u00a0ans et promet que \u00ab\u00a0chaque p\u00e8lerin est une amana (une promesse, un engagement)\u00a0\u00bb. Les clients de Dogan voyages pensaient donc pouvoir avoir confiance en ce \u00ab\u00a0sp\u00e9cialiste du hajj et de la omra depuis\u00a01992\u00a0\u00bb pour r\u00e9server leur p\u00e8lerinage vers la\u00a0Mecque. Mais depuis le d\u00e9but de l\u2019ann\u00e9e, l\u2019entreprise ne r\u00e9pond plus. Un simple mail et un message laconique sur les Facebook, publi\u00e9 le 31\u00a0d\u00e9cembre, ont suffi \u00e0 annoncer <a href=\"https:\/\/www.laprovence.com\/article\/voyages\/5969741\/vacances-dete-annulations-remboursements-reclamations-la-provence-repond-a-vos-questions.html\" target=\"_blank\" rel=\"noopener\">l\u2019annulation de tous ses s\u00e9jours<\/a>, invoquant \u00ab\u00a0des circonstances exceptionnelles ind\u00e9pendantes de (leur) volont\u00e9\u00a0\u00bb.<\/p>\n<p>Pr\u00e8s de\u00a02\u00a0500\u00a0\u20ac d\u00e9bours\u00e9s la veille de l\u2019annulation<\/p>\n<p>Depuis \u00ab\u00a0plus de son et plus d\u2019image\u00a0\u00bb, d\u00e9crit Karim*, qui a r\u00e9serv\u00e9 en novembre un voyage pour sa m\u00e8re et sa s\u0153ur, dans l\u2019agence marseillaise Dogan, sur <a href=\"https:\/\/www.laprovence.com\/article\/region\/22276857960831\/quartiers-de-marseille-la-joliette-toujours-en-devenir\" target=\"_blank\" rel=\"noopener\">le boulevard des Dames (2e)<\/a>. \u00ab\u00a0Elles devaient partir en f\u00e9vrier. Quand on a re\u00e7u le mail d\u2019annulation, on a rapidement compris que c\u2019\u00e9tait bizarre, livre-t-il. J\u2019avais vers\u00e9 un premier acompte lors de la r\u00e9servation, puis l\u2019agence m\u2019a relanc\u00e9 pour que je compl\u00e8te le paiement. \u00c0 leur demande, j\u2019ai effectu\u00e9 le dernier versement le 30\u00a0d\u00e9cembre, soit la veille du mail d\u2019annulation.\u00a0\u00bb<\/p>\n<p>Pour sa s\u0153ur et sa m\u00e8re de 85\u00a0ans, qui souhaitaient un&#8230;<\/p>\n","protected":false},"excerpt":{"rendered":"La soci\u00e9t\u00e9 a pignon sur rue depuis 30\u00a0ans et promet que \u00ab\u00a0chaque p\u00e8lerin est une amana (une promesse,&hellip;\n","protected":false},"author":2,"featured_media":677705,"comment_status":"","ping_status":"","sticky":false,"template":"","format":"standard","meta":{"footnotes":""},"categories":[2814],"tags":[5734,1111,11,15326,154,77586,1777,674,77585,1011,27,884,12,42590,882,25,104,1666],"class_list":{"0":"post-677704","1":"post","2":"type-post","3":"status-publish","4":"format-standard","5":"has-post-thumbnail","7":"category-marseille","8":"tag-5734","9":"tag-actu","10":"tag-actualites","11":"tag-centaines","12":"tag-des","13":"tag-dogan","14":"tag-eu","15":"tag-europe","16":"tag-floues","17":"tag-fr","18":"tag-france","19":"tag-marseille","20":"tag-news","21":"tag-pelerins","22":"tag-provence-alpes-cote-dazur","23":"tag-republique-francaise","24":"tag-societe","25":"tag-voyages"},"share_on_mastodon":{"url":"https:\/\/pubeurope.com\/@fr\/115929765946224528","error":""},"_links":{"self":[{"href":"https:\/\/www.europesays.com\/fr\/wp-json\/wp\/v2\/posts\/677704","targetHints":{"allow":["GET"]}}],"collection":[{"href":"https:\/\/www.europesays.com\/fr\/wp-json\/wp\/v2\/posts"}],"about":[{"href":"https:\/\/www.europesays.com\/fr\/wp-json\/wp\/v2\/types\/post"}],"author":[{"embeddable":true,"href":"https:\/\/www.europesays.com\/fr\/wp-json\/wp\/v2\/users\/2"}],"replies":[{"embeddable":true,"href":"https:\/\/www.europesays.com\/fr\/wp-json\/wp\/v2\/comments?post=677704"}],"version-history":[{"count":0,"href":"https:\/\/www.europesays.com\/fr\/wp-json\/wp\/v2\/posts\/677704\/revisions"}],"wp:featuredmedia":[{"embeddable":true,"href":"https:\/\/www.europesays.com\/fr\/wp-json\/wp\/v2\/media\/677705"}],"wp:attachment":[{"href":"https:\/\/www.europesays.com\/fr\/wp-json\/wp\/v2\/media?parent=677704"}],"wp:term":[{"taxonomy":"category","embeddable":true,"href":"https:\/\/www.europesays.com\/fr\/wp-json\/wp\/v2\/categories?post=677704"},{"taxonomy":"post_tag","embeddable":true,"href":"https:\/\/www.europesays.com\/fr\/wp-json\/wp\/v2\/tags?post=677704"}],"curies":[{"name":"wp","href":"https:\/\/api.w.org\/{rel}","templated":true}]}}