{"id":67777,"date":"2025-05-01T21:13:12","date_gmt":"2025-05-01T21:13:12","guid":{"rendered":"https:\/\/www.europesays.com\/fr\/67777\/"},"modified":"2025-05-01T21:13:12","modified_gmt":"2025-05-01T21:13:12","slug":"handball-les-messines-seront-au-rendez-vous-de-leuropa-cup","status":"publish","type":"post","link":"https:\/\/www.europesays.com\/fr\/67777\/","title":{"rendered":"Handball. Les Messines seront au rendez-vous de l\u2019Europ\u2019A Cup"},"content":{"rendered":"<p>Le plateau f\u00e9minin de <a href=\"https:\/\/www.dna.fr\/sport\/2025\/03\/05\/l-europ-a-cup-reprend-le-flambeau\" target=\"_blank\" rel=\"nofollow noopener\">l\u2019Europ\u2019A Cup \u2013 qui a pris le relais de l\u2019EuroTournoi \u2013<\/a> avait d\u00e9j\u00e0 fi\u00e8re allure avec <a href=\"https:\/\/www.dna.fr\/sport\/2025\/04\/02\/le-strasbourg-ath-a-l-europ-a-cup\" target=\"_blank\" rel=\"nofollow noopener\">le Strasbourg ATH, qui ne cesse de grandir en D1<\/a>, et <a href=\"https:\/\/www.dna.fr\/sport\/2025\/04\/16\/les-croates-de-koprivnica-invitees-a-l-europ-a-cup-fin-aout-au-rhenus\" target=\"_blank\" rel=\"nofollow noopener\">Koprivnica, le meilleur club croate<\/a>, \u00e9limin\u00e9 aux portes des quarts de finale de la Ligue des champions cette saison.<\/p>\n<p>Les organisateurs avaient promis un club de top niveau europ\u00e9en (ce sera encore le cas pour la quatri\u00e8me \u00e9quipe invit\u00e9e). Ils n\u2019ont pas menti puisque Metz passera par le Rhenus du 22 au 24\u00a0ao\u00fbt pendant sa pr\u00e9paration estivale.<\/p>\n<p>Le club lorrain \u201cp\u00e8se\u201d 26 titres de champion de France et s\u2019achemine vers le 27e , douze victoires en Coupe de France (avant la treizi\u00e8me contre le Paris 92 le 17\u00a0mai\u00a0?).<\/p>\n<p>Surtout, Metz d\u00e9barquera peut-\u00eatre \u00e0 Strasbourg en tant que vainqueur de la Ligue des champions. Invaincues sur la sc\u00e8ne europ\u00e9enne depuis le d\u00e9but de cette campagne 2024-2025, les Messines sont qualifi\u00e9es pour le Final Four \u00e0 Budapest (31\u00a0mai-1er \u00a0juin).<\/p>\n<p>Ce contenu est bloqu\u00e9 car vous n&rsquo;avez pas accept\u00e9 les cookies et autres traceurs.<\/p>\n<p>En cliquant sur \u00ab J\u2019accepte \u00bb, les cookies et autres traceurs seront d\u00e9pos\u00e9s et vous pourrez visualiser les contenus  (<a href=\"\" class=\"consentModule_policy\" target=\"_blank\" title=\"Consulter la politique de protection des donn\u00e9es du fournisseur\">plus d&rsquo;informations<\/a>).<\/p>\n<p>En cliquant sur \u00ab J\u2019accepte tous les cookies \u00bb, vous autorisez des d\u00e9p\u00f4ts de cookies et autres traceurs pour le stockage de vos donn\u00e9es sur nos sites et applications \u00e0 des fins de personnalisation et de ciblage publicitaire.<\/p>\n<p class=\"consentModule_secondaryText\">Vous gardez la possibilit\u00e9 de retirer votre consentement \u00e0 tout moment en consultant notre <a href=\"https:\/\/www.dna.fr\/protection-des-donnees\" target=\"_blank\" title=\"Consulter notre politique de protection des donn\u00e9es\" rel=\"nofollow noopener\">politique de protection des donn\u00e9es<\/a>. <br \/>&#13;<br \/>\n            <a href=\"https:\/\/www.dna.fr\/sport\/2025\/05\/01\/javascript:Didomi.notice.show()\" class=\"consentModule_cmp\" rel=\"nofollow noopener\" target=\"_blank\">G\u00e9rer mes choix<\/a>&#13;\n        <\/p>\n<p>&#13;<br \/>\n                        J&rsquo;accepte&#13;<br \/>\n            J&rsquo;accepte tous les cookies&#13;\n        <\/p>\n","protected":false},"excerpt":{"rendered":"Le plateau f\u00e9minin de l\u2019Europ\u2019A Cup \u2013 qui a pris le relais de l\u2019EuroTournoi \u2013 avait d\u00e9j\u00e0 fi\u00e8re&hellip;\n","protected":false},"author":2,"featured_media":67778,"comment_status":"","ping_status":"","sticky":false,"template":"","format":"standard","meta":{"footnotes":""},"categories":[2820],"tags":[1111,11,2880,1777,674,107,1011,27,775,1792,12,25,517,640,2879],"class_list":{"0":"post-67777","1":"post","2":"type-post","3":"status-publish","4":"format-standard","5":"has-post-thumbnail","7":"category-strasbourg","8":"tag-actu","9":"tag-actualites","10":"tag-edition-strasbourg","11":"tag-eu","12":"tag-europe","13":"tag-fil-info","14":"tag-fr","15":"tag-france","16":"tag-grand-est","17":"tag-handball","18":"tag-news","19":"tag-republique-francaise","20":"tag-sport","21":"tag-strasbourg","22":"tag-strasbourg-ville"},"share_on_mastodon":{"url":"https:\/\/pubeurope.com\/@fr\/114434644659187340","error":""},"_links":{"self":[{"href":"https:\/\/www.europesays.com\/fr\/wp-json\/wp\/v2\/posts\/67777","targetHints":{"allow":["GET"]}}],"collection":[{"href":"https:\/\/www.europesays.com\/fr\/wp-json\/wp\/v2\/posts"}],"about":[{"href":"https:\/\/www.europesays.com\/fr\/wp-json\/wp\/v2\/types\/post"}],"author":[{"embeddable":true,"href":"https:\/\/www.europesays.com\/fr\/wp-json\/wp\/v2\/users\/2"}],"replies":[{"embeddable":true,"href":"https:\/\/www.europesays.com\/fr\/wp-json\/wp\/v2\/comments?post=67777"}],"version-history":[{"count":0,"href":"https:\/\/www.europesays.com\/fr\/wp-json\/wp\/v2\/posts\/67777\/revisions"}],"wp:featuredmedia":[{"embeddable":true,"href":"https:\/\/www.europesays.com\/fr\/wp-json\/wp\/v2\/media\/67778"}],"wp:attachment":[{"href":"https:\/\/www.europesays.com\/fr\/wp-json\/wp\/v2\/media?parent=67777"}],"wp:term":[{"taxonomy":"category","embeddable":true,"href":"https:\/\/www.europesays.com\/fr\/wp-json\/wp\/v2\/categories?post=67777"},{"taxonomy":"post_tag","embeddable":true,"href":"https:\/\/www.europesays.com\/fr\/wp-json\/wp\/v2\/tags?post=67777"}],"curies":[{"name":"wp","href":"https:\/\/api.w.org\/{rel}","templated":true}]}}