{"id":677825,"date":"2026-01-20T23:35:14","date_gmt":"2026-01-20T23:35:14","guid":{"rendered":"https:\/\/www.europesays.com\/fr\/677825\/"},"modified":"2026-01-20T23:35:14","modified_gmt":"2026-01-20T23:35:14","slug":"la-collision-le-telescopage-de-2-france-aux-pieds-des-pentes","status":"publish","type":"post","link":"https:\/\/www.europesays.com\/fr\/677825\/","title":{"rendered":"\u00ab La Collision \u00bb : le t\u00e9lescopage de 2 France aux pieds des Pentes"},"content":{"rendered":"<p>Le journaliste Paul Gasnier revient sur le drame qui a boulevers\u00e9 sa vie : la mort de sa m\u00e8re, percut\u00e9e lors d\u2019un rod\u00e9o urbain. Plus qu\u2019une enqu\u00eate personnelle, \u00ab La Collision \u00bb est une autopsie sensible et politique des tensions qui d\u00e9chirent la soci\u00e9t\u00e9 fran\u00e7aise.<\/p>\n<p>C\u2019\u00e9tait en <strong>juin 2012<\/strong>, \u00e0 Lyon. Une femme de 54 ans circulait \u00e0 v\u00e9lo au d\u00e9but de la <strong>rue Romarin<\/strong> lorsqu\u2019elle a \u00e9t\u00e9 fauch\u00e9e par un jeune homme de 18 ans, <strong>Sa\u00efd<\/strong>, qui effectuait une roue arri\u00e8re \u00e0 80 km\/h sur une motocross. Dix ans plus tard, <strong>Paul Gasnier<\/strong>, fils de la victime et aujourd\u2019hui visage familier de l\u2019\u00e9mission <strong>Quotidien<\/strong>, a d\u00e9cid\u00e9 de rompre le silence. Mais l\u00e0 o\u00f9 d\u2019autres auraient c\u00e9d\u00e9 \u00e0 la complainte ou \u00e0 l\u2019appel \u00e0 la vengeance, lui a choisi la voie du <strong>journalisme face \u00e0 l\u2019intime<\/strong>, de la <strong>sociologie face \u00e0 la trag\u00e9die<\/strong>.<\/p>\n<p>Ecoutez aussi : <a href=\"https:\/\/www.lyondemain.fr\/prevention-trafic-de-drogue-villeurbanne\/\" type=\"link\" id=\"https:\/\/www.lyondemain.fr\/prevention-trafic-de-drogue-villeurbanne\/\" target=\"_blank\" rel=\"noreferrer noopener\">Villeurbanne veut tenir les mineurs \u00e0 l\u2019\u00e9cart du trafic de drogue<\/a><\/p>\n<blockquote class=\"instagram-media\" data-instgrm-captioned=\"\" data-instgrm-permalink=\"https:\/\/www.instagram.com\/p\/DLaTBT8trXV\/?utm_source=ig_embed&amp;utm_campaign=loading\" data-instgrm-version=\"14\" style=\" background:#FFF; border:0; border-radius:3px; box-shadow:0 0 1px 0 rgba(0,0,0,0.5),0 1px 10px 0 rgba(0,0,0,0.15); margin: 1px; max-width:540px; min-width:326px; padding:0; width:99.375%; width:-webkit-calc(100% - 2px); width:calc(100% - 2px);\"\/>\n<p>\u00a0\u00bb Je voulais en parler avec mes mots \u00e0 moi\u00a0\u00bb<\/p>\n<p>\u00ab\u00a0C\u2019est un \u00e9v\u00e9nement qui m\u2019obs\u00e9dait, qui ne m\u2019a jamais quitt\u00e9 depuis 2012. Et puis je voyais comment des faits divers similaires \u00e9taient r\u00e9cup\u00e9r\u00e9s par l\u2019<strong>extr\u00eame droite<\/strong> politique et m\u00e9diatique quotidiennement. Et quand j\u2019entendais des politiques ou certains journalistes parler de ce genre de faits divers avec leurs mots, \u00e7a m\u2019\u00e9tait insupportable et je voulais en parler avec mes mots \u00e0 moi\u00a0\u00bb raconte <strong>P\u00e4ul Gasnier<\/strong>.<\/p>\n<p>Ecoutez le podcast<\/p>\n<p>\u00ab\u00a0La Collision\u00a0\u00bb Paul Gasnier<\/p>\n<p>\u00ab\u00a0<strong>La collision<\/strong>\u00ab\u00a0, ce n\u2019est pas seulement l\u2019impact physique qui a co\u00fbt\u00e9 la vie \u00e0 sa m\u00e8re. C\u2019est aussi le <strong>t\u00e9lescopage de deux mondes<\/strong> qui s\u2019ignorent et se craignent..<\/p>\n<p>\u00ab\u00a0Deux mondes qui racontent la France. Deux Frances tr\u00e8s diff\u00e9rentes qui ne se connaissent pas\u2026 Ces deux individus, <strong>ma m\u00e8re<\/strong> et <strong>Sa\u00efd<\/strong>, ont deux trajectoires \u00e0 l\u2019oppos\u00e9. Ils n\u2019ont pas les m\u00eames origines. Ils ne viennent pas des m\u00eames classes sociales. Mais chacun a un parcours qui raconte la France. Et c\u2019est \u00e7a qui m\u2019a fascin\u00e9, que je trouve tr\u00e8s romanesque dans ces deux protagonistes. <strong>Sa\u00efd<\/strong>, lui, ses parents sont arriv\u00e9s de leur <strong>Maroc<\/strong> natal dans les ann\u00e9es 60, pendant les Trente Glorieuses. Lui appartient \u00e0 cette <strong>deuxi\u00e8me g\u00e9n\u00e9ration<\/strong> pour qui c\u2019est un peu plus compliqu\u00e9. Il s\u2019est retrouv\u00e9 pris dans les <strong>mauvaises fr\u00e9quentations<\/strong>, dans la <strong>drogue<\/strong>\u00a0\u00bb d\u00e9taille Paul Gasnier. <\/p>\n<p>Ecoutez aussi : <a href=\"https:\/\/www.lyondemain.fr\/ambassadrices-tcl-securite-femmes\/\" type=\"link\" id=\"https:\/\/www.lyondemain.fr\/ambassadrices-tcl-securite-femmes\/\" target=\"_blank\" rel=\"noreferrer noopener\">Ambassadrices TCL : 10 ans de marches exploratoires<\/a><\/p>\n<p><img fetchpriority=\"high\" decoding=\"async\" width=\"1200\" height=\"675\" src=\"https:\/\/www.europesays.com\/fr\/wp-content\/uploads\/2026\/01\/Rue-Romarin-lieu-du-drame.jpg\" alt=\"Rue Romarin, lieu du rod\u00e9o urbain ayant entrain\u00e9 la mort de la m\u00e8re de Paul Gasnier\" class=\"wp-image-253098\"  \/>Rue Romarin, lieu du drame<\/p>\n<p>Un drame qui raconte la France d\u2019une certaine mani\u00e8re<\/p>\n<p>\u00ab\u00a0Et ma m\u00e8re incarne aussi d\u2019une certaine mani\u00e8re, l\u2019\u00e9volution socio-\u00e9conomique de la France. Elle vient d\u2019une grande famille de l\u2019<strong>aristocratie militaire<\/strong>, mais elle appartient \u00e0 cette g\u00e9n\u00e9ration post-68. Donc elle s\u2019est embourgeois\u00e9e, elle est devenue <strong>bobo<\/strong>, elle a fini <strong>prof de yoga<\/strong>. Elle aussi, elle a un parcours qui nous raconte collectivement. En enqu\u00eatant sur la vie de ma m\u00e8re et de Sa\u00efd, je raconter la France, d\u2019une certaine mani\u00e8re\u00a0\u00bb explique <strong>Paul Gasnier<\/strong>.<\/p>\n<p><img loading=\"lazy\" decoding=\"async\" width=\"1200\" height=\"675\" src=\"https:\/\/www.europesays.com\/fr\/wp-content\/uploads\/2026\/01\/Cafe-debat-avec-Paul-Gasnier-au-Club-de-la-Presse-de-Lyon.jpg\" alt=\"Caf\u00e9-d\u00e9bat avec Paul Gasnier au Club de la Presse de Lyon\" class=\"wp-image-253099\"  \/>Caf\u00e9-d\u00e9bat avec Paul Gasnier au Club de la Presse de Lyon<\/p>\n<p>Dans \u00ab\u00a0La Collision\u00a0\u00bb, l\u2019auteur pointe le danger de la <strong>r\u00e9cup\u00e9ration politique<\/strong>. Au cours d\u2019un meeting qu\u2019il couvre pour <strong>Quotidien<\/strong>, il voit ses propres affects, la <strong>col\u00e8re<\/strong>, le <strong>sentiment d\u2019ins\u00e9curit\u00e9<\/strong>, \u00eatre transform\u00e9s en \u00ab carburant \u00bb id\u00e9ologique par des <strong>discours radicaux<\/strong>. En particulier, ceux de <strong>Zemmour<\/strong>\u2026<\/p>\n<p>\u00ab\u00a0Je vois comment des <strong>faits divers <\/strong>similaires \u00e0 celui qui a tu\u00e9 ma m\u00e8re sont <strong>instrumentalis\u00e9s<\/strong> tous les jours par l\u2019extr\u00eame <strong>droite politique et m\u00e9diatique<\/strong>. \u00c7a, je le vois en tant que <strong>journaliste<\/strong>, parce que je regarde <strong>CNews<\/strong> malgr\u00e9 moi tous les jours. Et je pense que \u00e7a ne nous rend pas collectivement plus intelligents, la mani\u00e8re dont l\u2019<strong>extr\u00eame droite<\/strong> se sert de nos blessures intimes comme <strong>carburant \u00e9lectoral<\/strong> et comme <strong>source d\u2019audience<\/strong>\u00ab\u00a0.<\/p>\n<p>\u00ab\u00a0<strong>La Collision<\/strong>\u00ab\u00a0, de <strong>Paul Gasnier<\/strong>, \u00e9ditions <strong><a href=\"https:\/\/www.gallimard.fr\/catalogue\/la-collision\/9782073101228\" type=\"link\" id=\"https:\/\/www.gallimard.fr\/catalogue\/la-collision\/9782073101228\" target=\"_blank\" rel=\"noreferrer noopener\">Gallimard<\/a><\/strong>, collection Blanche, 176 pages.<\/p>\n<p>Ecoutez aussi : <a href=\"https:\/\/www.lyondemain.fr\/elus-lyonnais-pacte-transition\/\" type=\"link\" id=\"https:\/\/www.lyondemain.fr\/elus-lyonnais-pacte-transition\/\" target=\"_blank\" rel=\"noreferrer noopener\">Transition : les \u00e9lus lyonnais ont-ils respect\u00e9 leurs engagements ?<\/a><\/p>\n<p><img loading=\"lazy\" decoding=\"async\" width=\"1200\" height=\"675\" src=\"https:\/\/www.europesays.com\/fr\/wp-content\/uploads\/2026\/01\/La-Collision-Paul-Gasnier.jpg\" alt=\"La Collision \" class=\"wp-image-253097\"  \/><br \/>\nJ\u2019aime \u00e7a\u00a0:<\/p>\n<p>J\u2019aime chargement\u2026<\/p>\n<p><a class=\"sd-link-color\"\/><\/p>\n<p>\n\tArticles similaires\n<\/p>\n<p>\t\t\t\t<img decoding=\"async\" src=\"https:\/\/www.europesays.com\/fr\/wp-content\/uploads\/2026\/01\/1768952114_974_7866158698e17e8ed633c05e8f8e7fe5d9e057ad78661c4dc34e413abb6b9f19.jpeg\" alt=\"G\u00e9rald Bouchon\"\/><\/p>\n<p>Pionnier des radios libres, passionn\u00e9 de radio, journaliste et dirigeant de m\u00e9dias \u00e9co-responsables..<\/p>\n<p>\t\t\t<script async src=\"\/\/www.instagram.com\/embed.js\"><\/script><\/p>\n","protected":false},"excerpt":{"rendered":"Le journaliste Paul Gasnier revient sur le drame qui a boulevers\u00e9 sa vie : la mort de sa&hellip;\n","protected":false},"author":2,"featured_media":677826,"comment_status":"","ping_status":"","sticky":false,"template":"","format":"standard","meta":{"footnotes":""},"categories":[1889],"tags":[1111,11,2430,1777,674,1076,1011,27,2825,2957,77594,2003,2428,3754,12,51314,1404,25,5575,887],"class_list":{"0":"post-677825","1":"post","2":"type-post","3":"status-publish","4":"format-standard","5":"has-post-thumbnail","7":"category-lyon","8":"tag-actu","9":"tag-actualites","10":"tag-auvergne-rhone-alpes","11":"tag-eu","12":"tag-europe","13":"tag-extreme-droite","14":"tag-fr","15":"tag-france","16":"tag-insecurite","17":"tag-journaliste","18":"tag-la-collision","19":"tag-livre","20":"tag-lyon","21":"tag-media","22":"tag-news","23":"tag-paul-gasnier","24":"tag-quotidien","25":"tag-republique-francaise","26":"tag-rodeos-urbains","27":"tag-trafic-de-drogue"},"share_on_mastodon":{"url":"https:\/\/pubeurope.com\/@fr\/115930053201188415","error":""},"_links":{"self":[{"href":"https:\/\/www.europesays.com\/fr\/wp-json\/wp\/v2\/posts\/677825","targetHints":{"allow":["GET"]}}],"collection":[{"href":"https:\/\/www.europesays.com\/fr\/wp-json\/wp\/v2\/posts"}],"about":[{"href":"https:\/\/www.europesays.com\/fr\/wp-json\/wp\/v2\/types\/post"}],"author":[{"embeddable":true,"href":"https:\/\/www.europesays.com\/fr\/wp-json\/wp\/v2\/users\/2"}],"replies":[{"embeddable":true,"href":"https:\/\/www.europesays.com\/fr\/wp-json\/wp\/v2\/comments?post=677825"}],"version-history":[{"count":0,"href":"https:\/\/www.europesays.com\/fr\/wp-json\/wp\/v2\/posts\/677825\/revisions"}],"wp:featuredmedia":[{"embeddable":true,"href":"https:\/\/www.europesays.com\/fr\/wp-json\/wp\/v2\/media\/677826"}],"wp:attachment":[{"href":"https:\/\/www.europesays.com\/fr\/wp-json\/wp\/v2\/media?parent=677825"}],"wp:term":[{"taxonomy":"category","embeddable":true,"href":"https:\/\/www.europesays.com\/fr\/wp-json\/wp\/v2\/categories?post=677825"},{"taxonomy":"post_tag","embeddable":true,"href":"https:\/\/www.europesays.com\/fr\/wp-json\/wp\/v2\/tags?post=677825"}],"curies":[{"name":"wp","href":"https:\/\/api.w.org\/{rel}","templated":true}]}}