{"id":677839,"date":"2026-01-20T23:43:11","date_gmt":"2026-01-20T23:43:11","guid":{"rendered":"https:\/\/www.europesays.com\/fr\/677839\/"},"modified":"2026-01-20T23:43:11","modified_gmt":"2026-01-20T23:43:11","slug":"la-russie-veut-clarifier-le-concept-de-conseil-de-paix-propose-par-les-etats-unis","status":"publish","type":"post","link":"https:\/\/www.europesays.com\/fr\/677839\/","title":{"rendered":"La Russie veut clarifier le concept de Conseil de paix propos\u00e9 par les \u00c9tats-Unis"},"content":{"rendered":"<p>JAKARTA &#8211; La Russie veut clarifier le concept de \u00ab Conseil de paix \u00bb propos\u00e9 par les \u00c9tats-Unis, a d\u00e9clar\u00e9 le ministre des Affaires \u00e9trang\u00e8res Sergue\u00ef Lavrov lors d\u2019une conf\u00e9rence de presse qui r\u00e9sume les activit\u00e9s diplomatiques de la Russie en 2025.<\/p>\n<p>Selon lui, Moscou a re\u00e7u un \u00ab document \u00e9trange appel\u00e9 \u00ab charter \u00bb du \u00ab Conseil de la paix \u00bb, \u00bb qui \u00e9tait \u00e0 l&rsquo;origine destin\u00e9 \u00e0 r\u00e9gler les probl\u00e8mes dans la bande de Gaza palestinienne.<\/p>\n<p>\u00ab Ce conseil n\u2019est pas seulement destin\u00e9 \u00e0 s\u2019occuper de la bande de Gaza, qui, selon moi, est presque pas mentionn\u00e9, mais aussi \u00e0 aider largement \u00e0 r\u00e9soudre les conflits dans le monde entier \u00bb, a expliqu\u00e9 le diplomate, expliquant le contenu du \u00ab pacte \u00bb, rapporte TASS (20\/1).<\/p>\n<p>\u00ab Nous voulons certainement clarifier la vision conceptuelle et pratique des \u00c9tats-Unis sur cette initiative \u00bb, a-t-il poursuivi.<\/p>\n<p>\u00ab Nous essayons actuellement de clarifier le probl\u00e8me et continuerons \u00e0 communiquer (\u00e0 ce sujet) \u00bb, a de\u0301clare\u0301 le ministre des Affaires e\u0301trangere\u0301es Lavrov.<\/p>\n<p>Le diplomate russe a soulign\u00e9 que \u00ab lorsqu&rsquo;il s&rsquo;agit de probl\u00e8mes du Moyen-Orient, en particulier ceux qui concernent la bande de Gaza \u00bb, on ne peut aborder le probl\u00e8me que \u00ab depuis la position qui a \u00e9t\u00e9 \u00e0 maintes reprises confirm\u00e9e par toute la communaut\u00e9 internationale \u00bb, \u00e0 savoir la n\u00e9cessit\u00e9 d&rsquo;une Palestine ind\u00e9pendante.<\/p>\n<p>\u00ab Lorsque l\u2019initiative des \u00c9tats-Unis a \u00e9t\u00e9 examin\u00e9e par l\u2019ONU \u00e0 l\u2019automne, nous avons dout\u00e9 de la n\u00e9cessit\u00e9 de tout format suppl\u00e9mentaire en dehors de celui mentionn\u00e9 dans la d\u00e9cision am\u00e9ricaine \u00bb, a expliqu\u00e9 le ministre des Affaires \u00e9trang\u00e8res Lavrov, ajoutant \u00ab en fait, cela revient \u00e0 la mise en \u0153uvre de ces d\u00e9cisions et \u00e0 la cr\u00e9ation d\u2019un \u00c9tat palestinien \u00bb.<\/p>\n<p>Il a toutefois expliqu\u00e9 que Washington \u00ab ne voulait pas se r\u00e9f\u00e9rer \u00e0 la d\u00e9cision de l&rsquo;ONU \u00bb, de sorte que la Russie et la Chine ont \u00e9t\u00e9 persuad\u00e9es par les pays arabes, ainsi que la Palestine elle-m\u00eame, \u00ab de ne pas bloquer \u00bb la r\u00e9solution sur \u00ab la Cour de la paix \u00bb.<\/p>\n<p>Selon le diplomate, Moscou et P\u00e9kin ont d\u00e9cid\u00e9 de \u00ab donner une chance \u00e0 cette initiative \u00bb.<\/p>\n<p>\u00ab C&rsquo;est le contexte exact dans lequel nous examinons actuellement les invitations que nous avons re\u00e7ues \u00bb, a conclu Lavrov.<\/p>\n<p>Comme l\u2019avait rapport\u00e9 auparavant le Kremlin lundi, le pr\u00e9sident russe avait accept\u00e9 l\u2019offre. Ni Moscou ni le pr\u00e9sident Trump n\u2019avaient dit si Poutine l\u2019avait accept\u00e9e.<\/p>\n<p>Le porte-parole du Kremlin, Dmitri Peskov, a d\u00e9clar\u00e9 que Moscou \u00ab \u00e9tudia actuellement tous les d\u00e9tails de cette offre \u00bb.<\/p>\n<p>\u00ab Nous esp\u00e9rons pouvoir entrer en contact avec les \u00c9tats-Unis pour clarifier tous les aspects \u00bb, a-t-il dit.<\/p>\n<p>Le pr\u00e9sident Trump a ensuite confirme\u0301 avoir invite\u0301 le pre\u0301sident Poutine a\u0300 rejoindre le conseil qui fait partie du plan de 20 points de Trump pour mettre fin a\u0300 la guerre israelo-hamasienne et devrait temporairement superviser la gestion de Gaza et la gestion de sa reconstruction.<\/p>\n<p>Interrog\u00e9 lundi sur le fait qu\u2019il avait invit\u00e9 le pr\u00e9sident Poutine \u00e0 rejoindre le Conseil de paix, le pr\u00e9sident Trump a dit aux journalistes en Floride: \u00ab Oui, ils sont des leaders mondiaux. La r\u00e9ponse est oui, je l\u2019ai invit\u00e9 \u00bb, a-t-il dit, cit\u00e9 par la BBC.<\/p>\n<p>Washington est connu pour avoir invit\u00e9 de nombreux dirigeants mondiaux \u00e0 si\u00e9ger au conseil. Le Conseil de la paix sera compos\u00e9 de dirigeants mondiaux, avec le pr\u00e9sident Trump \u00e0 sa t\u00eate, selon la Maison-Blanche. Cependant, la structure du conseil n\u2019est pas encore claire et les membres sont toujours invit\u00e9s.<\/p>\n<p>The English, Chinese, Japanese, Arabic, and French versions are automatically generated by the AI. So there may still be inaccuracies in translating, please always see Indonesian as our main language.<br \/>\n                                    (system supported by DigitalSiber.id)<\/p>\n","protected":false},"excerpt":{"rendered":"JAKARTA &#8211; La Russie veut clarifier le concept de \u00ab Conseil de paix \u00bb propos\u00e9 par les \u00c9tats-Unis,&hellip;\n","protected":false},"author":2,"featured_media":677840,"comment_status":"","ping_status":"","sticky":false,"template":"","format":"standard","meta":{"footnotes":""},"categories":[1591],"tags":[11,221,77595,75,73,1887,665,14,12,3518,8013,1885,1886,132,18069,135],"class_list":{"0":"post-677839","1":"post","2":"type-post","3":"status-publish","4":"format-standard","5":"has-post-thumbnail","7":"category-russie","8":"tag-actualites","9":"tag-cessez-le-feu","10":"tag-conseil-de-paix-de-gaza","11":"tag-donald-trump","12":"tag-etats-unis","13":"tag-federation-de-russie","14":"tag-gaza","15":"tag-international","16":"tag-news","17":"tag-palestine","18":"tag-russe","19":"tag-russia","20":"tag-russian-federation","21":"tag-russie","22":"tag-sergey-lavrov","23":"tag-vladimir-poutine"},"share_on_mastodon":{"url":"https:\/\/pubeurope.com\/@fr\/115930084389628447","error":""},"_links":{"self":[{"href":"https:\/\/www.europesays.com\/fr\/wp-json\/wp\/v2\/posts\/677839","targetHints":{"allow":["GET"]}}],"collection":[{"href":"https:\/\/www.europesays.com\/fr\/wp-json\/wp\/v2\/posts"}],"about":[{"href":"https:\/\/www.europesays.com\/fr\/wp-json\/wp\/v2\/types\/post"}],"author":[{"embeddable":true,"href":"https:\/\/www.europesays.com\/fr\/wp-json\/wp\/v2\/users\/2"}],"replies":[{"embeddable":true,"href":"https:\/\/www.europesays.com\/fr\/wp-json\/wp\/v2\/comments?post=677839"}],"version-history":[{"count":0,"href":"https:\/\/www.europesays.com\/fr\/wp-json\/wp\/v2\/posts\/677839\/revisions"}],"wp:featuredmedia":[{"embeddable":true,"href":"https:\/\/www.europesays.com\/fr\/wp-json\/wp\/v2\/media\/677840"}],"wp:attachment":[{"href":"https:\/\/www.europesays.com\/fr\/wp-json\/wp\/v2\/media?parent=677839"}],"wp:term":[{"taxonomy":"category","embeddable":true,"href":"https:\/\/www.europesays.com\/fr\/wp-json\/wp\/v2\/categories?post=677839"},{"taxonomy":"post_tag","embeddable":true,"href":"https:\/\/www.europesays.com\/fr\/wp-json\/wp\/v2\/tags?post=677839"}],"curies":[{"name":"wp","href":"https:\/\/api.w.org\/{rel}","templated":true}]}}