{"id":67785,"date":"2025-05-01T21:17:12","date_gmt":"2025-05-01T21:17:12","guid":{"rendered":"https:\/\/www.europesays.com\/fr\/67785\/"},"modified":"2025-05-01T21:17:12","modified_gmt":"2025-05-01T21:17:12","slug":"quinze-interpellations-lors-de-la-manifestation-du-1er-mai-a-nantes","status":"publish","type":"post","link":"https:\/\/www.europesays.com\/fr\/67785\/","title":{"rendered":"Quinze interpellations lors de la manifestation du 1er-Mai \u00e0 Nantes"},"content":{"rendered":"<p>Si la manifestation <a href=\"https:\/\/nantes.maville.com\/actu\/actudet_-1er-mai-des-defiles-plus-fournis-que-prevu-en-loire-atlantique-_8-6788334_actu.Htm\" target=\"_self\" rel=\"noopener\">du 1er-Mai a \u00e9t\u00e9 plut\u00f4t bon enfant et familiale dans l\u2019ensemble,<\/a> quinze personnes ont tout de m\u00eame \u00e9t\u00e9 interpell\u00e9es, un chiffre d\u00e9voil\u00e9 par la direction interd\u00e9partementale de la police nationale (DIPN) de Loire-Atlantique et confirm\u00e9 par le parquet de Nantes. C\u2019est le passage devant la pr\u00e9fecture qui a soudainement tendu les esprits. \u00a0Il y avait des policiers dans les jardins de la pr\u00e9fecture. Ils ont subi des jets de projectiles et des tirs de mortiers. La lance \u00e0 incendie a \u00e9t\u00e9 utilis\u00e9e en riposte, comme l\u00e9gitime d\u00e9fense\u00a0, explique une source polici\u00e8re.<\/p>\n<p>Des policiers vis\u00e9s \u00ab\u00a0par des projectiles et des mortiers dans les jardins de la pr\u00e9fecture\u00a0\u00bb<\/p>\n<p>Elle n\u2019a pas suffi \u00e0 calmer les esprits et les deux unit\u00e9s de force mobile d\u00e9ploy\u00e9es pour l\u2019occasion ont fait usage de la force \u00a0apr\u00e8s les sommations\u00a0, indique cette m\u00eame source. Parmi les 15\u00a0personnes interpell\u00e9es, 14\u00a0\u00e9taient toujours en garde \u00e0 vue en fin d\u2019apr\u00e8s-midi pour \u00a0participation avec arme \u00e0 une manifestation, participation \u00e0 un attroupement avec le visage dissimul\u00e9 ou refus de se soumettre \u00e0 des op\u00e9rations de relev\u00e9s signal\u00e9tiques\u00a0. Il s\u2019agit d\u2019hommes et de femmes d\u2019\u00e2ges et de profils divers et vari\u00e9s.<\/p>\n<p>Des tags contre le pr\u00e9fet, une enqu\u00eate ouverte<\/p>\n<p>Des tags contre le pr\u00e9fet ont \u00e9galement \u00e9t\u00e9 aper\u00e7us. Une enqu\u00eate a \u00e9t\u00e9 ouverte pour d\u00e9gradation et provocation par \u00e9crit \u00e0 commettre des actes violents ou un crime contre des personnes indique le parquet.<\/p>\n<p>Quant au 15e mis en cause interpell\u00e9 avant m\u00eame que la manifestation ne d\u00e9marre, il a \u00e9t\u00e9 rel\u00e2ch\u00e9 et s\u2019est vu d\u00e9cerner \u00a0un avertissement p\u00e9nal probatoire\u00a0 pour port d\u2019arme et d\u00e9tention de stup\u00e9fiant.<\/p>\n<p>\u00a0<\/p>\n","protected":false},"excerpt":{"rendered":"Si la manifestation du 1er-Mai a \u00e9t\u00e9 plut\u00f4t bon enfant et familiale dans l\u2019ensemble, quinze personnes ont tout&hellip;\n","protected":false},"author":2,"featured_media":67786,"comment_status":"","ping_status":"","sticky":false,"template":"","format":"standard","meta":{"footnotes":""},"categories":[2818],"tags":[10916,1111,11,1777,674,1011,27,15516,7826,2088,766,12,2636,25],"class_list":{"0":"post-67785","1":"post","2":"type-post","3":"status-publish","4":"format-standard","5":"has-post-thumbnail","7":"category-nantes","8":"tag-1er-mai","9":"tag-actu","10":"tag-actualites","11":"tag-eu","12":"tag-europe","13":"tag-fr","14":"tag-france","15":"tag-interpellations","16":"tag-lors","17":"tag-manifestation","18":"tag-nantes","19":"tag-news","20":"tag-pays-de-la-loire","21":"tag-republique-francaise"},"share_on_mastodon":{"url":"https:\/\/pubeurope.com\/@fr\/114434660295285482","error":""},"_links":{"self":[{"href":"https:\/\/www.europesays.com\/fr\/wp-json\/wp\/v2\/posts\/67785","targetHints":{"allow":["GET"]}}],"collection":[{"href":"https:\/\/www.europesays.com\/fr\/wp-json\/wp\/v2\/posts"}],"about":[{"href":"https:\/\/www.europesays.com\/fr\/wp-json\/wp\/v2\/types\/post"}],"author":[{"embeddable":true,"href":"https:\/\/www.europesays.com\/fr\/wp-json\/wp\/v2\/users\/2"}],"replies":[{"embeddable":true,"href":"https:\/\/www.europesays.com\/fr\/wp-json\/wp\/v2\/comments?post=67785"}],"version-history":[{"count":0,"href":"https:\/\/www.europesays.com\/fr\/wp-json\/wp\/v2\/posts\/67785\/revisions"}],"wp:featuredmedia":[{"embeddable":true,"href":"https:\/\/www.europesays.com\/fr\/wp-json\/wp\/v2\/media\/67786"}],"wp:attachment":[{"href":"https:\/\/www.europesays.com\/fr\/wp-json\/wp\/v2\/media?parent=67785"}],"wp:term":[{"taxonomy":"category","embeddable":true,"href":"https:\/\/www.europesays.com\/fr\/wp-json\/wp\/v2\/categories?post=67785"},{"taxonomy":"post_tag","embeddable":true,"href":"https:\/\/www.europesays.com\/fr\/wp-json\/wp\/v2\/tags?post=67785"}],"curies":[{"name":"wp","href":"https:\/\/api.w.org\/{rel}","templated":true}]}}