{"id":677873,"date":"2026-01-21T00:05:25","date_gmt":"2026-01-21T00:05:25","guid":{"rendered":"https:\/\/www.europesays.com\/fr\/677873\/"},"modified":"2026-01-21T00:05:25","modified_gmt":"2026-01-21T00:05:25","slug":"je-nai-pas-toujours-rencontre-les-bonnes-personnes-18-ans-apres-la-star-academy-alice-raucoules-demain-nous-appartient-prepare-son-grand-retour","status":"publish","type":"post","link":"https:\/\/www.europesays.com\/fr\/677873\/","title":{"rendered":"\u00ab\u00a0Je n&rsquo;ai pas toujours rencontr\u00e9 les bonnes personnes\u00a0\u00bb : 18 ans apr\u00e8s la Star Academy, Alice Raucoules (Demain nous appartient) pr\u00e9pare son grand retour !"},"content":{"rendered":"<p>Alice Raucoules, qui incarne d\u00e9sormais Marion dans Demain nous appartient, est revenue sur la Star Academy o\u00f9 elle s&rsquo;est r\u00e9v\u00e9l\u00e9e en 2008. Pour T\u00e9l\u00e9-Loisirs, elle revient sur les suites de son aventure au ch\u00e2teau et se confie sur un nouveau projet\u2026<\/p>\n<p>Alice Raucoules revient sur le devant de la sc\u00e8ne. Apr\u00e8s un parcours m\u00e9morable lors de la Star Academy 8, o\u00f9 elle s\u2019\u00e9tait hiss\u00e9e jusqu\u2019en finale en 2008, c\u2019est d\u00e9sormais dans Demain nous appartient que la jeune maman s&rsquo;illustre <a href=\"https:\/\/www.programme-tv.net\/news\/series-tv\/396000-demain-nous-appartient-en-avance-bart-se-fait-agresser-par-mathieu-erica-fini-par-accepter-les-avances-de-son-harceleur-pour-proteger-marceau-le-resume-de-l-episode-2121-du-lundi-19-janvier-2026\/\" data-api-deeplink=\"teleloisirs:\/\/news\/396000\" target=\"_blank\" rel=\"noopener\">depuis ce lundi 19 janvier 2026.<\/a> Un nouveau d\u00e9fi de taille <a href=\"https:\/\/www.programme-tv.net\/news\/series-tv\/396117-demain-nous-appartient-c-est-comme-la-star-academy-j-en-ai-reve-j-y-ai-participe-alice-raucoules-marion-delaroche-evoque-ses-premiers-pas-dans-la-serie-de-tf1\/\" data-api-deeplink=\"teleloisirs:\/\/news\/396117\" target=\"_blank\" rel=\"noopener\">pour celle qui s\u2019est r\u00e9cemment confi\u00e9e sur ses premiers pas dans le feuilleton de la Une<\/a> et son personnage, la substitut du procureur Marion Delaroche. Mais si Alice Raucoules se pla\u00eet \u00e0 jouer la com\u00e9die &#8211; elle a notamment \u00e9t\u00e9 vue dans les s\u00e9ries Dreams : 1 r\u00eave, 2 vies aux c\u00f4t\u00e9s de <a href=\"https:\/\/www.programme-tv.net\/biographie\/108391-vae-magalie\/\" data-link-people=\"639899d5-0dc6-49ff-8f3c-c13fed111351\" target=\"_blank\" rel=\"noopener\">Magalie Va\u00e9<\/a> <a href=\"https:\/\/www.programme-tv.net\/news\/tv\/395354-ca-nous-fait-mal-au-coeur-la-desillusion-de-magalie-vae-star-academy-en-retournant-au-chateau-de-dammarie-les-lys\/\" data-api-deeplink=\"teleloisirs:\/\/news\/395354\" target=\"_blank\" rel=\"noopener\">qui a eu \u00ab\u00a0mal au c\u0153ur\u00a0\u00bb lors de son retour au ch\u00e2teau de Dammarie-les-Lys<\/a>, ou Camping paradis &#8211; l&rsquo;ex-acad\u00e9micienne n&rsquo;a pas renonc\u00e9 \u00e0 son premier amour : la musique. Elle s\u2019est ainsi confi\u00e9e \u00e0 T\u00e9l\u00e9-Loisirs sur son apr\u00e8s-Star Academy et sur son retour imminent en chansons !<\/p>\n<p>                        Alice Raucoules (Demain nous appartient) a un projet musical avec le fr\u00e8re du chanteur M<\/p>\n<p>En 2008, Alice Raucoules faisait ses premiers pas \u00e0 l&rsquo;\u00e9cran\u2026 et s\u00e9duisait le public de la Star Academy qui allait la sauver \u00e0 sept reprises de l&rsquo;\u00e9limination jusqu&rsquo;\u00e0 la finale du t\u00e9l\u00e9-crochet, <a href=\"https:\/\/www.programme-tv.net\/news\/tv\/391951-ils-m-ont-sauve-six-fois-ulysse-recordman-de-nominations-a-la-star-academy-il-explique-pourquoi-il-ratait-toujours-ses-evaluations\/\" data-api-deeplink=\"teleloisirs:\/\/news\/391951\" target=\"_blank\" rel=\"noopener\">un record qu&rsquo;elle co-d\u00e9tient avec Ulysse de la promotion 2024.<\/a> Cette aventure l&rsquo;avait notamment vue partager la sc\u00e8ne avec de grandes stars internationales, \u00e0 l&rsquo;image d&rsquo;un duo avec Beyonc\u00e9, dont elle s&rsquo;est souvenue avec \u00e9motion : \u00ab\u00a0C&rsquo;\u00e9tait dingue ! Elle \u00e9tait super sympa, elle me prenait la main, on se faisait des petits \u00ab\u00a0checks de fesses\u00a0\u00bb et, lors des r\u00e9p\u00e9titions, elle m&rsquo;a dit : on fait la chanson autant de fois que tu veux. J&rsquo;ai eu l&rsquo;impression que c&rsquo;\u00e9tait ma copine pendant 5 minutes, c&rsquo;\u00e9tait fou\u00a0\u00bb.<\/p>\n<p>Alors que la saison 13 de Star Academy touche bient\u00f4t \u00e0 sa fin, avec une premi\u00e8re demi-finale diffus\u00e9e ce samedi 24 janvier 2026, Alice Raucoules, qui s&rsquo;\u00e9tait inclin\u00e9e lors de l&rsquo;ultime prime face \u00e0 Mickels,  a livr\u00e9 quelques conseils aux nouveaux \u00e9l\u00e8ves pour tracer leur chemin \u00e0 la sortie du ch\u00e2teau : \u00ab\u00a0Je dirais qu&rsquo;il faut garder en t\u00eate son univers et s&rsquo;entourer des bonnes personnes. Moi, je n&rsquo;ai pas toujours rencontr\u00e9 les bonnes personnes en sortant et \u00e7a peut ralentir. Il faut aussi ne pas trop se laisser influencer par ce que les gens peuvent projeter comme image sur nous par rapport \u00e0 ce qu&rsquo;ils ont vu, rester proche de soi-m\u00eame et de ce qu&rsquo;on veut faire.\u00a0\u00bb<\/p>\n<p>Si Alice Raucoules conc\u00e8de avoir \u00e9t\u00e9 mal entour\u00e9e apr\u00e8s la Star Academy, ce temps est r\u00e9volu. En effet, celle qui vient d&rsquo;arriver dans Demain nous appartient va bient\u00f4t faire son retour en chansons. Et pour cela, elle a pu compter sur le talent de Joseph Chedid, le fr\u00e8re du chanteur M : \u00ab\u00a0J&rsquo;avais commenc\u00e9 \u00e0 composer et \u00e9crire une vingtaine de chansons pendant le confinement, je lui ai demand\u00e9 si \u00e7a l&rsquo;int\u00e9ressait de les r\u00e9aliser et il a dit oui. On a r\u00e9alis\u00e9 6 titres qui vont sortir en 2026 !\u00a0\u00bb. <\/p>\n","protected":false},"excerpt":{"rendered":"Alice Raucoules, qui incarne d\u00e9sormais Marion dans Demain nous appartient, est revenue sur la Star Academy o\u00f9 elle&hellip;\n","protected":false},"author":2,"featured_media":677874,"comment_status":"","ping_status":"","sticky":false,"template":"","format":"standard","meta":{"footnotes":""},"categories":[1356],"tags":[77599,244,3598,58,77600,59,1011,27,77601,5095,4582,252,199,1364,77602],"class_list":{"0":"post-677873","1":"post","2":"type-post","3":"status-publish","4":"format-standard","5":"has-post-thumbnail","7":"category-television","8":"tag-alice-raucoules","9":"tag-commentaire","10":"tag-demain-nous-appartient","11":"tag-divertissement","12":"tag-dreams","13":"tag-entertainment","14":"tag-fr","15":"tag-france","16":"tag-guid_3125536864001","17":"tag-star-academy","18":"tag-tel","19":"tag-television","20":"tag-tf1","21":"tag-tv","22":"tag-uuid_e5311f4d-b99c-4275-8950-013c34564673"},"share_on_mastodon":{"url":"https:\/\/pubeurope.com\/@fr\/115930170927757158","error":""},"_links":{"self":[{"href":"https:\/\/www.europesays.com\/fr\/wp-json\/wp\/v2\/posts\/677873","targetHints":{"allow":["GET"]}}],"collection":[{"href":"https:\/\/www.europesays.com\/fr\/wp-json\/wp\/v2\/posts"}],"about":[{"href":"https:\/\/www.europesays.com\/fr\/wp-json\/wp\/v2\/types\/post"}],"author":[{"embeddable":true,"href":"https:\/\/www.europesays.com\/fr\/wp-json\/wp\/v2\/users\/2"}],"replies":[{"embeddable":true,"href":"https:\/\/www.europesays.com\/fr\/wp-json\/wp\/v2\/comments?post=677873"}],"version-history":[{"count":0,"href":"https:\/\/www.europesays.com\/fr\/wp-json\/wp\/v2\/posts\/677873\/revisions"}],"wp:featuredmedia":[{"embeddable":true,"href":"https:\/\/www.europesays.com\/fr\/wp-json\/wp\/v2\/media\/677874"}],"wp:attachment":[{"href":"https:\/\/www.europesays.com\/fr\/wp-json\/wp\/v2\/media?parent=677873"}],"wp:term":[{"taxonomy":"category","embeddable":true,"href":"https:\/\/www.europesays.com\/fr\/wp-json\/wp\/v2\/categories?post=677873"},{"taxonomy":"post_tag","embeddable":true,"href":"https:\/\/www.europesays.com\/fr\/wp-json\/wp\/v2\/tags?post=677873"}],"curies":[{"name":"wp","href":"https:\/\/api.w.org\/{rel}","templated":true}]}}