{"id":67789,"date":"2025-05-01T21:20:13","date_gmt":"2025-05-01T21:20:13","guid":{"rendered":"https:\/\/www.europesays.com\/fr\/67789\/"},"modified":"2025-05-01T21:20:13","modified_gmt":"2025-05-01T21:20:13","slug":"ferme-depuis-plus-dun-an-ce-bar-a-cocktails-repute-de-toulouse-va-rouvrir-a-un-tout-autre-endroit","status":"publish","type":"post","link":"https:\/\/www.europesays.com\/fr\/67789\/","title":{"rendered":"Ferm\u00e9 depuis plus d&rsquo;un an, ce bar \u00e0 cocktails r\u00e9put\u00e9 de Toulouse va rouvrir \u00e0 un tout autre endroit"},"content":{"rendered":"<p>            Par<br \/>\n        <strong><br \/>\n            <a href=\"https:\/\/actu.fr\/auteur\/mareva-laville-actu-fr\" title=\"Consulter tous les articles de Mar\u00e9va Laville\" target=\"_blank\" rel=\"noopener\">Mar\u00e9va Laville<\/a><br \/>\n        <\/strong><\/p>\n<p>        Publi\u00e9 le<\/p>\n<p>            1 mai 2025 \u00e0 12h12        <\/p>\n<p><a href=\"https:\/\/actu.fr\/occitanie\/toulouse_31555\/toulouse-bars-du-centre-ville-contre-guinguettes-la-guerre-des-terrasses_60972537.html\" target=\"_blank\" rel=\"noopener\">Avoir une <strong>terrasse<\/strong> <\/a>et une cuisine suffisamment grande pour faire de la restauration. C\u2019\u00e9taient les deux souhaits de<strong> Morgane Peyrot-Blanchard <\/strong>et <strong>Nicolas Blanchard<\/strong>, les fondateurs du <strong>bar \u00e0 cocktails L\u2019Heure du Singe<\/strong>,<a href=\"https:\/\/actu.fr\/occitanie\/toulouse_31555\/toulouse-ferme-en-catimini-ce-bar-a-cocktail-veut-rebondir-ailleurs-en-ville_60895572.html\" target=\"_blank\" rel=\"noopener\"> qui ont ferm\u00e9 leur local de la rue Pierre-Paul Riquet l\u2019an dernier<\/a>. Et pour cela\u2026 Il fallait changer d\u2019adresse\u2009! C\u2019est d\u00e9sormais chose faite.<\/p>\n<p>Cap au centre-ville pour L\u2019Heure du Singe<\/p>\n<p class=\" wall-content\">Les fid\u00e8les de L\u2019Heure du singe l\u2019ont peut-\u00eatre d\u00e9j\u00e0 remarqu\u00e9 ou bien, ont guett\u00e9 le retour de leur bar. Celui qui animait le quartier Saint-Aubin a chang\u00e9 de quartier, direction la place du Salin, entre les Carmes et Palais de Justice. <strong>Rue du Languedoc,<\/strong> L\u2019Heure du Singe investira l\u2019ancien Bouillon Languedoc. <strong>Ouverture pr\u00e9vue mardi 13 mai\u2009 \u00e0 18h !<\/strong><\/p>\n<p>    <a href=\"https:\/\/www.google.com\/maps\/embed?pb=!1m18!1m12!1m3!1d1659.23892128119!2d1.4426272734205232!3d43.59490255620353!2m3!1f0!2f0!3f0!3m2!1i1024!2i768!4f13.1!3m3!1m2!1s0x12aebc974590d43d%3A0xd77a7aa81bb55ddb!2sL%27Heure%20du%20Singe!5e1!3m2!1sfr!2sfr!4v1746031472278!5m2!1sfr!2sfr\" title=\"Ouvrie le lien\" target=\"_blank\" rel=\"noopener\">Cliquez ici pour visualiser le contenu<\/a><\/p>\n<p>Cuisine fran\u00e7aise et terrasse en plein soleil<\/p>\n<p class=\" wall-content\">\u00c0 cet endroit, les clients de L\u2019Heure du Singe pourront profiter d\u2019une <strong>trentaine de places en terrasse<\/strong>, contre une <strong>cinquantaine \u00e0 l\u2019int\u00e9rieur.\u00a0<\/strong>Tandis que les habitu\u00e9s de l\u2019ancien restaurant retrouveront une adresse pour manger, les midis notamment, avec \u00ab\u2009une cuisine fran\u00e7aise d\u2019inspiration Bouillon, mais pas traditionnel\u2009\u00bb, d\u00e9taille Nicolas Blanchard.<\/p>\n<p class=\" wall-content\">L\u2019id\u00e9e \u00e9tant d\u2019associer la carte des cocktails aux plats, \u00ab\u2009comme on peut faire avec la bi\u00e8re et le vin\u2009\u00bb.<\/p>\n<p>      <img   decoding=\"async\" loading=\"lazy\" src=\"https:\/\/www.europesays.com\/fr\/wp-content\/uploads\/2025\/05\/terrasse-heure-du-singe-960x640.jpeg\" alt=\"La terrasse sera compos\u00e9e d'une trentaine de places au soleil.\" width=\"960\" height=\"640\"\/><br \/>\n    La terrasse sera compos\u00e9e d\u2019une trentaine de places au soleil. (\u00a9Mar\u00e9va Laville \/ Actu Toulouse)Des cocktails \u00e0 base de vin \u00e0 associer avec les mets<\/p>\n<p class=\" wall-content\">Pour ce faire, Nicolas Blanchard et Morgane Peyrot-Blanchard ont imagin\u00e9 une toute nouvelle carte de boissons. Si les cocktails restent class\u00e9s comme autrefois par cat\u00e9gorie \u2013 classiques, conviviaux, exp\u00e9rimentaux, palais aff\u00fbt\u00e9 et sans alcool -, leurs saveurs diff\u00e8rent. Il faut chercher la nuance dans les ingr\u00e9dients\u2026<\/p>\n<p class=\" wall-content\">\u00ab\u2009On va travailler avec beaucoup d\u2019eaux-de-vie et de vins, notamment des vins de mac\u00e9ration\u2009\u00bb, d\u00e9voile Nicolas Blanchard. Dans les cr\u00e9ations de l\u2019Heure du Singe 2.0, on trouvera alors des <strong>vins oxydatifs<\/strong> (vin qui a subi une oxyg\u00e9nation en entrant en contact avec de l\u2019air, NDLR.), des <strong>p\u00e9tillants naturels<\/strong>, des <strong>vins orange <\/strong>ou encore du <strong>Banyuls<\/strong>.<\/p>\n<blockquote class=\"ac-article-quote wall-content\">\n<p>On va s&rsquo;amuser avec ces vins qui sont sous-c\u00f4t\u00e9s et \u00e7a permettra de faire un pont naturel avec la cuisine.<\/p>\n<p>    <strong>Nicolas Blanchard<\/strong><br \/>\n        cofondateur de L&rsquo;Heure du Singe    <\/p><\/blockquote>\n<p class=\" wall-content\">De quoi donner l\u2019eau \u00e0 la bouche aux curieux qui souhaiteraient sortir des sentiers battus. \u00ab\u2009On notera des suggestions, comme on le faisait d\u00e9j\u00e0, comme les \u0153ufs de truite avec un Dry Martini\u2009\u00bb, illustre Nicolas Blanchard. \u00c0 d\u00e9guster, en plus et id\u00e9alement, avec une belle musique de fond.<\/p>\n<p>Vinyles de collection pour \u00ab\u2009un bar d\u2019\u00e9coute en mangeant\u2009\u00bb<\/p>\n<p class=\" wall-content\">Car la r\u00e9ouverture de L\u2019Heure du Singe amplifiera son ADN originel. \u00ab\u2009L\u2019id\u00e9e, c\u2019est de faire un listening bar avec du super son\u2009! Un <strong>bar audiophile<\/strong> inspir\u00e9 de ce qui se fait au Japon depuis une dizaine d\u2019ann\u00e9es\u2009\u00bb, se r\u00e9jouit par avance Nicolas Blanchard.<\/p>\n<p class=\" wall-content\">\u00c0 trois semaines de l\u2019ouverture, tout est d\u00e9j\u00e0 install\u00e9. Magn\u00e9tophone, <strong>platines vinyles,<\/strong> amplificateur\u2026 Et<strong> dix enceintes r\u00e9parties dans les deux salles du bar<\/strong> \u00ab\u2009pour que le son ne soit jamais fort, mais bien partout\u2009\u00bb.<\/p>\n<p>      <img   decoding=\"async\" loading=\"lazy\" src=\"https:\/\/www.europesays.com\/fr\/wp-content\/uploads\/2025\/05\/platines-vinyles-960x640.jpeg\" alt=\"Les DJs pourront faire tourner leurs vinyles sur les platines \u00e0 c\u00f4t\u00e9 du bar.\" width=\"960\" height=\"640\"\/><br \/>\n    Les DJs pourront jouer leurs vinyles sur les platines \u00e0 c\u00f4t\u00e9 du bar. (\u00a9Mar\u00e9va Laville \/ Actu Toulouse)<\/p>\n<p class=\" wall-content\">Des DJs seront r\u00e9guli\u00e8rement invit\u00e9s. Mais pas n\u2019importe lesquels. \u00c0 L\u2019Heure du Singe, on vise plut\u00f4t les <strong>collectionneurs de disques.<\/strong> Soul, funk, hip-hop\u2026 Il y en aura pour tous les go\u00fbts tant que le son est de qualit\u00e9 et<strong> l\u2019ambiance musicale reste \u00ab\u2009hyper travaill\u00e9e\u2009\u00bb.<\/strong> \u00ab\u2009Ce sera un bar d\u2019\u00e9coute en mangeant et en buvant des cocktails\u2009\u00bb, tease Nicolas Blanchard.<\/p>\n<p>Lumineux le midi, intimiste le soir<\/p>\n<p class=\" wall-content\">Midi comme soir et avec deux ambiances diff\u00e9rentes. \u00ab\u2009C\u2019est d\u2019ailleurs la feuille de route qu\u2019on a \u00e9t\u00e9 donn\u00e9 \u00e0 l\u2019architecte avec qui on a travaill\u00e9\u2009\u00bb, raconte Nicolas Blanchard. Chaque jour, L\u2019Heure du Singe devra \u00eatre capable de faire le grand \u00e9cart avec un<strong> esprit lumineux \u00e0 la mi-journ\u00e9e<\/strong> et un<strong> c\u00f4t\u00e9 intimiste le soir.<\/strong><\/p>\n<p class=\" wall-content\">Une atmosph\u00e8re retranscrite \u00e0 l\u2019int\u00e9rieur par un jeu de mati\u00e8res brutes et synth\u00e9tiques. Entre bois, briquettes, et n\u00e9on. Sobre et p\u00e9tillant \u00e0 la fois. Digne de L\u2019Heure du Singe.<\/p>\n<p>L\u2019Heure du Singe<br \/>4 rue du Languedoc<br \/>Ouverture le 13\u00a0mai<br \/>Du lundi au vendredi midi et soir jusqu\u2019\u00e0 2\u2009h<\/p>\n<p class=\" wall-content\">Suivez toute l\u2019actualit\u00e9 de vos villes et m\u00e9dias favoris en vous inscrivant \u00e0 <a href=\"https:\/\/moncompte.actu.fr\" title=\"D\u00e9couvez Mon Actu\" rel=\"nofollow noopener\" data-trk=\"{&quot;cta&quot;:{&quot;action&quot;:&quot;https:\\\/\\\/moncompte.actu.fr&quot;,&quot;category&quot;:&quot;mon compte&quot;,&quot;from&quot;:&quot;article footer&quot;,&quot;name&quot;:&quot;Mon actu&quot;,&quot;type&quot;:&quot;cta&quot;}}\" target=\"_blank\">Mon Actu<\/a>.<\/p>\n<ul class=\"ac-article-tag wall-content\">\n<li><a href=\"https:\/\/actu.fr\/tag\/nouveaux-commerces-a-toulouse\" data-trk=\"{&quot;cta&quot;:{&quot;action&quot;:&quot;Nouveaux commerces \\u00e0 Toulouse&quot;,&quot;category&quot;:&quot;tag&quot;,&quot;from&quot;:&quot;article footer&quot;,&quot;name&quot;:&quot;Nouveaux commerces \\u00e0 Toulouse&quot;,&quot;type&quot;:&quot;cta&quot;}}\" target=\"_blank\" rel=\"noopener\">#Nouveaux commerces \u00e0 Toulouse<\/a><\/li>\n<li><a href=\"https:\/\/actu.fr\/tag\/restaurants-de-toulouse\" data-trk=\"{&quot;cta&quot;:{&quot;action&quot;:&quot;Restaurants de Toulouse&quot;,&quot;category&quot;:&quot;tag&quot;,&quot;from&quot;:&quot;article footer&quot;,&quot;name&quot;:&quot;Restaurants de Toulouse&quot;,&quot;type&quot;:&quot;cta&quot;}}\" target=\"_blank\" rel=\"noopener\">#Restaurants de Toulouse<\/a><\/li>\n<\/ul>\n","protected":false},"excerpt":{"rendered":"Par Mar\u00e9va Laville Publi\u00e9 le 1 mai 2025 \u00e0 12h12 Avoir une terrasse et une cuisine suffisamment grande&hellip;\n","protected":false},"author":2,"featured_media":67790,"comment_status":"","ping_status":"","sticky":false,"template":"","format":"standard","meta":{"footnotes":""},"categories":[2816],"tags":[1111,11,1777,674,1011,27,1305,12,2849,2680,25,2850,2312],"class_list":{"0":"post-67789","1":"post","2":"type-post","3":"status-publish","4":"format-standard","5":"has-post-thumbnail","7":"category-toulouse","8":"tag-actu","9":"tag-actualites","10":"tag-eu","11":"tag-europe","12":"tag-fr","13":"tag-france","14":"tag-lifestyle","15":"tag-news","16":"tag-nouveaux-commerces-a-toulouse","17":"tag-occitanie","18":"tag-republique-francaise","19":"tag-restaurants-de-toulouse","20":"tag-toulouse"},"share_on_mastodon":{"url":"https:\/\/pubeurope.com\/@fr\/114434672119061842","error":""},"_links":{"self":[{"href":"https:\/\/www.europesays.com\/fr\/wp-json\/wp\/v2\/posts\/67789","targetHints":{"allow":["GET"]}}],"collection":[{"href":"https:\/\/www.europesays.com\/fr\/wp-json\/wp\/v2\/posts"}],"about":[{"href":"https:\/\/www.europesays.com\/fr\/wp-json\/wp\/v2\/types\/post"}],"author":[{"embeddable":true,"href":"https:\/\/www.europesays.com\/fr\/wp-json\/wp\/v2\/users\/2"}],"replies":[{"embeddable":true,"href":"https:\/\/www.europesays.com\/fr\/wp-json\/wp\/v2\/comments?post=67789"}],"version-history":[{"count":0,"href":"https:\/\/www.europesays.com\/fr\/wp-json\/wp\/v2\/posts\/67789\/revisions"}],"wp:featuredmedia":[{"embeddable":true,"href":"https:\/\/www.europesays.com\/fr\/wp-json\/wp\/v2\/media\/67790"}],"wp:attachment":[{"href":"https:\/\/www.europesays.com\/fr\/wp-json\/wp\/v2\/media?parent=67789"}],"wp:term":[{"taxonomy":"category","embeddable":true,"href":"https:\/\/www.europesays.com\/fr\/wp-json\/wp\/v2\/categories?post=67789"},{"taxonomy":"post_tag","embeddable":true,"href":"https:\/\/www.europesays.com\/fr\/wp-json\/wp\/v2\/tags?post=67789"}],"curies":[{"name":"wp","href":"https:\/\/api.w.org\/{rel}","templated":true}]}}