{"id":678048,"date":"2026-01-21T01:57:39","date_gmt":"2026-01-21T01:57:39","guid":{"rendered":"https:\/\/www.europesays.com\/fr\/678048\/"},"modified":"2026-01-21T01:57:39","modified_gmt":"2026-01-21T01:57:39","slug":"a-une-heure-de-lille-un-lieu-dexception-vous-ouvre-les-portes-de-lunivers-harry-potter","status":"publish","type":"post","link":"https:\/\/www.europesays.com\/fr\/678048\/","title":{"rendered":"\u00c0 une heure de Lille, un lieu d\u2019exception vous ouvre les portes de l\u2019univers Harry Potter"},"content":{"rendered":"<p>                    Par<br \/>\n        <strong><br \/>\n            <a href=\"https:\/\/actu.fr\/auteur\/raphael-mahlmann\" title=\"Consulter tous les articles de Rapha\u00ebl Mahlmann\" target=\"_blank\" rel=\"noopener\">Rapha\u00ebl Mahlmann<\/a><br \/>\n                    <\/strong><\/p>\n<p>        Publi\u00e9 le<\/p>\n<p>            17 janv. 2026 \u00e0 10h28        <\/p>\n<p>Avis aux fans d\u2019Harry Potter\u2009! Le <b>Poudlard Experience <\/b>revient samedi 7\u00a0f\u00e9vrier 2026 au<a href=\"https:\/\/actu.fr\/hauts-de-france\/leffrinckoucke_59340\/nord-un-impressionnant-spectacle-de-cascade-de-cinema-organise-dans-un-lieu-historique_62806116.html\" target=\"_blank\" rel=\"noopener\"> Fort des Dunes de Leffrinckoucke<\/a>, pr\u00e8s de Dunkerque (Nord). Cette troisi\u00e8me \u00e9dition aura pour th\u00e8me \u201cles forces obscures\u201d. On vous en dit plus sur la programmation.<\/p>\n<p>Harry Potter \u00e0 Leffrinckoucke<\/p>\n<p class=\" wall-content\">De 10h \u00e0 17h, <b>ateliers, spectacles et jeux <\/b>seront propos\u00e9s dans un d\u00e9cor immersif inspir\u00e9 des livres et films. Des nouveaut\u00e9s vous attendent cette ann\u00e9e\u2009: <b>un atelier de potions comestibles <\/b>anim\u00e9 par Chuchotements de fleurs vous permettra de vous initier aux m\u00e9langes de plantes magiques\u2009!<\/p>\n<p class=\" wall-content\"><b>Un espace ludoth\u00e8que <\/b>anim\u00e9 par l\u2019association Meeples and Cie sera \u00e9galement install\u00e9. Pour ceux souhaitant se transformer en sorcier, des <b>stands maquillage et tatouages \u00e9ph\u00e9m\u00e8res seront sur place. <\/b>Et pourquoi ne pas se laisser tenter par une petite bi\u00e8re-au-beurre \u00e0 l\u2019auberge du Chaudron baveur\u2009?<\/p>\n<p class=\" wall-content\">Au Zum th\u00e9\u00e2tre, <b>un duo de sorci\u00e8res <\/b>\u00ab\u2009vous prouvera que la magie n\u2019est pas toujours ce qu\u2019elle semble \u00eatre\u2009\u00bb, et une harpiste \u00ab\u2009vous enchantera gr\u00e2ce \u00e0 ses partitions tir\u00e9es des plus belles sc\u00e8nes des films\u2009\u00bb. Un<b> atelier illustration<\/b><b> <\/b>anim\u00e9 par H\u00e9l\u00e8ne V sera exclusivement d\u00e9di\u00e9 aux sorciers entre 12 et 15\u00a0ans.<\/p>\n<p class=\" wall-content\">\u00c0 17h, un <b>concours de cosplay <\/b>r\u00e9compensera<b> <\/b>les plus belles tenues. Un grand quiz aura lieu \u00e0 18h sur le th\u00e8me de Voldemort et ses acolytes. La journ\u00e9e se cl\u00f4turera \u00e0 19h30 avec<b> un combat de sorciers \u00ab\u2009\u00e9poustouflant\u2009\u00bb.<\/b><\/p>\n<p class=\" wall-content\">Tout au long de la journ\u00e9e, retrouvez les stands de la Bouilloire aux livres et de Cl\u00e9m\u2019 des champs.<\/p>\n<p class=\" wall-content\">Plus d\u2019informations sur le site du Fort\u2009: <a href=\"https:\/\/fort-des-dunes.fr\/\" target=\"_blank\" rel=\"noopener\">www.fort-des-dunes.fr<\/a><\/p>\n<p class=\" wall-content\">Personnalisez votre actualit\u00e9 en ajoutant vos villes et m\u00e9dias en favori avec <a href=\"https:\/\/moncompte.actu.fr\" title=\"D\u00e9couvez Mon Actu\" rel=\"nofollow noopener\" data-trk=\"{&quot;cta&quot;:{&quot;action&quot;:&quot;https:\\\/\\\/moncompte.actu.fr&quot;,&quot;category&quot;:&quot;mon compte&quot;,&quot;from&quot;:&quot;article footer&quot;,&quot;name&quot;:&quot;Mon actu&quot;,&quot;type&quot;:&quot;cta&quot;}}\" target=\"_blank\">Mon Actu<\/a>.<\/p>\n","protected":false},"excerpt":{"rendered":"Par Rapha\u00ebl Mahlmann Publi\u00e9 le 17 janv. 2026 \u00e0 10h28 Avis aux fans d\u2019Harry Potter\u2009! Le Poudlard Experience&hellip;\n","protected":false},"author":2,"featured_media":678049,"comment_status":"","ping_status":"","sticky":false,"template":"","format":"standard","meta":{"footnotes":""},"categories":[2815],"tags":[1111,11,1063,1777,674,1011,27,811,1307,12,25,104],"class_list":{"0":"post-678048","1":"post","2":"type-post","3":"status-publish","4":"format-standard","5":"has-post-thumbnail","7":"category-lille","8":"tag-actu","9":"tag-actualites","10":"tag-animations","11":"tag-eu","12":"tag-europe","13":"tag-fr","14":"tag-france","15":"tag-hauts-de-france","16":"tag-lille","17":"tag-news","18":"tag-republique-francaise","19":"tag-societe"},"share_on_mastodon":{"url":"https:\/\/pubeurope.com\/@fr\/115930611278551162","error":""},"_links":{"self":[{"href":"https:\/\/www.europesays.com\/fr\/wp-json\/wp\/v2\/posts\/678048","targetHints":{"allow":["GET"]}}],"collection":[{"href":"https:\/\/www.europesays.com\/fr\/wp-json\/wp\/v2\/posts"}],"about":[{"href":"https:\/\/www.europesays.com\/fr\/wp-json\/wp\/v2\/types\/post"}],"author":[{"embeddable":true,"href":"https:\/\/www.europesays.com\/fr\/wp-json\/wp\/v2\/users\/2"}],"replies":[{"embeddable":true,"href":"https:\/\/www.europesays.com\/fr\/wp-json\/wp\/v2\/comments?post=678048"}],"version-history":[{"count":0,"href":"https:\/\/www.europesays.com\/fr\/wp-json\/wp\/v2\/posts\/678048\/revisions"}],"wp:featuredmedia":[{"embeddable":true,"href":"https:\/\/www.europesays.com\/fr\/wp-json\/wp\/v2\/media\/678049"}],"wp:attachment":[{"href":"https:\/\/www.europesays.com\/fr\/wp-json\/wp\/v2\/media?parent=678048"}],"wp:term":[{"taxonomy":"category","embeddable":true,"href":"https:\/\/www.europesays.com\/fr\/wp-json\/wp\/v2\/categories?post=678048"},{"taxonomy":"post_tag","embeddable":true,"href":"https:\/\/www.europesays.com\/fr\/wp-json\/wp\/v2\/tags?post=678048"}],"curies":[{"name":"wp","href":"https:\/\/api.w.org\/{rel}","templated":true}]}}