{"id":678067,"date":"2026-01-21T02:08:16","date_gmt":"2026-01-21T02:08:16","guid":{"rendered":"https:\/\/www.europesays.com\/fr\/678067\/"},"modified":"2026-01-21T02:08:16","modified_gmt":"2026-01-21T02:08:16","slug":"a-paris-jeanne-friot-etudes-studio-et-studio-valette-lancent-la-fashion-week","status":"publish","type":"post","link":"https:\/\/www.europesays.com\/fr\/678067\/","title":{"rendered":"\u00c0 Paris, Jeanne Friot, Etudes Studio et Studio Valette lancent la Fashion Week"},"content":{"rendered":"<p>\n                                    <b>Publi\u00e9 le<\/b><br \/>\n                                    <\/p>\n<p>                                        21 janvier 2026<\/p>\n<p class=\"article-content col-md-8 offset-md-1\">\n                                La semaine de la mode Homme de Paris s&rsquo;est ouverte ce mardi en faisant la part belle aux cr\u00e9atifs fran\u00e7ais. Avant le show Louis Vuitton de Pharrell Williams, Jeanne Friot, <a class=\"fnwAddLinks\" href=\"https:\/\/fr.fashionnetwork.com\/tags-etudes\" title=\"Etudes\" target=\"_blank\" rel=\"noopener\">Etudes<\/a> Studio et Valette Studio ont d\u00e9voil\u00e9 leurs propositions pour l&rsquo;Automne-Hiver 2026.<\/p>\n<p class=\"col-md-10 exergue\">Jeanne Friot: manifeste queer pour \u00e9veiller la Fashion Week<\/p>\n<p>Avec son show baptis\u00e9 Awake, Jeanne Friot a litt\u00e9ralement fait lever son public invit\u00e9 au Th\u00e9\u00e2tre du Rond-Point des Champs-\u00c9lys\u00e9es. La cr\u00e9atrice fran\u00e7aise, qui avec son premier d\u00e9fil\u00e9 au calendrier officiel a ouvert le bal parisien avec un spectacle survitamin\u00e9 et, comme \u00e0 son habitude, engag\u00e9 pour la d\u00e9fense des causes LGBTQIAP+.<\/p>\n<p><a class=\"btn btn-dark\" target=\"_blank\" href=\"https:\/\/jp.fashionnetwork.com\/galeries\/photos\/Jeanne-Friot,73920.html\" rel=\"noopener\">Voir le d\u00e9fil\u00e9<\/a><img decoding=\"async\" class=\"news-image\" style=\"width:100%;\" src=\"https:\/\/www.europesays.com\/fr\/wp-content\/uploads\/2026\/01\/fa43.jpg\" alt=\"Jeanne Friot - Fall-Winter2026 - 2027 - Menswear - France - Paris\" loading=\"lazy\"\/>Jeanne Friot &#8211; Fall-Winter2026 &#8211; 2027 &#8211; Menswear &#8211; France &#8211; Paris &#8211; \u00a9Launchmetrics\/spotlight<\/p>\n<p>Ce d\u00e9voilement de sa collection automne-hiver 2026 m\u00ealant d\u00e9fil\u00e9 et chor\u00e9graphie, imagin\u00e9e avec la chor\u00e9graphe Maud Le Pladec et la troupe du Ballet de Lorraine, n&rsquo;aurait pas pu \u00eatre plus d&rsquo;actualit\u00e9 avec les r\u00e9cents faits divers et coups de menton du pr\u00e9sident am\u00e9ricain. La cr\u00e9atrice trentenaire invite au r\u00e9veil des consciences, faisant porter un tee-shirt floqu\u00e9 du slogan It&rsquo;s never too late to fight fascism\u00a0(il n&rsquo;est jamais trop tard pour combattre le fascisme) par plusieurs danseurs.<\/p>\n<p>Au-del\u00e0 des mots, la cr\u00e9atrice a ouvert son propos avec trois femmes fortes, en tailleur de tweed noir avec une veste crop, en robe cocktail revisit\u00e9e dans un tartan compos\u00e9 de sequins argent\u00e9s, rouges et violets port\u00e9e par un mannequin au maquillage gothique longue robe et en ensemble veste et mini-jupe en simili-cuir noir rehauss\u00e9 d&rsquo;un jeu de sangles et boucles m\u00e9talliques (une de ses obsessions appliqu\u00e9e en horizontal ou vertical pour composer des jupes ou robes), toujours avec des r\u00e9f\u00e9rences au vestiaire queer.<\/p>\n<p class=\"col-md-8 offset-md-1 article-content--texte\">Mais rapidement, danseurs et danseuses, v\u00eatus de combinaison en tartan coupl\u00e9e \u00e0 des cuissardes, mini short en simili-cuir, top en tulle color\u00e9 ou hoodie noir en sequins, ont engag\u00e9 une chor\u00e9graphie au rythme haletant. Jusqu&rsquo;\u00e0 l&rsquo;entr\u00e9e de deux femmes en tailleurs amples, l&rsquo;un noir, l&rsquo;autre blanc. Les deux mannequins se rapprochant jusqu&rsquo;\u00e0 se toiser, se toucher et s&#8217;embrasser intens\u00e9ment et longuement, se m\u00ealant tel le yin et le yang, alors que tout autour, plus proche, la troupe montait encore en intensit\u00e9 d&rsquo;expression sc\u00e9nique. Un tableau qui a fait na\u00eetre une vague d&rsquo;approbation dans les rangs du th\u00e9\u00e2tre parisien.<\/p>\n<p><a class=\"btn btn-dark\" target=\"_blank\" href=\"https:\/\/jp.fashionnetwork.com\/galeries\/photos\/Jeanne-Friot,73920.html\" rel=\"noopener\">Voir le d\u00e9fil\u00e9<\/a><img decoding=\"async\" class=\"news-image\" style=\"width:100%;max-width:645px;\" src=\"https:\/\/www.europesays.com\/fr\/wp-content\/uploads\/2026\/01\/aa49.jpg\" alt=\"Jeanne Friot - Fall-Winter2026 - 2027 - Menswear - France - Paris\" loading=\"lazy\"\/>Jeanne Friot &#8211; Fall-Winter2026 &#8211; 2027 &#8211; Menswear &#8211; France &#8211; Paris &#8211; \u00a9Launchmetrics\/spotlight<\/p>\n<p>Toujours plus pr\u00e9cise dans l&rsquo;utilisation de mati\u00e8res issues de stocks dormants, la cr\u00e9atrice fran\u00e7aise a apport\u00e9 plusieurs autres pi\u00e8ces tr\u00e8s fortes visuellement, comme un long manteau en simili-cuir noir port\u00e9 sur un body associ\u00e9 \u00e0 des cuissardes m\u00e9tallis\u00e9es, un tailleur pied-de-poule avec veste aux \u00e9paules larges et micro-short ou encore une opulente robe, reprenant l&rsquo;imprim\u00e9 tartan et se d\u00e9veloppant, \u00e0 partir de la taille, en tra\u00eene \u00e0 plumes color\u00e9es, v\u00e9ritable hommage \u00e0 la communaut\u00e9 queer.<\/p>\n<p>Une communaut\u00e9 qui n&rsquo;a pas manqu\u00e9 d&rsquo;afficher son soutien \u00e0 Jeanne Friot lorsque celle-ci est mont\u00e9e sur sc\u00e8ne, pour saluer. Entra\u00eenant une longue standing ovation pour un show qui frappe de belle mani\u00e8re les trois coups de cette semaine de l&rsquo;homme.<\/p>\n<p class=\"col-md-10 exergue\">Etudes Studio et ses \u00e9l\u00e9gants chercheurs de sons<\/p>\n<p>Ce mardi, pour son d\u00e9fil\u00e9 dans l&rsquo;impressionnante enceinte de l&rsquo;Institut de recherche et coordination acoustique, Etudes Studio a jou\u00e9 une partition explorant des tonalit\u00e9s du tailoring. Pour cette collection, baptis\u00e9e N\u00b028 R\u00e9sonances, les cofondateurs Aur\u00e9lien Arbet et J\u00e9r\u00e9mie Egry expliquent dans leur lettre d\u2019intention s\u2019\u00eatre inspir\u00e9s des origines de la dance music des ann\u00e9es 90 mais aussi de l\u2019univers du philosophe am\u00e9ricain John Cage, qui questionnait les concepts de la musique et du silence.<\/p>\n<p><a class=\"btn btn-dark\" target=\"_blank\" href=\"https:\/\/jp.fashionnetwork.com\/galeries\/photos\/Etudes,73922.html\" rel=\"noopener\">Voir le d\u00e9fil\u00e9<\/a><img decoding=\"async\" class=\"news-image\" style=\"width:100%;max-width:645px;\" src=\"https:\/\/www.europesays.com\/fr\/wp-content\/uploads\/2026\/01\/5a53.jpg\" alt=\"Etudes - Fall-Winter2026 - 2027 - Menswear - France - Paris\" loading=\"lazy\"\/>Etudes &#8211; Fall-Winter2026 &#8211; 2027 &#8211; Menswear &#8211; France &#8211; Paris &#8211; \u00a9Launchmetrics\/spotlight<\/p>\n<p>Pour rythmer leur show mixte dans les sous-sols isol\u00e9s phoniquement, les Fran\u00e7ais ont opt\u00e9 pour la musique puissante, en s\u2019associant avec l\u2019artiste britannique Actress qui a compos\u00e9 la bande son d\u2019un show proposant d\u2019explorer de nouveaux horizons pour Etudes Studio.<\/p>\n<p>Bien s\u00fbr, la marque conserve ses vestes en velours, ses lourds blousons en toile aux d\u00e9lavages travaill\u00e9s ou quelques hoodies (avec son logo en cercle d\u2019\u00e9toiles dans le dos), fid\u00e8les aux racines utilitaires de la marque. Mais le label injecte un propos tailoring revisit\u00e9 int\u00e9ressant, avec pas moins d\u2019une douzaine de propositions beaucoup plus formelles avec des vestes droites et des pantalons souples et des jeux de superpositions entre chemises, gilets, pulls \u00e0 cols roul\u00e9s, \u00a0dans des teintes noires, grises ou terreuses.<\/p>\n<p><a class=\"btn btn-dark\" target=\"_blank\" href=\"https:\/\/jp.fashionnetwork.com\/galeries\/photos\/Etudes,73922.html\" rel=\"noopener\">Voir le d\u00e9fil\u00e9<\/a><img decoding=\"async\" class=\"news-image\" style=\"width:100%;max-width:645px;\" src=\"https:\/\/www.europesays.com\/fr\/wp-content\/uploads\/2026\/01\/027a.jpg\" alt=\"Etudes - Fall-Winter2026 - 2027 - Menswear - France - Paris\" loading=\"lazy\"\/>Etudes &#8211; Fall-Winter2026 &#8211; 2027 &#8211; Menswear &#8211; France &#8211; Paris &#8211; \u00a9Launchmetrics\/spotlight<\/p>\n<p>Chercheurs d\u2019or ou chercheurs de sons\u00a0? Entre casque de walkman et chapeau de cow-boy, Etudes Studio n\u2019a pas tranch\u00e9. Ses jeunes gens s\u00e9rieux voient leur vestiaire exploiter des aspects de mati\u00e8res diff\u00e9rents entre l\u2019us\u00e9, les contrastes entre le nylon et le velours et quelques asp\u00e9rit\u00e9s chromatiques comme sur une doudoune d\u2019un violet intense, ou des extrapolations de camo sur d\u2019imposants pulls duveteux en d\u00e9clinaisons de vert ou de bleu, qui s\u2019associent \u00e0 de longues et larges \u00e9charpes du m\u00eame ton. Cette saison, la marque signe des pi\u00e8ces en collaboration avec l\u2019artiste canadien Jeremy Shaw install\u00e9 \u00e0 Berlin.<\/p>\n<p>Des silhouettes qui sont accompagn\u00e9es, pour la premi\u00e8re fois, des sacs en cuir ou en canvas, sigl\u00e9s du logo de la marque. Une offre de maroquinerie, d\u00e9velopp\u00e9e dans deux formats, qui devrait constituer un relais de croissance pour le label cr\u00e9atif ind\u00e9pendant.<\/p>\n<p class=\"col-md-10 exergue\">Valette Studio rend hommage aux Nouveaux Romantiques<\/p>\n<p>Cette saison encore, la mode de Valette Studio se nourrit du pass\u00e9. En cette fin de premi\u00e8re journ\u00e9e de Fashion Week parisienne, la marque fran\u00e7aise s\u2019invite \u00e0 l\u2019Institut du Monde Arabe. Dans une salle du sous-sol soutenue par de grandes et \u00e9paisses colonnes de pierre, Pierre-Fran\u00e7ois Valette d\u00e9voile sa collection automne-hiver intitul\u00e9e \u201cLes Nouveaux Romantiques\u201d, n\u00e9e d\u2019une m\u00e9lancolie contemporaine caus\u00e9e par le remplacement de la cr\u00e9ation par l\u2019image.<\/p>\n<p><img decoding=\"async\" class=\"news-image\" style=\"width:100%;max-width:645px;\" src=\"https:\/\/www.europesays.com\/fr\/wp-content\/uploads\/2026\/01\/45d5.png\" alt=\"Cette saison, Valette Studio table sur la couleur, les froufrous et les volants\" loading=\"lazy\"\/>Cette saison, Valette Studio table sur la couleur, les froufrous et les volants &#8211; Samuel Gut<\/p>\n<p class=\"col-md-8 offset-md-1 article-content--texte\">Accompagn\u00e9s d\u2019une bande-son rock aux percussions d\u00e9cha\u00een\u00e9es et plus tard rejoints par un violon, les mannequins portent un trench en denim \u00e0 chevrons et son jean skinny, une robe courte couleur cr\u00e8me \u00e0 col de chemise et aux froufrous enserrant la taille et la poitrine, un ensemble de cuir noir et des Louboutin, en collaboration sur cette collection.\u00a0<\/p>\n<p>Une autre robe para\u00eet lourde mais rebondit presque, couverte de froufrous et taill\u00e9e dans une mati\u00e8re semblable, \u00e0 l&rsquo;\u0153il, \u00e0 du ballon de baudruche. Les pi\u00e8ces les plus marquantes sont peut-\u00eatre deux jupes blanches sur lesquelles est appos\u00e9 un visage maquill\u00e9, une aquarelle tant\u00f4t bleue, tant\u00f4t orange, r\u00e9alis\u00e9e par les Teintures de France et inspir\u00e9e notamment des l\u00e9gendaires maquillages de David Bowie, la plus grande figure des Nouveaux Romantiques. Les mannequins sont parfois affubl\u00e9s d\u2019un maquillage argent\u00e9 plac\u00e9 sur le c\u00f4t\u00e9 des yeux, une autre r\u00e9f\u00e9rence aux stars de ce mouvement du d\u00e9but des ann\u00e9es 80. \u00c0 la fin du d\u00e9fil\u00e9, Pierre-Fran\u00e7ois Valette est chaudement applaudi par les nombreux invit\u00e9s tandis qu\u2019il traverse la longue pi\u00e8ce pour saluer.\n                            <\/p>\n<p>\n                                Tous droits de reproduction et de repr\u00e9sentation r\u00e9serv\u00e9s.<br \/>\u00a9 2026 FashionNetwork.com\n                            <\/p>\n","protected":false},"excerpt":{"rendered":"Publi\u00e9 le 21 janvier 2026 La semaine de la mode Homme de Paris s&rsquo;est ouverte ce mardi en&hellip;\n","protected":false},"author":2,"featured_media":678068,"comment_status":"","ping_status":"","sticky":false,"template":"","format":"standard","meta":{"footnotes":""},"categories":[1888],"tags":[11,2424,537,2423,1283,1777,674,1011,27,2425,985,12,2298,626,2426,2427,25,2421,2422],"class_list":{"0":"post-678067","1":"post","2":"type-post","3":"status-publish","4":"format-standard","5":"has-post-thumbnail","7":"category-paris","8":"tag-actualites","9":"tag-beaute","10":"tag-contact","11":"tag-cosmetiques","12":"tag-etudes","13":"tag-eu","14":"tag-europe","15":"tag-fr","16":"tag-france","17":"tag-luxe","18":"tag-mode","19":"tag-news","20":"tag-parfum","21":"tag-paris","22":"tag-professionnel","23":"tag-professionnels","24":"tag-republique-francaise","25":"tag-reseau","26":"tag-textile"},"share_on_mastodon":{"url":"https:\/\/pubeurope.com\/@fr\/115930654820143306","error":""},"_links":{"self":[{"href":"https:\/\/www.europesays.com\/fr\/wp-json\/wp\/v2\/posts\/678067","targetHints":{"allow":["GET"]}}],"collection":[{"href":"https:\/\/www.europesays.com\/fr\/wp-json\/wp\/v2\/posts"}],"about":[{"href":"https:\/\/www.europesays.com\/fr\/wp-json\/wp\/v2\/types\/post"}],"author":[{"embeddable":true,"href":"https:\/\/www.europesays.com\/fr\/wp-json\/wp\/v2\/users\/2"}],"replies":[{"embeddable":true,"href":"https:\/\/www.europesays.com\/fr\/wp-json\/wp\/v2\/comments?post=678067"}],"version-history":[{"count":0,"href":"https:\/\/www.europesays.com\/fr\/wp-json\/wp\/v2\/posts\/678067\/revisions"}],"wp:featuredmedia":[{"embeddable":true,"href":"https:\/\/www.europesays.com\/fr\/wp-json\/wp\/v2\/media\/678068"}],"wp:attachment":[{"href":"https:\/\/www.europesays.com\/fr\/wp-json\/wp\/v2\/media?parent=678067"}],"wp:term":[{"taxonomy":"category","embeddable":true,"href":"https:\/\/www.europesays.com\/fr\/wp-json\/wp\/v2\/categories?post=678067"},{"taxonomy":"post_tag","embeddable":true,"href":"https:\/\/www.europesays.com\/fr\/wp-json\/wp\/v2\/tags?post=678067"}],"curies":[{"name":"wp","href":"https:\/\/api.w.org\/{rel}","templated":true}]}}