{"id":678090,"date":"2026-01-21T02:22:16","date_gmt":"2026-01-21T02:22:16","guid":{"rendered":"https:\/\/www.europesays.com\/fr\/678090\/"},"modified":"2026-01-21T02:22:16","modified_gmt":"2026-01-21T02:22:16","slug":"a-lopen-daustralie-naomi-osaka-a-encore-frappe-tres-fort-avec-cette-arrivee-sur-le-court","status":"publish","type":"post","link":"https:\/\/www.europesays.com\/fr\/678090\/","title":{"rendered":"\u00c0 l\u2019Open d\u2019Australie, Naomi Osaka a encore frapp\u00e9 tr\u00e8s fort avec cette arriv\u00e9e sur le court"},"content":{"rendered":"<p>        <img decoding=\"async\" loading=\"lazy\" src=\"https:\/\/www.europesays.com\/fr\/wp-content\/uploads\/2026\/01\/937a2be_upload-1-l9e8ixd33ah6-afp-20260120-93c22kw-v2-highres-topshottennisausopen.jpg\"  width=\"728\" height=\"409\" alt=\"Avant d\u2019affronter la joueuse croate Antonia Ruzic au premier tour de l\u2019Open d\u2019Australie, la Japonaise Naomi Osaka a marqu\u00e9 les esprits sur le court central australien mardi 20\u00a0janvier.\"\/>  <\/p>\n<p>MARTIN KEEP \/ AFP<\/p>\n<p>Avant d\u2019affronter la joueuse croate Antonia Ruzic au premier tour de l\u2019Open d\u2019Australie, la Japonaise Naomi Osaka a marqu\u00e9 les esprits sur le court central australien mardi 20\u00a0janvier.<\/p>\n<p class=\"asset asset-text\">Le public n\u2019a eu d\u2019yeux que pour la Japonaise. \u00c0 l\u2019Open d\u2019Australie, la joueuse <a target=\"_blank\" href=\"https:\/\/www.huffingtonpost.fr\/people\/article\/naomi-osaka-a-donne-naissance-a-son-premier-enfant-l-ex-numero-1-mondiale-du-tennis-est-maman-d-une-fille_220541.html\" rel=\"noopener\">Naomi Osaka<\/a> a plus que r\u00e9ussi son entr\u00e9e dans la comp\u00e9tition. D\u2019abord parce qu\u2019elle s\u2019est impos\u00e9e au 1er tour contre la Croate Antonia Ruzic en trois sets, ce mardi 20\u00a0janvier. Mais surtout gr\u00e2ce \u00e0 son entr\u00e9e sur court de la Rod Laver Arena.<\/p>\n<p class=\"asset asset-text\">Habitu\u00e9e des tenues peu conventionnelles sur le circuit f\u00e9minin, la Japonaise de 28\u00a0ans a encore frapp\u00e9 lors de son arriv\u00e9e digne d\u2019un d\u00e9fil\u00e9 de mode sur <a target=\"_blank\" href=\"https:\/\/www.huffingtonpost.fr\/sport\/article\/open-d-australie-elle-interrompt-son-match-pour-venir-en-aide-a-une-ramasseuse-de-balle-en-detresse_259337.html\" rel=\"noopener\">le court central australien<\/a>. Apparaissant progressivement au fond du couloir menant au court, Naomi Osaka s\u2019est pr\u00e9sent\u00e9e au public dans une tenue renversante, sign\u00e9e par le cr\u00e9ateur de mode hongkongais Robert Wun,<strong> comme vous pouvez le voir ci-dessous<\/strong>.<\/p>\n<p class=\"asset asset-text\">Celle qui a d\u00e9j\u00e0 remport\u00e9 par deux fois le tournoi du Grand Chelem australien arborait une robe longue, par-dessus un large pantalon blanc. Le tout agr\u00e9ment\u00e9 d\u2019une ombrelle et d\u2019un chapeau avec un tr\u00e8s long voile du plus bel effet. Accueillie par une pluie d\u2019applaudissements, la joueuse s\u2019est m\u00e9tamorphos\u00e9e en l\u2019espace de quelques secondes lorsqu\u2019elle a retir\u00e9 cette tenue pour commencer son match. Seul \u00e9l\u00e9ment restant, sa robe turquoise de la marque Nike.<\/p>\n<p> La lecture de ce contenu est susceptible d\u2019entra\u00eener un d\u00e9p\u00f4t de cookies de la part de l\u2019op\u00e9rateur tiers qui l\u2019h\u00e9berge. Compte-tenu des choix que vous avez exprim\u00e9s en mati\u00e8re de d\u00e9p\u00f4t de cookies, nous avons bloqu\u00e9 l\u2019affichage de ce contenu. Si vous souhaitez y acc\u00e9der, vous devez accepter la cat\u00e9gorie de cookies \u201cContenus tiers\u201d en cliquant sur le bouton ci-dessous. <\/p>\n<p> Lire la Vid\u00e9o           <\/p>\n<p> La lecture de ce contenu est susceptible d\u2019entra\u00eener un d\u00e9p\u00f4t de cookies de la part de l\u2019op\u00e9rateur tiers qui l\u2019h\u00e9berge. Compte-tenu des choix que vous avez exprim\u00e9s en mati\u00e8re de d\u00e9p\u00f4t de cookies, nous avons bloqu\u00e9 l\u2019affichage de ce contenu. Si vous souhaitez y acc\u00e9der, vous devez accepter la cat\u00e9gorie de cookies \u201cContenus tiers\u201d en cliquant sur le bouton ci-dessous. <\/p>\n<p> Lire la Vid\u00e9o        Reine de la mode (sur le court)    <\/p>\n<p class=\"asset asset-text\">Attentive aux d\u00e9tails, la Japonaise portait un surv\u00eatement reprenant le design de sa tenue lors de l\u2019\u00e9chauffement, avec des franges jaunes sur les manches. Un exemple parfait de l\u2019alliance entre sport et mode dont elle l\u2019une des ambassadrices.<\/p>\n<p> La lecture de ce contenu est susceptible d\u2019entra\u00eener un d\u00e9p\u00f4t de cookies de la part de l\u2019op\u00e9rateur tiers qui l\u2019h\u00e9berge. Compte-tenu des choix que vous avez exprim\u00e9s en mati\u00e8re de d\u00e9p\u00f4t de cookies, nous avons bloqu\u00e9 l\u2019affichage de ce contenu. Si vous souhaitez y acc\u00e9der, vous devez accepter la cat\u00e9gorie de cookies \u201cContenus tiers\u201d en cliquant sur le bouton ci-dessous. <\/p>\n<p> Lire la Vid\u00e9o        <\/p>\n<p class=\"asset asset-text\">Impossible d\u2019oublier la tenue qu\u2019elle portait lors de l\u2019US Open 2024. Un\u00a0ensemble dot\u00e9 de n\u0153uds et de volants qui n\u2019\u00e9tait pas sans rappeler les tenues du manga japonais Sailor Moon. Lors de la derni\u00e8re \u00e9dition de Roland Garros, c\u2019est avec une casquette rose et coiff\u00e9e de fleurs de cerisier qu\u2019elle s\u2019\u00e9tait pr\u00e9sent\u00e9e aux Internationaux de France.<\/p>\n<p> La lecture de ce contenu est susceptible d\u2019entra\u00eener un d\u00e9p\u00f4t de cookies de la part de l\u2019op\u00e9rateur tiers qui l\u2019h\u00e9berge. Compte-tenu des choix que vous avez exprim\u00e9s en mati\u00e8re de d\u00e9p\u00f4t de cookies, nous avons bloqu\u00e9 l\u2019affichage de ce contenu. Si vous souhaitez y acc\u00e9der, vous devez accepter la cat\u00e9gorie de cookies \u201cContenus tiers\u201d en cliquant sur le bouton ci-dessous. <\/p>\n<p> Lire la Vid\u00e9o        <\/p>\n<p class=\"asset asset-text\">Autre coup d\u2019\u00e9clat, cette fois \u00e0 New York, lorsqu\u2019elle \u00e9tait apparue \u00e0 l\u2019US Open 2025\u00a0dans une tenue rouge \u00e9tincelante et <a target=\"_blank\" href=\"https:\/\/x.com\/Eurosport_FR\/status\/1960603081353097335?ref_src=twsrc%5Etfw%7Ctwcamp%5Etweetembed%7Ctwterm%5E1960603081353097335%7Ctwgr%5Edd5c95509ed800ed1f3d0090a6cb310b543fef52%7Ctwcon%5Es1_&amp;ref_url=https%3A%2F%2Fwww.lequipe.fr%2FTennis%2FActualites%2FNaomi-osaka-fait-sensation-a-l-us-open-avec-un-look-scintillant-et-un-labubu-personnalise-nomme-billie-jean-bling%2F1587897\" rel=\"noopener\" title=\"Nouvelle fen\u00eatre\">avec une peluche Labubu<\/a> personnalis\u00e9e accroch\u00e9e \u00e0 son sac. Une figure de la marque chinoise qui \u00e9tait \u00e9videmment assortie \u00e0 sa tenue. Le souci du d\u00e9tail.<\/p>\n","protected":false},"excerpt":{"rendered":"MARTIN KEEP \/ AFP Avant d\u2019affronter la joueuse croate Antonia Ruzic au premier tour de l\u2019Open d\u2019Australie, la&hellip;\n","protected":false},"author":2,"featured_media":678091,"comment_status":"","ping_status":"","sticky":false,"template":"","format":"standard","meta":{"footnotes":""},"categories":[1415],"tags":[1011,27,985,36443,77617,517,60,1467],"class_list":{"0":"post-678090","1":"post","2":"type-post","3":"status-publish","4":"format-standard","5":"has-post-thumbnail","7":"category-tennis","8":"tag-fr","9":"tag-france","10":"tag-mode","11":"tag-naomi-osaka","12":"tag-open-d-australie","13":"tag-sport","14":"tag-sports","15":"tag-tennis"},"share_on_mastodon":{"url":"https:\/\/pubeurope.com\/@fr\/115930709591735628","error":""},"_links":{"self":[{"href":"https:\/\/www.europesays.com\/fr\/wp-json\/wp\/v2\/posts\/678090","targetHints":{"allow":["GET"]}}],"collection":[{"href":"https:\/\/www.europesays.com\/fr\/wp-json\/wp\/v2\/posts"}],"about":[{"href":"https:\/\/www.europesays.com\/fr\/wp-json\/wp\/v2\/types\/post"}],"author":[{"embeddable":true,"href":"https:\/\/www.europesays.com\/fr\/wp-json\/wp\/v2\/users\/2"}],"replies":[{"embeddable":true,"href":"https:\/\/www.europesays.com\/fr\/wp-json\/wp\/v2\/comments?post=678090"}],"version-history":[{"count":0,"href":"https:\/\/www.europesays.com\/fr\/wp-json\/wp\/v2\/posts\/678090\/revisions"}],"wp:featuredmedia":[{"embeddable":true,"href":"https:\/\/www.europesays.com\/fr\/wp-json\/wp\/v2\/media\/678091"}],"wp:attachment":[{"href":"https:\/\/www.europesays.com\/fr\/wp-json\/wp\/v2\/media?parent=678090"}],"wp:term":[{"taxonomy":"category","embeddable":true,"href":"https:\/\/www.europesays.com\/fr\/wp-json\/wp\/v2\/categories?post=678090"},{"taxonomy":"post_tag","embeddable":true,"href":"https:\/\/www.europesays.com\/fr\/wp-json\/wp\/v2\/tags?post=678090"}],"curies":[{"name":"wp","href":"https:\/\/api.w.org\/{rel}","templated":true}]}}