{"id":678112,"date":"2026-01-21T02:37:12","date_gmt":"2026-01-21T02:37:12","guid":{"rendered":"https:\/\/www.europesays.com\/fr\/678112\/"},"modified":"2026-01-21T02:37:12","modified_gmt":"2026-01-21T02:37:12","slug":"ce-prenom-est-si-rare-quil-risque-de-seteindre-des-2026","status":"publish","type":"post","link":"https:\/\/www.europesays.com\/fr\/678112\/","title":{"rendered":"Ce pr\u00e9nom est si rare qu\u2019il risque de s\u2019\u00e9teindre d\u00e8s 2026"},"content":{"rendered":"<p itemprop=\"description\">Un pr\u00e9nom rare, porteur de sens et de<br \/>\nlumi\u00e8re, pourrait dispara\u00eetre d\u00e8s 2026 en raison de sa faible<br \/>\npopularit\u00e9.<\/p>\n<p>Entre tradition familiale, originalit\u00e9 et signification, chaque<br \/>\n<a href=\"https:\/\/www.bibamagazine.fr\/lifestyle\/parole-de-mamans-489889.html\" target=\"_blank\" rel=\"noopener\"><br \/>\nparent<\/a> souhaite trouver un pr\u00e9nom qui ait du sens et qui<br \/>\naccompagnera son enfant toute sa vie. Certains <a href=\"https:\/\/www.bibamagazine.fr\/lifestyle\/mes-proches\/en-2026-ce-prenom-feminin-signe-de-bienveillance-aura-encore-le-vent-en-poupe-et-seduira-de-nombreux-parents-501773.html\" target=\"_blank\" rel=\"noopener\"><br \/>\npr\u00e9noms<\/a>, pourtant riches d\u2019histoire et de symbolique, sont<br \/>\naujourd\u2019hui si rares qu\u2019ils risquent de tomber dans l\u2019oubli.<\/p>\n<p>Quelle est la signification du pr\u00e9nom Mani ?<\/p>\n<p>C\u2019est notamment le cas de <strong>Mani.<\/strong> . En 2024,<br \/>\nseulement 35 gar\u00e7ons ont re\u00e7u ce pr\u00e9nom en France, loin du pic de<br \/>\npopularit\u00e9 enregistr\u00e9 en 2017, avec 55 naissances. Sa raret\u00e9 le<br \/>\nrend \u00e0 la fois unique et fragile, au point que l\u2019on pourrait<br \/>\ns\u2019inqui\u00e9ter de sa disparition prochaine.\u00a0<\/p>\n<p>Malgr\u00e9 sa bri\u00e8vet\u00e9, Mani poss\u00e8de une richesse culturelle<br \/>\n\u00e9tonnante. Sa racine sanscrite signifie<br \/>\n<strong>\u00ab\u00a0bijou\u00a0\u00bb<\/strong>, tandis qu\u2019en perse et en Iran,<br \/>\nil \u00e9voque \u00ab\u00a0l\u2019esprit\u00a0\u00bb ou \u00ab\u00a0l\u2019\u00e2me\u00a0\u00bb. Mani est<br \/>\n\u00e9galement associ\u00e9 au fondateur du manich\u00e9isme, religion du III\u1d49<br \/>\nsi\u00e8cle qui explore la dualit\u00e9 entre le bien et le mal. En Inde, il<br \/>\npeut \u00eatre interpr\u00e9t\u00e9 comme \u00ab\u00a0joyau\u00a0\u00bb ou \u00ab\u00a0perle<br \/>\npr\u00e9cieuse\u00a0\u00bb et sert parfois de surnom ou de base \u00e0 des pr\u00e9noms<br \/>\ncompos\u00e9s comme Manik.<\/p>\n<p>Quelle est la personnalit\u00e9 de Mani<br \/>\n?<\/p>\n<p>Les Mani se distinguent souvent par une <strong>sensibilit\u00e9<br \/>\nparticuli\u00e8re et un esprit introspectif<\/strong>. Capables de voir<br \/>\nau\u2011del\u00e0 des apparences, ils s\u2019interrogent sur le sens de la vie et<br \/>\nposs\u00e8dent une intuition d\u00e9velopp\u00e9e pour comprendre les autres.<br \/>\nCette profondeur d\u2019\u00e2me les rend naturellement cr\u00e9atifs et<br \/>\nspirituels, attir\u00e9s par des activit\u00e9s artistiques ou<br \/>\nphilosophiques. Mani est aussi curieux et intelligent. Toujours en<br \/>\nqu\u00eate de nouvelles connaissances, il explore diff\u00e9rents domaines,<br \/>\nde l\u2019art \u00e0 la science, et aime partager ses<br \/>\nd\u00e9couvertes.\u00a0<\/p>\n<p>G\u00e9n\u00e9reux et attach\u00e9 aux relations sinc\u00e8res, Mani est un ami<br \/>\nfid\u00e8le et <a href=\"https:\/\/www.bibamagazine.fr\/love-sexe\/amour\/detail-indiquerait-partenaire-infidele-detective-prive-486308.html\" target=\"_blank\" rel=\"noopener\"><br \/>\nun partenaire<\/a> fiable. Sa loyaut\u00e9 et sa capacit\u00e9 d\u2019\u00e9coute lui<br \/>\npermettent de prot\u00e9ger ceux qu\u2019il aime et de cr\u00e9er des liens<br \/>\nsolides. Sa bienveillance s\u2019accompagne d\u2019une authenticit\u00e9 qui le<br \/>\nrend profond\u00e9ment attachant. Malgr\u00e9 cette proximit\u00e9 avec les<br \/>\nautres, Mani conserve un besoin d\u2019ind\u00e9pendance. Il appr\u00e9cie les<br \/>\nmoments seuls pour se ressourcer et r\u00e9fl\u00e9chir, ce qui peut le faire<br \/>\npara\u00eetre r\u00e9serv\u00e9 ou myst\u00e9rieux.<\/p>\n","protected":false},"excerpt":{"rendered":"Un pr\u00e9nom rare, porteur de sens et de lumi\u00e8re, pourrait dispara\u00eetre d\u00e8s 2026 en raison de sa faible&hellip;\n","protected":false},"author":2,"featured_media":678113,"comment_status":"","ping_status":"","sticky":false,"template":"","format":"standard","meta":{"footnotes":""},"categories":[7],"tags":[5734,17488,1805,154,932,1011,27,10478,18017,14649,4510,43,40,41,39,77620,21187,42,44],"class_list":{"0":"post-678112","1":"post","2":"type-post","3":"status-publish","4":"format-standard","5":"has-post-thumbnail","7":"category-sciences-et-technologies","8":"tag-5734","9":"tag-ce","10":"tag-de","11":"tag-des","12":"tag-est","13":"tag-fr","14":"tag-france","15":"tag-prenom","16":"tag-quil","17":"tag-rare","18":"tag-risque","19":"tag-science","20":"tag-science-and-technology","21":"tag-sciences","22":"tag-sciences-et-technologies","23":"tag-seteindre","24":"tag-si","25":"tag-technologies","26":"tag-technology"},"share_on_mastodon":{"url":"https:\/\/pubeurope.com\/@fr\/115930768542370890","error":""},"_links":{"self":[{"href":"https:\/\/www.europesays.com\/fr\/wp-json\/wp\/v2\/posts\/678112","targetHints":{"allow":["GET"]}}],"collection":[{"href":"https:\/\/www.europesays.com\/fr\/wp-json\/wp\/v2\/posts"}],"about":[{"href":"https:\/\/www.europesays.com\/fr\/wp-json\/wp\/v2\/types\/post"}],"author":[{"embeddable":true,"href":"https:\/\/www.europesays.com\/fr\/wp-json\/wp\/v2\/users\/2"}],"replies":[{"embeddable":true,"href":"https:\/\/www.europesays.com\/fr\/wp-json\/wp\/v2\/comments?post=678112"}],"version-history":[{"count":0,"href":"https:\/\/www.europesays.com\/fr\/wp-json\/wp\/v2\/posts\/678112\/revisions"}],"wp:featuredmedia":[{"embeddable":true,"href":"https:\/\/www.europesays.com\/fr\/wp-json\/wp\/v2\/media\/678113"}],"wp:attachment":[{"href":"https:\/\/www.europesays.com\/fr\/wp-json\/wp\/v2\/media?parent=678112"}],"wp:term":[{"taxonomy":"category","embeddable":true,"href":"https:\/\/www.europesays.com\/fr\/wp-json\/wp\/v2\/categories?post=678112"},{"taxonomy":"post_tag","embeddable":true,"href":"https:\/\/www.europesays.com\/fr\/wp-json\/wp\/v2\/tags?post=678112"}],"curies":[{"name":"wp","href":"https:\/\/api.w.org\/{rel}","templated":true}]}}