{"id":678116,"date":"2026-01-21T02:39:10","date_gmt":"2026-01-21T02:39:10","guid":{"rendered":"https:\/\/www.europesays.com\/fr\/678116\/"},"modified":"2026-01-21T02:39:10","modified_gmt":"2026-01-21T02:39:10","slug":"comment-ahmed-al-charaa-a-defait-les-kurdes-grace-au-lachage-americain","status":"publish","type":"post","link":"https:\/\/www.europesays.com\/fr\/678116\/","title":{"rendered":"comment Ahmed al-Charaa a d\u00e9fait les Kurdes gr\u00e2ce au l\u00e2chage am\u00e9ricain"},"content":{"rendered":"<p>\n    <strong>D\u00c9CRYPTAGE &#8211;<\/strong> Au terme d\u2019une bataille \u00e9clair, Damas a repris deux provinces aux Kurdes, mais le sort incertain des djihadistes \u00e9trangers pr\u00e9occupe la communaut\u00e9 internationale.<\/p>\n<p class=\"fig-paragraph\">Malgr\u00e9 un appel t\u00e9l\u00e9phonique entre Donald Trump et\u00a0<a href=\"http:\/\/www.lefigaro.fr\/international\/comment-en-un-an-l-ancien-djihadiste-ahmed-al-charaa-a-impose-son-pouvoir-autocratique-sur-la-syrie-20251206\" data-fig-type=\"Article\" data-gtm-custom-categorie=\"navigation\" data-gtm-custom-action=\"crossclick\" data-gtm-custom-label=\"Contextuel\" data-gtm-event=\"customEventSPE\" data-fig-domain=\"LEFIGARO\" target=\"_blank\" rel=\"noopener\">Ahmed al-Charaa<\/a>\u00a0lundi soir, et des n\u00e9gociations entre ce dernier et le leader kurde Mazloum Abdi, la pression des forces arm\u00e9es syriennes s\u2019est poursuivie mardi contre les derniers bastions kurdes, celui de la province de Hassak\u00e9 dans le nord-est du pays et autour de la ville de Koban\u00e9, plus \u00e0 l\u2019ouest.<\/p>\n<p class=\"fig-paragraph\">Cons\u00e9quence de cette mont\u00e9e des tensions, pour d\u00e9fendre leurs r\u00e9gions menac\u00e9es, les forces kurdes ont annonc\u00e9 mardi avoir \u00e9t\u00e9 \u00ab\u00a0contraintes de se retirer\u00a0\u00bb du camp d\u2019al-Hol dans la province de Hassak\u00e9, qui abrite des familles de djihadistes de Daech, quelque 24\u00a0000\u00a0personnes au total, dont 15\u00a0000 Syriens, et environ 6300\u00a0femmes et enfants \u00e9trangers de 42\u00a0nationalit\u00e9s. Les Forces d\u00e9mocratiques syriennes (FDS), dirig\u00e9es par les Kurdes, \u00ab\u00a0se repositionnent aux abords des villes du nord de la Syrie sous la menace\u00a0\u00bb de l\u2019arm\u00e9e, indique leur communiqu\u00e9, qui d\u00e9nonce \u00ab\u00a0une communaut\u00e9 internationale qui n\u2019assume pas ses responsabilit\u00e9s\u00a0\u00bb<\/p>\n<p class=\"fig-premium-paywall__infos\">\n        Cet article est r\u00e9serv\u00e9 aux abonn\u00e9s.        Il vous reste 84% \u00e0 d\u00e9couvrir.\n    <\/p>\n<p>                <img  data- alt=\"Le Figaro\" class=\"fig-img--complete fig-img\"\/><\/p>\n<p class=\"fig-premium-paywall__title\">Vente Flash<\/p>\n<p class=\"fig-premium-paywall__subtitle\">6,49\u20ac par mois pendant 12 mois<\/p>\n<p class=\"fig-premium-paywall__connect\">\n                D\u00e9j\u00e0 abonn\u00e9\u00a0?                <a class=\"fig-premium-paywall__connect-link\" href=\"https:\/\/connect.lefigaro.fr\/login?client=horizon_web&amp;type=main&amp;redirect_uri=https%3A%2F%2Fwww.lefigaro.fr%2Finternational%2Fsyrie-comment-ahmed-al-charaa-a-defait-les-kurdes-grace-au-lachage-americain-20260120\" data-js-gtm=\"{&quot;customCategorie&quot;: &quot;conversion&quot;, &quot;customAction&quot;: &quot;before_Landing_Connexion_paywall_auto&quot;, &quot;customLabel&quot;: &quot;bGVmaWdhcm8uZnJfXzFmMGY2MThkLWJlNzktNjA3OC1hOTdjLTI3NzNkYzQxYjIwZV9fQXJ0aWNsZQ==_Syrie\u00a0: comment Ahmed al-Charaa a d\u00e9fait les Kurdes gr\u00e2ce au l\u00e2chage am\u00e9ricain_646&quot;, &quot;customIDSPE&quot;: &quot;bGVmaWdhcm8uZnJfXzFmMGY2MThkLWJlNzktNjA3OC1hOTdjLTI3NzNkYzQxYjIwZV9fQXJ0aWNsZQ==&quot;, &quot;event&quot;: &quot;customEventSPE&quot;}\" target=\"_blank\" rel=\"noopener\"><br \/>\n                    Connectez-vous<br \/>\n                <\/a>\n            <\/p>\n","protected":false},"excerpt":{"rendered":"D\u00c9CRYPTAGE &#8211; Au terme d\u2019une bataille \u00e9clair, Damas a repris deux provinces aux Kurdes, mais le sort incertain&hellip;\n","protected":false},"author":2,"featured_media":678117,"comment_status":"","ping_status":"","sticky":false,"template":"","format":"standard","meta":{"footnotes":""},"categories":[5],"tags":[11,1011,27,14,12,32,28],"class_list":{"0":"post-678116","1":"post","2":"type-post","3":"status-publish","4":"format-standard","5":"has-post-thumbnail","7":"category-international","8":"tag-actualites","9":"tag-fr","10":"tag-france","11":"tag-international","12":"tag-news","13":"tag-syrie","14":"tag-world"},"share_on_mastodon":{"url":"https:\/\/pubeurope.com\/@fr\/115930776451070047","error":""},"_links":{"self":[{"href":"https:\/\/www.europesays.com\/fr\/wp-json\/wp\/v2\/posts\/678116","targetHints":{"allow":["GET"]}}],"collection":[{"href":"https:\/\/www.europesays.com\/fr\/wp-json\/wp\/v2\/posts"}],"about":[{"href":"https:\/\/www.europesays.com\/fr\/wp-json\/wp\/v2\/types\/post"}],"author":[{"embeddable":true,"href":"https:\/\/www.europesays.com\/fr\/wp-json\/wp\/v2\/users\/2"}],"replies":[{"embeddable":true,"href":"https:\/\/www.europesays.com\/fr\/wp-json\/wp\/v2\/comments?post=678116"}],"version-history":[{"count":0,"href":"https:\/\/www.europesays.com\/fr\/wp-json\/wp\/v2\/posts\/678116\/revisions"}],"wp:featuredmedia":[{"embeddable":true,"href":"https:\/\/www.europesays.com\/fr\/wp-json\/wp\/v2\/media\/678117"}],"wp:attachment":[{"href":"https:\/\/www.europesays.com\/fr\/wp-json\/wp\/v2\/media?parent=678116"}],"wp:term":[{"taxonomy":"category","embeddable":true,"href":"https:\/\/www.europesays.com\/fr\/wp-json\/wp\/v2\/categories?post=678116"},{"taxonomy":"post_tag","embeddable":true,"href":"https:\/\/www.europesays.com\/fr\/wp-json\/wp\/v2\/tags?post=678116"}],"curies":[{"name":"wp","href":"https:\/\/api.w.org\/{rel}","templated":true}]}}