{"id":678155,"date":"2026-01-21T03:07:13","date_gmt":"2026-01-21T03:07:13","guid":{"rendered":"https:\/\/www.europesays.com\/fr\/678155\/"},"modified":"2026-01-21T03:07:13","modified_gmt":"2026-01-21T03:07:13","slug":"lyon-reste-derriere-toulouse-au-sein-du-barometre-arthur-loyd","status":"publish","type":"post","link":"https:\/\/www.europesays.com\/fr\/678155\/","title":{"rendered":"Lyon reste derri\u00e8re Toulouse au sein du barom\u00e8tre Arthur Loyd"},"content":{"rendered":"<p><strong>La m\u00e9tropole occitane arrive premi\u00e8re des th\u00e9matiques \u00ab Connectivit\u00e9, capital humain<br \/>et transitions \u00bb et \u00ab Qualit\u00e9 de vie \u00bb.<\/strong><\/p>\n<p>Arthur Loyd publiait ce mardi la 9e \u00e9dition de son barom\u00e8tre \u00abAttractivit\u00e9 &amp; r\u00e9silience des m\u00e9tropoles, transition des territoires\u00bb. Au sein du palmar\u00e8s, au sein du segment des tr\u00e8s grandes m\u00e9tropoles, Toulouse devance Lyon, un fait \u00e9tabli depuis 2023.<\/p>\n<p>\u00abLa m\u00e9tropole a pris l\u2019ascendant sur Lyon, longtemps dominante et d\u00e9sormais install\u00e9e \u00e0 la deuxi\u00e8me place. Sauf retournement majeur, cette hi\u00e9rarchie devrait perdurer. Bordeaux, de son c\u00f4t\u00e9, confirme ses excellentes performances en conservant sa troisi\u00e8me place et en devan\u00e7ant Lille pour la deuxi\u00e8me ann\u00e9e cons\u00e9cutive. Les \u00e9carts restent toutefois t\u00e9nus, laissant entrevoir des recompositions possibles \u00e0 moyen terme.\u00bb<br \/>Arthur Loyd<\/p>\n<p>Au sein du segment des grandes m\u00e9tropoles, Montpellier devance Rennes, alors que Grenoble reprend la troisi\u00e8me place.<\/p>\n<p><img decoding=\"async\" src=\"https:\/\/www.europesays.com\/fr\/wp-content\/uploads\/2025\/04\/abonnezvouslarge.jpg\" alt=\"\"\/><\/p>\n<p>Pour lire la totalit\u00e9 de l&rsquo;article,<strong><a href=\"http:\/\/www.lyonpoleimmo.com\/membership-options-page\/\" target=\"_blank\" rel=\"noopener\">abonnez-vous<\/a> <\/strong>ou <a href=\"http:\/\/www.lyonpoleimmo.com\/senregistrer\/\" target=\"_blank\" rel=\"noopener\"><strong>identifiez-vous<\/strong><\/a>  <\/p>\n<p>                  <img loading=\"lazy\" decoding=\"async\" alt=\"\" src=\"https:\/\/www.europesays.com\/fr\/wp-content\/uploads\/2026\/01\/1768964833_96_aa80fbcec76b8e31baa828b9e8df762388c5950be21994636af3fb2f598021ac.jpeg\"  class=\"avatar avatar-96 photo\" height=\"96\" width=\"96\"\/>              <\/p>\n<p>\t\tNavigation d\u2019article<\/p>\n","protected":false},"excerpt":{"rendered":"La m\u00e9tropole occitane arrive premi\u00e8re des th\u00e9matiques \u00ab Connectivit\u00e9, capital humainet transitions \u00bb et \u00ab Qualit\u00e9 de vie&hellip;\n","protected":false},"author":2,"featured_media":639746,"comment_status":"","ping_status":"","sticky":false,"template":"","format":"standard","meta":{"footnotes":""},"categories":[2816],"tags":[5265,1111,11,7655,215,1777,674,1011,27,23562,32280,2726,12,2680,25,2312],"class_list":{"0":"post-678155","1":"post","2":"type-post","3":"status-publish","4":"format-standard","5":"has-post-thumbnail","7":"category-toulouse","8":"tag-abonnes","9":"tag-actu","10":"tag-actualites","11":"tag-bureaux","12":"tag-commerce","13":"tag-eu","14":"tag-europe","15":"tag-fr","16":"tag-france","17":"tag-immo-dentreprise","18":"tag-locaux-dactivites","19":"tag-logistique","20":"tag-news","21":"tag-occitanie","22":"tag-republique-francaise","23":"tag-toulouse"},"share_on_mastodon":{"url":"https:\/\/pubeurope.com\/@fr\/115930886568088824","error":""},"_links":{"self":[{"href":"https:\/\/www.europesays.com\/fr\/wp-json\/wp\/v2\/posts\/678155","targetHints":{"allow":["GET"]}}],"collection":[{"href":"https:\/\/www.europesays.com\/fr\/wp-json\/wp\/v2\/posts"}],"about":[{"href":"https:\/\/www.europesays.com\/fr\/wp-json\/wp\/v2\/types\/post"}],"author":[{"embeddable":true,"href":"https:\/\/www.europesays.com\/fr\/wp-json\/wp\/v2\/users\/2"}],"replies":[{"embeddable":true,"href":"https:\/\/www.europesays.com\/fr\/wp-json\/wp\/v2\/comments?post=678155"}],"version-history":[{"count":0,"href":"https:\/\/www.europesays.com\/fr\/wp-json\/wp\/v2\/posts\/678155\/revisions"}],"wp:featuredmedia":[{"embeddable":true,"href":"https:\/\/www.europesays.com\/fr\/wp-json\/wp\/v2\/media\/639746"}],"wp:attachment":[{"href":"https:\/\/www.europesays.com\/fr\/wp-json\/wp\/v2\/media?parent=678155"}],"wp:term":[{"taxonomy":"category","embeddable":true,"href":"https:\/\/www.europesays.com\/fr\/wp-json\/wp\/v2\/categories?post=678155"},{"taxonomy":"post_tag","embeddable":true,"href":"https:\/\/www.europesays.com\/fr\/wp-json\/wp\/v2\/tags?post=678155"}],"curies":[{"name":"wp","href":"https:\/\/api.w.org\/{rel}","templated":true}]}}