{"id":678178,"date":"2026-01-21T03:21:19","date_gmt":"2026-01-21T03:21:19","guid":{"rendered":"https:\/\/www.europesays.com\/fr\/678178\/"},"modified":"2026-01-21T03:21:19","modified_gmt":"2026-01-21T03:21:19","slug":"guerre-en-ukraine-la-capitale-kiev-a-nouveau-bombardee-par-les-russes-ses-habitants-souffrent-et-fuient","status":"publish","type":"post","link":"https:\/\/www.europesays.com\/fr\/678178\/","title":{"rendered":"Guerre en Ukraine : La capitale Kiev \u00e0 nouveau bombard\u00e9e par les Russes, ses habitants souffrent et fuient"},"content":{"rendered":"<p class=\"mb-4 text-lg md:leading-8 break-words\"><strong>r\u00e9cap &#8211; \u00ab 20 Minutes \u00bb fait le point pour vous tous les soirs sur le conflit en Ukraine. Ce mardi, la journ\u00e9e a \u00e9t\u00e9 marqu\u00e9e par de nouvelles frappes russes sur Kiev et les infrastructures \u00e9nerg\u00e9tiques<\/strong><\/p>\n<p class=\"mb-4 text-lg md:leading-8 break-words\">Vous avez rat\u00e9 les derniers \u00e9v\u00e9nements sur la <a href=\"https:\/\/www.20minutes.fr\/monde\/ukraine\/?at_medium=RSS%20feed&amp;at_campaign=ynews&amp;utm_source=yahoo&amp;utm_medium=rss&amp;utm_campaign=news_feed&amp;utm_content=in_article_link\" rel=\"nofollow noopener\" target=\"_blank\" data-ylk=\"slk:guerre en Ukraine;elm:context_link;itc:0;sec:content-canvas\" class=\"link \">guerre en Ukraine<\/a> ? 20 Minutes fait le point pour vous tous les soirs. Voici l\u2019essentiel de ce mardi 20 janvier, au 1.426e jour du conflit.<\/p>\n<p>Le fait du jour<\/p>\n<p class=\"mb-4 text-lg md:leading-8 break-words\">Les temps sont particuli\u00e8rement durs dans la capitale ukrainienne. Une attaque nocturne a\u00e9rienne de la Russie a <a href=\"https:\/\/www.20minutes.fr\/monde\/ukraine\/4195362-20260110-guerre-ukraine-kiev-grelotte-apres-frappes-russes-conseil-securite-onu-attendu-lundi?at_medium=RSS%20feed&amp;at_campaign=ynews&amp;utm_source=yahoo&amp;utm_medium=rss&amp;utm_campaign=news_feed&amp;utm_content=in_article_link\" rel=\"nofollow noopener\" target=\"_blank\" data-ylk=\"slk:priv\u00e9 \u00e0 nouveau de chauffage;elm:context_link;itc:0;sec:content-canvas\" class=\"link \">priv\u00e9 \u00e0 nouveau de chauffage<\/a> plus de 5.600 immeubles r\u00e9sidentiels \u00e0 Kiev par des temp\u00e9ratures de -14\u00b0C, a annonc\u00e9 mardi matin le maire de la capitale, Vitali Klitschko.<\/p>\n<p class=\"mb-4 text-lg md:leading-8 break-words\">\u00ab Apr\u00e8s cette attaque, 5.635 immeubles d&rsquo;habitation sont sans chauffage \u00bb, a indiqu\u00e9 le maire sur <a href=\"https:\/\/www.20minutes.fr\/high-tech\/telegram\/?at_medium=RSS%20feed&amp;at_campaign=ynews&amp;utm_source=yahoo&amp;utm_medium=rss&amp;utm_campaign=news_feed&amp;utm_content=in_article_link\" rel=\"nofollow noopener\" target=\"_blank\" data-ylk=\"slk:Telegram;elm:context_link;itc:0;sec:content-canvas\" class=\"link \">Telegram<\/a>. Une vaste partie de la ville est par ailleurs priv\u00e9e d&rsquo;eau du robinet, a-t-il ajout\u00e9. Une femme a \u00e9t\u00e9 bless\u00e9e et hospitalis\u00e9e, a-t-il pr\u00e9cis\u00e9. Plusieurs b\u00e2timents ont aussi \u00e9t\u00e9 endommag\u00e9s, notamment une \u00e9cole primaire, tandis que le Parlement se trouve priv\u00e9 de chauffage, d&rsquo;eau et d&rsquo;\u00e9lectricit\u00e9.<\/p>\n<p class=\"mb-4 text-lg md:leading-8 break-words\">D&rsquo;autres villes ukrainiennes ont \u00e9t\u00e9 touch\u00e9es. Un temps coup\u00e9e de toute alimentation \u00e9lectrique externe en raison des frappes, la centrale nucl\u00e9aire de <a href=\"https:\/\/www.20minutes.fr\/dossier\/tchernobyl?at_medium=RSS%20feed&amp;at_campaign=ynews&amp;utm_source=yahoo&amp;utm_medium=rss&amp;utm_campaign=news_feed&amp;utm_content=in_article_link\" rel=\"nofollow noopener\" target=\"_blank\" data-ylk=\"slk:Tchernobyl;elm:context_link;itc:0;sec:content-canvas\" class=\"link \">Tchernobyl<\/a> a, elle, pu \u00eatre reconnect\u00e9e au r\u00e9seau \u00e9lectrique ce mardi apr\u00e8s-midi.<\/p>\n<p class=\"mb-4 text-lg md:leading-8 break-words\">Ces nouvelles frappes russes interviennent une dizaine de jours apr\u00e8s la pire attaque de la Russie sur le r\u00e9seau \u00e9nerg\u00e9tique de Kiev depuis le d\u00e9but de son invasion de l&rsquo;Ukraine il y a quatre ans.<\/p>\n<p class=\"mb-4 text-lg md:leading-8 break-words\">La \u00ab frappe barbare \u00bb du pr\u00e9sident russe Vladimir \u00ab Poutine ce matin est un signal d&rsquo;alarme pour les dirigeants mondiaux r\u00e9unis \u00e0 Davos: il est urgent de soutenir le peuple ukraini(&#8230;)<\/p>\n<p class=\"mb-4 text-lg md:leading-8 break-words\"><a href=\"https:\/\/www.20minutes.fr\/monde\/ukraine\/4197124-20260120-guerre-ukraine-capitale-kiev-bombardee-habitants-souffrent-fuient?at_medium=RSS%20feed&amp;at_campaign=ynews&amp;utm_source=yahoo&amp;utm_medium=rss&amp;utm_campaign=news_feed&amp;utm_content=read_more_link&quot;\" rel=\"nofollow noopener\" target=\"_blank\" data-ylk=\"slk:Lire la suite sur 20minutes;elm:context_link;itc:0;sec:content-canvas\" class=\"link \">Lire la suite sur 20minutes<\/a><\/p>\n<p>\u00c0 lire aussi :<br \/><a href=\"https:\/\/www.20minutes.fr\/monde\/4196993-20260120-comprends-fais-macron-invite-trump-g7-russie-ukraine-danemark-syrie?at_medium=RSS%20feed&amp;at_campaign=ynews&amp;utm_source=yahoo&amp;utm_medium=rss&amp;utm_campaign=news_feed&amp;utm_content=related_content_link\" rel=\"nofollow noopener\" target=\"_blank\" data-ylk=\"slk:\u00ab Je ne comprends pas ce que tu fais \u00bb\u2026 Macron invite Trump \u00e0 un G7 avec la Russie, l\u2019Ukraine, le Danemark et la Syrie;elm:context_link;itc:0;sec:content-canvas\" class=\"link \">\u00ab Je ne comprends pas ce que tu fais \u00bb\u2026 Macron invite Trump \u00e0 un G7 avec la Russie, l\u2019Ukraine, le Danemark et la Syrie<\/a><br \/><a href=\"https:\/\/www.20minutes.fr\/monde\/4196945-20260119-guerre-ukraine-kiev-negocie-arracher-treve-poutine-recoit-invitation-venant-trump?at_medium=RSS%20feed&amp;at_campaign=ynews&amp;utm_source=yahoo&amp;utm_medium=rss&amp;utm_campaign=news_feed&amp;utm_content=related_content_link\" rel=\"nofollow noopener\" target=\"_blank\" data-ylk=\"slk:Guerre en Ukraine : Kiev n\u00e9gocie pour arracher une tr\u00eave, Poutine re\u00e7oit une invitation venant de Trump;elm:context_link;itc:0;sec:content-canvas\" class=\"link \">Guerre en Ukraine : Kiev n\u00e9gocie pour arracher une tr\u00eave, Poutine re\u00e7oit une invitation venant de Trump<\/a><\/p>\n","protected":false},"excerpt":{"rendered":"r\u00e9cap &#8211; \u00ab 20 Minutes \u00bb fait le point pour vous tous les soirs sur le conflit en&hellip;\n","protected":false},"author":2,"featured_media":678179,"comment_status":"","ping_status":"","sticky":false,"template":"","format":"standard","meta":{"footnotes":""},"categories":[1590],"tags":[642,11,1777,674,77641,11229,12,50519,220],"class_list":{"0":"post-678178","1":"post","2":"type-post","3":"status-publish","4":"format-standard","5":"has-post-thumbnail","7":"category-ukraine","8":"tag-20-minutes","9":"tag-actualites","10":"tag-eu","11":"tag-europe","12":"tag-immeubles-d39habitation","13":"tag-kiev","14":"tag-news","15":"tag-reseau-electrique","16":"tag-ukraine"},"share_on_mastodon":{"url":"https:\/\/pubeurope.com\/@fr\/115930941580582852","error":""},"_links":{"self":[{"href":"https:\/\/www.europesays.com\/fr\/wp-json\/wp\/v2\/posts\/678178","targetHints":{"allow":["GET"]}}],"collection":[{"href":"https:\/\/www.europesays.com\/fr\/wp-json\/wp\/v2\/posts"}],"about":[{"href":"https:\/\/www.europesays.com\/fr\/wp-json\/wp\/v2\/types\/post"}],"author":[{"embeddable":true,"href":"https:\/\/www.europesays.com\/fr\/wp-json\/wp\/v2\/users\/2"}],"replies":[{"embeddable":true,"href":"https:\/\/www.europesays.com\/fr\/wp-json\/wp\/v2\/comments?post=678178"}],"version-history":[{"count":0,"href":"https:\/\/www.europesays.com\/fr\/wp-json\/wp\/v2\/posts\/678178\/revisions"}],"wp:featuredmedia":[{"embeddable":true,"href":"https:\/\/www.europesays.com\/fr\/wp-json\/wp\/v2\/media\/678179"}],"wp:attachment":[{"href":"https:\/\/www.europesays.com\/fr\/wp-json\/wp\/v2\/media?parent=678178"}],"wp:term":[{"taxonomy":"category","embeddable":true,"href":"https:\/\/www.europesays.com\/fr\/wp-json\/wp\/v2\/categories?post=678178"},{"taxonomy":"post_tag","embeddable":true,"href":"https:\/\/www.europesays.com\/fr\/wp-json\/wp\/v2\/tags?post=678178"}],"curies":[{"name":"wp","href":"https:\/\/api.w.org\/{rel}","templated":true}]}}