{"id":67819,"date":"2025-05-01T21:37:09","date_gmt":"2025-05-01T21:37:09","guid":{"rendered":"https:\/\/www.europesays.com\/fr\/67819\/"},"modified":"2025-05-01T21:37:09","modified_gmt":"2025-05-01T21:37:09","slug":"qui-se-cache-derriere-les-cyberattaques-des-magasins-marks-spencer-et-harrods-au-royaume-uni","status":"publish","type":"post","link":"https:\/\/www.europesays.com\/fr\/67819\/","title":{"rendered":"Qui se cache derri\u00e8re les cyberattaques des magasins Marks &#038; Spencer et Harrods au Royaume-Uni ?"},"content":{"rendered":"<p>La police britannique m\u00e8ne l\u2019enqu\u00eate apr\u00e8s une vague de cyberattaques visant plusieurs grandes enseignes outre-Manche.Apr\u00e8s Marks &amp; Spencer et les supermarch\u00e9s Co-op, c\u2019est le grand magasin londonien Harrods qui a fait face \u00e0 \u00ab\u00a0des tentatives d\u2019acc\u00e8s non autoris\u00e9 \u00e0 certains de ses syst\u00e8mes\u00a0\u00bb.Les autorit\u00e9s n&rsquo;ont pas communiqu\u00e9 sur un \u00e9ventuel lien entre ces trois attaques.<\/p>\n<p data-module=\"article-paragraph\" class=\"jsx-362436225 Paragraph\">Plusieurs grandes enseignes vis\u00e9es au Royaume-Uni. Le grand magasin londonien Harrods a annonc\u00e9 jeudi avoir \u00e9t\u00e9 \u00e0 son tour victime d&rsquo;une cyberattaque. \u00ab\u00a0Nous avons r\u00e9cemment \u00e9t\u00e9 confront\u00e9s \u00e0 des tentatives d&rsquo;acc\u00e8s non autoris\u00e9 \u00e0 certains de nos syst\u00e8mes\u00a0\u00bb, a indiqu\u00e9 un porte-parole du magasin de luxe cit\u00e9 par l&rsquo;AFP, assurant que les \u00e9quipes de s\u00e9curit\u00e9 informatique du groupe \u00ab\u00a0ont imm\u00e9diatement pris des mesures proactives pour assurer la s\u00e9curit\u00e9 des syst\u00e8mes\u00a0\u00bb.\u00a0<\/p>\n<p data-module=\"article-paragraph\" class=\"jsx-362436225 Paragraph Paragraph__End\">Le groupe a restreint l&rsquo;acc\u00e8s \u00e0 Internet de ses sites, dont des points de vente dans des a\u00e9roports et des boutiques de produits de beaut\u00e9 dans plusieurs villes. Mais tous sont rest\u00e9s ouverts pour accueillir les clients et le site internet n&rsquo;a pas \u00e9t\u00e9 affect\u00e9.<\/p>\n<p>Les activit\u00e9s de M&amp;S au ralenti depuis P\u00e2ques<\/p>\n<p data-module=\"article-paragraph\" class=\"jsx-362436225 Paragraph Paragraph__End\">Ce n&rsquo;est pas le cas de la cha\u00eene Marks &amp; Spencer, dont les activit\u00e9s sont perturb\u00e9es depuis qu&rsquo;elle a \u00e9t\u00e9 vis\u00e9e par une attaque au ran\u00e7onlogiciel \u00e0 P\u00e2ques. L&rsquo;enseigne a d\u00fb suspendre ses ventes en ligne, le paiement sans contact en magasins ou encore ses op\u00e9rations de recrutement.\u00a0Dans certains magasins, des produits n&rsquo;\u00e9taient plus disponibles en rayon. Le groupe a affirm\u00e9 jeudi que ses \u00e9quipes techniques \u00ab\u00a0soutenues par des experts cyber, travaillent extr\u00eamement dur pour r\u00e9tablir les ventes en ligne et via notre application\u00a0\u00bb.<\/p>\n<p data-module=\"article-paragraph\" class=\"jsx-362436225 Paragraph\">De son c\u00f4t\u00e9, la cha\u00eene de supermarch\u00e9s Co-op a indiqu\u00e9 jeudi avoir \u00e9galement \u00e9t\u00e9 vis\u00e9e par \u00ab\u00a0des tentatives d&rsquo;acc\u00e8s non autoris\u00e9\u00a0\u00bb \u00e0 certains de ses syst\u00e8mes. Les mesures mises en place pour les prot\u00e9ger ont entrain\u00e9 des perturbations dans leurs centres d&rsquo;appel et services support.\u00a0<\/p>\n<p data-module=\"article-paragraph\" class=\"jsx-362436225 Paragraph Paragraph__End\">The Telegraph rapporte que le Centre national de cybers\u00e9curit\u00e9 a demand\u00e9 aux enseignes de la grande distribution de mettre \u00e0 jour leur s\u00e9curit\u00e9 informatique, les pirates informatiques ciblant tout particuli\u00e8rement les d\u00e9taillants britanniques. La police a ouvert une enqu\u00eate pour tenter de d\u00e9terminer les auteurs de ces faits, sans dire si les trois attaques sont li\u00e9es.\u00a0<\/p>\n<p>D.D.F. avec AFP<\/p>\n","protected":false},"excerpt":{"rendered":"La police britannique m\u00e8ne l\u2019enqu\u00eate apr\u00e8s une vague de cyberattaques visant plusieurs grandes enseignes outre-Manche.Apr\u00e8s Marks &amp; Spencer&hellip;\n","protected":false},"author":2,"featured_media":67820,"comment_status":"","ping_status":"","sticky":false,"template":"","format":"standard","meta":{"footnotes":""},"categories":[1588],"tags":[1111,11,1921,1075,1777,674,1922,12,473,1853,1851,1850,1852,133,1920],"class_list":{"0":"post-67819","1":"post","2":"type-post","3":"status-publish","4":"format-standard","5":"has-post-thumbnail","7":"category-royaume-uni","8":"tag-actu","9":"tag-actualites","10":"tag-article-video","11":"tag-cybersecurite","12":"tag-eu","13":"tag-europe","14":"tag-info","15":"tag-news","16":"tag-royaume-uni","17":"tag-royaume-uni-de-grande-bretagne-et-dirlande-du-nord","18":"tag-uk","19":"tag-united-kingdom","20":"tag-united-kingdom-of-great-britain-and-northern-ireland","21":"tag-video","22":"tag-video-international"},"share_on_mastodon":{"url":"https:\/\/pubeurope.com\/@fr\/114434738961344976","error":""},"_links":{"self":[{"href":"https:\/\/www.europesays.com\/fr\/wp-json\/wp\/v2\/posts\/67819","targetHints":{"allow":["GET"]}}],"collection":[{"href":"https:\/\/www.europesays.com\/fr\/wp-json\/wp\/v2\/posts"}],"about":[{"href":"https:\/\/www.europesays.com\/fr\/wp-json\/wp\/v2\/types\/post"}],"author":[{"embeddable":true,"href":"https:\/\/www.europesays.com\/fr\/wp-json\/wp\/v2\/users\/2"}],"replies":[{"embeddable":true,"href":"https:\/\/www.europesays.com\/fr\/wp-json\/wp\/v2\/comments?post=67819"}],"version-history":[{"count":0,"href":"https:\/\/www.europesays.com\/fr\/wp-json\/wp\/v2\/posts\/67819\/revisions"}],"wp:featuredmedia":[{"embeddable":true,"href":"https:\/\/www.europesays.com\/fr\/wp-json\/wp\/v2\/media\/67820"}],"wp:attachment":[{"href":"https:\/\/www.europesays.com\/fr\/wp-json\/wp\/v2\/media?parent=67819"}],"wp:term":[{"taxonomy":"category","embeddable":true,"href":"https:\/\/www.europesays.com\/fr\/wp-json\/wp\/v2\/categories?post=67819"},{"taxonomy":"post_tag","embeddable":true,"href":"https:\/\/www.europesays.com\/fr\/wp-json\/wp\/v2\/tags?post=67819"}],"curies":[{"name":"wp","href":"https:\/\/api.w.org\/{rel}","templated":true}]}}