{"id":67821,"date":"2025-05-01T21:38:13","date_gmt":"2025-05-01T21:38:13","guid":{"rendered":"https:\/\/www.europesays.com\/fr\/67821\/"},"modified":"2025-05-01T21:38:13","modified_gmt":"2025-05-01T21:38:13","slug":"audienceproject-etend-son-partenariat-avec-google-pour-mesurer-youtube-en-allemagne-france-italie-et-dans-les-pays-nordiques","status":"publish","type":"post","link":"https:\/\/www.europesays.com\/fr\/67821\/","title":{"rendered":"AudienceProject \u00e9tend son partenariat avec Google pour mesurer YouTube en Allemagne, France, Italie et dans les pays nordiques"},"content":{"rendered":"<p>AudienceProject a annonc\u00e9 le lancement d\u2019une nouvelle int\u00e9gration d\u00e9di\u00e9e \u00e0 la mesure des campagnes YouTube sur plusieurs march\u00e9s europ\u00e9ens. Cette solution permettra aux annonceurs de mesurer l\u2019audience de YouTube de mani\u00e8re ind\u00e9pendante, cross-m\u00e9dia, et sur tous les appareils, y compris la t\u00e9l\u00e9vision connect\u00e9e.<\/p>\n<p>Gr\u00e2ce \u00e0 une int\u00e9gration approfondie avec Ads Data Hub for Measurement Partners, les annonceurs en Allemagne, France, Italie, Su\u00e8de, Danemark, Norv\u00e8ge et Finlande pourront acc\u00e9der \u00e0 des indicateurs plus pr\u00e9cis et plus globaux pour leurs campagnes YouTube.<\/p>\n<p>Cette nouvelle int\u00e9gration permet d\u2019activer, en un simple clic, la mesure ind\u00e9pendante de l\u2019audience des campagnes YouTube via la plateforme de mesure cross-m\u00e9dia d\u2019AudienceProject. L\u2019objectif est d\u2019offrir une visibilit\u00e9 totale sur la port\u00e9e et la fr\u00e9quence des campagnes, tous appareils confondus, en int\u00e9grant notamment la mesure du co-viewing sur CTV.<\/p>\n<p>Une meilleure comparabilit\u00e9 avec la t\u00e9l\u00e9vision traditionnelle<\/p>\n<p>En s\u2019alignant sur les standards du Media Rating Council (MRC) pour la visibilit\u00e9 des publicit\u00e9s vid\u00e9o, AudienceProject permet aux annonceurs de comparer plus efficacement leurs performances sur YouTube avec celles de la t\u00e9l\u00e9vision lin\u00e9aire traditionnelle. Les campagnes peuvent ainsi \u00eatre \u00e9valu\u00e9es de mani\u00e8re coh\u00e9rente entre les diff\u00e9rents canaux : TV classique, TV connect\u00e9e, vid\u00e9o en ligne, r\u00e9seaux sociaux et web ouvert.<\/p>\n<p>Cette approche apporte aux annonceurs des donn\u00e9es essentielles pour piloter leurs strat\u00e9gies m\u00e9dias, aussi bien lors de la planification initiale que pour les optimisations en cours de campagne.<\/p>\n<p>Une solution salu\u00e9e par Google<\/p>\n<p>Dirk Bruns, directeur Branding Solutions pour l\u2019Allemagne chez Google, souligne l\u2019importance de cette initiative : \u00ab La mesure cross-m\u00e9dia est cruciale pour aider les annonceurs \u00e0 prendre des d\u00e9cisions \u00e9clair\u00e9es. Apr\u00e8s le succ\u00e8s du lancement au Royaume-Uni l\u2019an dernier, nous sommes ravis d\u2019\u00e9tendre cette solution \u00e0 sept nouveaux march\u00e9s europ\u00e9ens. Gr\u00e2ce \u00e0 AudienceProject, les annonceurs peuvent obtenir une vision plus compl\u00e8te de la port\u00e9e de leurs campagnes YouTube et optimiser leurs investissements m\u00e9dias. \u00bb<\/p>\n<p>Ben Samuel, vice-pr\u00e9sident des partenariats chez AudienceProject, partage cet enthousiasme : \u00ab Cette expansion t\u00e9moigne de notre engagement \u00e0 fournir des solutions de mesure ind\u00e9pendantes et transparentes, pour aider les annonceurs \u00e0 prendre des d\u00e9cisions marketing plus confiantes. \u00bb<\/p>\n","protected":false},"excerpt":{"rendered":"AudienceProject a annonc\u00e9 le lancement d\u2019une nouvelle int\u00e9gration d\u00e9di\u00e9e \u00e0 la mesure des campagnes YouTube sur plusieurs march\u00e9s&hellip;\n","protected":false},"author":2,"featured_media":67822,"comment_status":"","ping_status":"","sticky":false,"template":"","format":"standard","meta":{"footnotes":""},"categories":[1587],"tags":[11,16946,672,1804,1805,1803,1777,674,1801,12,1802,16033],"class_list":{"0":"post-67821","1":"post","2":"type-post","3":"status-publish","4":"format-standard","5":"has-post-thumbnail","7":"category-allemagne","8":"tag-actualites","9":"tag-adtech","10":"tag-allemagne","11":"tag-bundesrepublik-deutschland","12":"tag-de","13":"tag-deutschland","14":"tag-eu","15":"tag-europe","16":"tag-germany","17":"tag-news","18":"tag-republique-federale-dallemagne","19":"tag-tech"},"share_on_mastodon":{"url":"https:\/\/pubeurope.com\/@fr\/114434742870137580","error":""},"_links":{"self":[{"href":"https:\/\/www.europesays.com\/fr\/wp-json\/wp\/v2\/posts\/67821","targetHints":{"allow":["GET"]}}],"collection":[{"href":"https:\/\/www.europesays.com\/fr\/wp-json\/wp\/v2\/posts"}],"about":[{"href":"https:\/\/www.europesays.com\/fr\/wp-json\/wp\/v2\/types\/post"}],"author":[{"embeddable":true,"href":"https:\/\/www.europesays.com\/fr\/wp-json\/wp\/v2\/users\/2"}],"replies":[{"embeddable":true,"href":"https:\/\/www.europesays.com\/fr\/wp-json\/wp\/v2\/comments?post=67821"}],"version-history":[{"count":0,"href":"https:\/\/www.europesays.com\/fr\/wp-json\/wp\/v2\/posts\/67821\/revisions"}],"wp:featuredmedia":[{"embeddable":true,"href":"https:\/\/www.europesays.com\/fr\/wp-json\/wp\/v2\/media\/67822"}],"wp:attachment":[{"href":"https:\/\/www.europesays.com\/fr\/wp-json\/wp\/v2\/media?parent=67821"}],"wp:term":[{"taxonomy":"category","embeddable":true,"href":"https:\/\/www.europesays.com\/fr\/wp-json\/wp\/v2\/categories?post=67821"},{"taxonomy":"post_tag","embeddable":true,"href":"https:\/\/www.europesays.com\/fr\/wp-json\/wp\/v2\/tags?post=67821"}],"curies":[{"name":"wp","href":"https:\/\/api.w.org\/{rel}","templated":true}]}}