{"id":67824,"date":"2025-05-01T21:40:11","date_gmt":"2025-05-01T21:40:11","guid":{"rendered":"https:\/\/www.europesays.com\/fr\/67824\/"},"modified":"2025-05-01T21:40:11","modified_gmt":"2025-05-01T21:40:11","slug":"lacces-limite-des-elus-aux-accords-suisse-ue-fait-debat-au-palais-federal-rts-ch","status":"publish","type":"post","link":"https:\/\/www.europesays.com\/fr\/67824\/","title":{"rendered":"L\u2019acc\u00e8s limit\u00e9 des \u00e9lus aux accords Suisse\u2013UE fait d\u00e9bat au Palais f\u00e9d\u00e9ral &#8211; rts.ch"},"content":{"rendered":"<p>Le Conseil f\u00e9d\u00e9ral s\u2019appr\u00eate \u00e0 d\u00e9voiler partiellement le contenu des nouveaux accords n\u00e9goci\u00e9s avec l\u2019Union europ\u00e9enne. Seuls quelques parlementaires pourront en prendre connaissance dans un premier temps, une proc\u00e9dure qui fait d\u00e9bat \u00e0 Berne.<\/p>\n<p>D\u00e8s la semaine prochaine, une poign\u00e9e d\u2019\u00e9lus \u2013 deux par parti \u2013 seront autoris\u00e9s \u00e0 consulter, en toute confidentialit\u00e9, les 1800 pages de l\u2019accord en cours de n\u00e9gociation entre la Suisse et l\u2019Union europ\u00e9enne. Cette lecture \u00e0 huis clos, organis\u00e9e dans une salle du Palais f\u00e9d\u00e9ral, constitue une phase de pr\u00e9-information avant une consultation publique pr\u00e9vue pour l\u2019\u00e9t\u00e9.<\/p>\n<p>Mais cette m\u00e9thode suscite des critiques, notamment de l\u2019UDC. Pour Thomas Aeschi, chef du groupe parlementaire, le processus manque de transparence: \u00ab\u00a0Si le Conseil f\u00e9d\u00e9ral n\u2019a rien \u00e0 cacher, il peut rendre les documents accessibles \u00e0 tout le monde en m\u00eame temps\u00a0\u00bb, a-t-il critiqu\u00e9 jeudi dans le 19h30 de la RTS.<\/p>\n<p>Une position partag\u00e9e par la commission de politique ext\u00e9rieure du Conseil national, qui a officiellement demand\u00e9 au D\u00e9partement f\u00e9d\u00e9ral des affaires \u00e9trang\u00e8res (DFAE) d\u2019\u00e9largir l\u2019acc\u00e8s \u00e0 l\u2019ensemble des parlementaires. Son pr\u00e9sident Laurent Wehrli salue la volont\u00e9 d\u2019informer les partis en amont, mais regrette la restriction. \u00ab\u00a0Ce qui a surpris, c\u2019est la limite \u00e0 deux membres par parti\u00a0\u00bb, rel\u00e8ve-t-il.<\/p>\n<p>Une m\u00e9thode d\u00e9fendue par le DFAE<\/p>\n<p>Interrog\u00e9, le porte-parole du DFAE Nicolas Bideau d\u00e9fend une approche inspir\u00e9e du fonctionnement habituel du Parlement, o\u00f9 chaque parti est repr\u00e9sent\u00e9 dans les commissions. \u00ab\u00a0L\u2019objectif est que les partis aient les \u00e9l\u00e9ments n\u00e9cessaires pour prendre position sur ces textes essentiels pour la prosp\u00e9rit\u00e9 de la Suisse\u00a0\u00bb, explique-t-il.<\/p>\n<p>Face aux critiques, le DFAE ne ferme pas la porte \u00e0 un \u00e9largissement du droit \u00e0 tous les parlementaires de consulter les accords. Le Conseil f\u00e9d\u00e9ral tranchera sur ce point dans les prochaines semaines.<\/p>\n<p> &gt;&gt; Le point dans le 19h30 avec Hannah Schlaepfer\u00a0:   <img decoding=\"async\" class=\"embed-responsive-item\" loading=\"lazy\" src=\"https:\/\/www.europesays.com\/fr\/wp-content\/uploads\/2025\/05\/okmfbg-28870405.image\" alt=\"Accords entre la Suisse et l\u2019UE: le point avec Hannah Schlaepfer\"\/>    Accords entre la Suisse et l\u2019UE: le point avec Hannah Schlaepfer \/ 19h30 \/ 1 min. \/ aujourd&rsquo;hui \u00e0 19:30 <\/p>\n<p class=\"sources\">Sujet TV: Hannah Schlaepfer et Thomas Epitaux-Fallot<\/p>\n<p class=\"credit\">Adaptation web: ther<\/p>\n","protected":false},"excerpt":{"rendered":"Le Conseil f\u00e9d\u00e9ral s\u2019appr\u00eate \u00e0 d\u00e9voiler partiellement le contenu des nouveaux accords n\u00e9goci\u00e9s avec l\u2019Union europ\u00e9enne. Seuls quelques&hellip;\n","protected":false},"author":2,"featured_media":67825,"comment_status":"","ping_status":"","sticky":false,"template":"","format":"standard","meta":{"footnotes":""},"categories":[1586],"tags":[743,11,16947,1292,16948,11035,5949,1777,674,1779,1011,27,418,12,16949,1050,8234,16950,316,25,3067,1778,364],"class_list":{"0":"post-67824","1":"post","2":"type-post","3":"status-publish","4":"format-standard","5":"has-post-thumbnail","7":"category-europe","8":"tag-accord","9":"tag-actualites","10":"tag-conseil-federal-suisse","11":"tag-debat","12":"tag-dfae","13":"tag-election","14":"tag-elections","15":"tag-eu","16":"tag-europe","17":"tag-european-union","18":"tag-fr","19":"tag-france","20":"tag-gouvernement","21":"tag-news","22":"tag-palais-federal","23":"tag-parlement","24":"tag-parlementaire","25":"tag-parti-politique","26":"tag-politique","27":"tag-republique-francaise","28":"tag-suisse","29":"tag-ue","30":"tag-union-europeenne"},"share_on_mastodon":{"url":"https:\/\/pubeurope.com\/@fr\/114434750820329340","error":""},"_links":{"self":[{"href":"https:\/\/www.europesays.com\/fr\/wp-json\/wp\/v2\/posts\/67824","targetHints":{"allow":["GET"]}}],"collection":[{"href":"https:\/\/www.europesays.com\/fr\/wp-json\/wp\/v2\/posts"}],"about":[{"href":"https:\/\/www.europesays.com\/fr\/wp-json\/wp\/v2\/types\/post"}],"author":[{"embeddable":true,"href":"https:\/\/www.europesays.com\/fr\/wp-json\/wp\/v2\/users\/2"}],"replies":[{"embeddable":true,"href":"https:\/\/www.europesays.com\/fr\/wp-json\/wp\/v2\/comments?post=67824"}],"version-history":[{"count":0,"href":"https:\/\/www.europesays.com\/fr\/wp-json\/wp\/v2\/posts\/67824\/revisions"}],"wp:featuredmedia":[{"embeddable":true,"href":"https:\/\/www.europesays.com\/fr\/wp-json\/wp\/v2\/media\/67825"}],"wp:attachment":[{"href":"https:\/\/www.europesays.com\/fr\/wp-json\/wp\/v2\/media?parent=67824"}],"wp:term":[{"taxonomy":"category","embeddable":true,"href":"https:\/\/www.europesays.com\/fr\/wp-json\/wp\/v2\/categories?post=67824"},{"taxonomy":"post_tag","embeddable":true,"href":"https:\/\/www.europesays.com\/fr\/wp-json\/wp\/v2\/tags?post=67824"}],"curies":[{"name":"wp","href":"https:\/\/api.w.org\/{rel}","templated":true}]}}