{"id":678248,"date":"2026-01-21T04:08:25","date_gmt":"2026-01-21T04:08:25","guid":{"rendered":"https:\/\/www.europesays.com\/fr\/678248\/"},"modified":"2026-01-21T04:08:25","modified_gmt":"2026-01-21T04:08:25","slug":"mercosur-des-milliers-dagriculteurs-europeens-en-colere-a-strasbourg-actualites","status":"publish","type":"post","link":"https:\/\/www.europesays.com\/fr\/678248\/","title":{"rendered":"Mercosur: des milliers d&rsquo;agriculteurs europ\u00e9ens en col\u00e8re \u00e0 Strasbourg : Actualit\u00e9s"},"content":{"rendered":"<p class=\"lead \">Fumig\u00e8nes ou drapeaux \u00e0 la main, des milliers d&rsquo;agriculteurs ont manifest\u00e9 mardi devant le Parlement europ\u00e9en contre l&rsquo;accord avec le Mercosur, \u00e0 la veille d&rsquo;un vote sur une saisine de la justice.<\/p>\n<p class=\"lead \">Fran\u00e7ais en majorit\u00e9 mais aussi Italiens, Belges ou encore Polonais, ils ont rejoint le b\u00e2timent en fin de matin\u00e9e, parfois en tracteur. A la mi-journ\u00e9e, la police estimait qu&rsquo;ils \u00e9taient plus de 5.500 personnes.<\/p>\n<p class=\"lead \">Dans l&rsquo;apr\u00e8s-midi, l&rsquo;ambiance s&rsquo;est tendue, des manifestants jetant des fumig\u00e8nes, des bouteilles et des fruits vers les CRS qui ont r\u00e9pliqu\u00e9 \u00e0 coups de grenades lacrymog\u00e8nes.<\/p>\n<p class=\"lead \">Cible des critiques: Ursula von der Leyen, qui a sign\u00e9 samedi au Paraguay l&rsquo;accord de libre-\u00e9change contest\u00e9 avec les quatre pays du Mercosur (Argentine, Br\u00e9sil, Paraguay, Uruguay). Son nom a \u00e9t\u00e9 hu\u00e9 et un cercueil portant le nom de la pr\u00e9sidente de la Commission europ\u00e9enne a \u00e9t\u00e9 exhib\u00e9.<\/p>\n<p class=\"lead \">\u00ab\u00a0La Commission europ\u00e9enne nous abandonne\u00a0\u00bb, a d\u00e9plor\u00e9 le Copa-Cogeca, une organisation qui rassemble les principaux syndicats agricoles europ\u00e9ens.<\/p>\n<p class=\"lead \"> \u00ab\u00a0Nous sommes nombreux aujourd&rsquo;hui parce que nous voulons continuer \u00e0 nous battre pour une vision d&rsquo;une agriculture qui produit en Europe\u00a0\u00bb, a d\u00e9clar\u00e9 \u00e0 la foule Arnaud Rousseau, pr\u00e9sident de la FNSEA. L&rsquo;accord commercial avec le Mercosur est \u00ab\u00a0quelque chose que nous ne voulons pas\u00a0\u00bb, a-t-il insist\u00e9, r\u00e9clamant le soutien des d\u00e9put\u00e9s europ\u00e9ens quel que soit leur parti ou leur pays.<\/p>\n<p class=\"lead \">Les parlementaires ne se prononceront sur l&rsquo;ensemble de l&rsquo;accord avec le Mercosur que dans les prochains mois mais ils sont appel\u00e9s \u00e0 s&rsquo;exprimer mercredi sur une \u00e9ventuelle saisine de la Cour de justice de l&rsquo;Union europ\u00e9enne (CJUE).<\/p>\n<p class=\"lead \">En cas de vote positif, la CJUE \u00e9tudiera la compatibilit\u00e9 de l&rsquo;accord avec les trait\u00e9s. Si l&rsquo;avis de la cour est n\u00e9gatif, l&rsquo;accord ne pourra entrer en vigueur que s&rsquo;il est modifi\u00e9.<\/p>\n<p class=\"lead \">\u00ab\u00a0C&rsquo;est aux parlementaires (europ\u00e9ens) \u00e0 d\u00e9cider maintenant de saisir la Cour de justice europ\u00e9enne\u00a0\u00bb a dit sur TF1 la ministre de l&rsquo;Agriculture Annie Genevard, esp\u00e9rant que \u00ab\u00a0cette d\u00e9marche ira \u00e0 son terme\u00a0\u00bb.<\/p>\n<p class=\"lead \">\u00ab\u00a0On veut que les eurod\u00e9put\u00e9s fassent leur boulot, qu&rsquo;ils fassent appel \u00e0 la cour, pour que l&rsquo;accord soit r\u00e9\u00e9tudi\u00e9\u00a0\u00bb, a d\u00e9clar\u00e9 \u00e0 l&rsquo;AFP Emmanuelle Poirier, 45 ans. Elle qui \u00e9l\u00e8ve des vaches limousines dans la Creuse craint \u00ab\u00a0l&rsquo;importation massive de viande qui ne correspond pas au cahier des charges en France\u00a0\u00bb.<\/p>\n<p class=\"lead \">Au sein m\u00eame des groupes politiques, les eurod\u00e9put\u00e9s sont divis\u00e9s.<\/p>\n<p class=\"lead \">\u00ab\u00a0Nous sommes en train de travailler, voix par voix, \u00e9lu par \u00e9lu, d\u00e9put\u00e9 par d\u00e9put\u00e9 \u00e0 faire cette majorit\u00e9 dont nous avons besoin pour stopper (l&rsquo;accord avec) le Mercosur lors du vote de demain\u00a0\u00bb, a d\u00e9clar\u00e9 Fran\u00e7ois-Xavier Bellamy, membre du PPE (droite).<\/p>\n<p class=\"lead \">Les agriculteurs ont pr\u00e9vu de rester \u00e0 Strasbourg jusqu&rsquo;\u00e0 mercredi.<\/p>\n<p class=\"lead \">\u00ab\u00a0On se battra jusqu&rsquo;au bout\u00a0\u00bb a martel\u00e9 Pierrick Horel, pr\u00e9sident des Jeunes Agriculteurs.<\/p>\n<p class=\"lead \">&#8211; Motion de censure &#8211;<\/p>\n<p class=\"lead \">N\u00e9goci\u00e9 depuis 1999, l&rsquo;accord avec le Mercosur a \u00e9t\u00e9 soutenu par une majorit\u00e9 d&rsquo;Etats. La France s&rsquo;y est oppos\u00e9e.<\/p>\n<p class=\"lead \"> Ce texte cr\u00e9e l&rsquo;une des plus grandes zones de libre-\u00e9change au monde entre l&rsquo;Union europ\u00e9enne, le Br\u00e9sil, l&rsquo;Argentine, le Paraguay et l&rsquo;Uruguay, soit plus de 700 millions de consommateurs.<\/p>\n<p class=\"lead \">Il doit permettre \u00e0 l&rsquo;UE d&rsquo;exporter davantage de voitures, machines, vins et spiritueux vers l&rsquo;Am\u00e9rique latine tout en facilitant l&rsquo;entr\u00e9e en Europe de viande bovine, sucre, riz, miel et soja sud-am\u00e9ricains.<\/p>\n<p class=\"lead \">Pour ses d\u00e9tracteurs, cela va bousculer l&rsquo;agriculture europ\u00e9enne avec des produits import\u00e9s moins chers et pas forc\u00e9ment respectueux des normes de l&rsquo;UE, faute de contr\u00f4les suffisants.<\/p>\n<p class=\"lead \">\u00ab\u00a0Ce libre-\u00e9change peut, dans certains cas, aussi ouvrir des d\u00e9bouch\u00e9s \u00e0 l&rsquo;Italie et r\u00e9duire les droits de douane, mais il met en p\u00e9ril la sant\u00e9 de tous\u00a0\u00bb, d\u00e9nonce Nicolo Koliotassis, 23 ans, viticulteur en V\u00e9n\u00e9tie et membre de Coldiretti, syndicat agricole italien.<\/p>\n<p class=\"lead \">Jeudi, les eurod\u00e9put\u00e9s seront amen\u00e9s \u00e0 voter cette fois sur une motion de censure \u00e0 l&rsquo;encontre de Mme von der Leyen, une d\u00e9marche \u00e0 l&rsquo;initiative du groupe d&rsquo;extr\u00eame droite des Patriotes pour l&rsquo;Europe, qui a peu de chances de succ\u00e8s.<\/p>\n<p class=\"lead \">Ailleurs en France, la mobilisation des agriculteurs se poursuit aussi: une cinquantaine de membres de la Coordination rurale ont men\u00e9 dans la nuit une op\u00e9ration \u00ab\u00a0coup de poing\u00a0\u00bb contre un entrep\u00f4t logistique Syst\u00e8me U dans l&rsquo;H\u00e9rault, a indiqu\u00e9 la pr\u00e9fecture, condamnant des \u00ab\u00a0actions ill\u00e9gales\u00a0\u00bb.<\/p>\n<p class=\"small font-weight-bold text-gray3 \"> publi\u00e9 le 20 janvier \u00e0 17h46, AFP<\/p>\n<p>                             Partager<\/p>\n","protected":false},"excerpt":{"rendered":"Fumig\u00e8nes ou drapeaux \u00e0 la main, des milliers d&rsquo;agriculteurs ont manifest\u00e9 mardi devant le Parlement europ\u00e9en contre l&rsquo;accord&hellip;\n","protected":false},"author":2,"featured_media":678249,"comment_status":"","ping_status":"","sticky":false,"template":"","format":"standard","meta":{"footnotes":""},"categories":[2820],"tags":[13790,1111,11,327,215,1777,674,1011,27,775,2088,12,9640,1050,32226,25,640,1778],"class_list":{"0":"post-678248","1":"post","2":"type-post","3":"status-publish","4":"format-standard","5":"has-post-thumbnail","7":"category-strasbourg","8":"tag-conomie","9":"tag-actu","10":"tag-actualites","11":"tag-agriculture","12":"tag-commerce","13":"tag-eu","14":"tag-europe","15":"tag-fr","16":"tag-france","17":"tag-grand-est","18":"tag-manifestation","19":"tag-news","20":"tag-organisation","21":"tag-parlement","22":"tag-patronat","23":"tag-republique-francaise","24":"tag-strasbourg","25":"tag-ue"},"share_on_mastodon":{"url":"https:\/\/pubeurope.com\/@fr\/115931126379873792","error":""},"_links":{"self":[{"href":"https:\/\/www.europesays.com\/fr\/wp-json\/wp\/v2\/posts\/678248","targetHints":{"allow":["GET"]}}],"collection":[{"href":"https:\/\/www.europesays.com\/fr\/wp-json\/wp\/v2\/posts"}],"about":[{"href":"https:\/\/www.europesays.com\/fr\/wp-json\/wp\/v2\/types\/post"}],"author":[{"embeddable":true,"href":"https:\/\/www.europesays.com\/fr\/wp-json\/wp\/v2\/users\/2"}],"replies":[{"embeddable":true,"href":"https:\/\/www.europesays.com\/fr\/wp-json\/wp\/v2\/comments?post=678248"}],"version-history":[{"count":0,"href":"https:\/\/www.europesays.com\/fr\/wp-json\/wp\/v2\/posts\/678248\/revisions"}],"wp:featuredmedia":[{"embeddable":true,"href":"https:\/\/www.europesays.com\/fr\/wp-json\/wp\/v2\/media\/678249"}],"wp:attachment":[{"href":"https:\/\/www.europesays.com\/fr\/wp-json\/wp\/v2\/media?parent=678248"}],"wp:term":[{"taxonomy":"category","embeddable":true,"href":"https:\/\/www.europesays.com\/fr\/wp-json\/wp\/v2\/categories?post=678248"},{"taxonomy":"post_tag","embeddable":true,"href":"https:\/\/www.europesays.com\/fr\/wp-json\/wp\/v2\/tags?post=678248"}],"curies":[{"name":"wp","href":"https:\/\/api.w.org\/{rel}","templated":true}]}}