{"id":678268,"date":"2026-01-21T04:22:12","date_gmt":"2026-01-21T04:22:12","guid":{"rendered":"https:\/\/www.europesays.com\/fr\/678268\/"},"modified":"2026-01-21T04:22:12","modified_gmt":"2026-01-21T04:22:12","slug":"bruno-bernard-maintient-le-teol-et-veut-construire-un-tram-nord","status":"publish","type":"post","link":"https:\/\/www.europesays.com\/fr\/678268\/","title":{"rendered":"Bruno Bernard maintient le TEOL et veut construire un tram nord"},"content":{"rendered":"<p><strong>La liste d\u2019union de la gauche et des \u00e9cologistes avec Bruno Bernard a pr\u00e9sent\u00e9 ce mardi son grand plan de transports en commun, au lendemain du d\u00e9voilement de celui de la liste \u201cGrand C\u0153ur Lyonnais\u201d de V\u00e9ronique Sarselli.<\/strong><\/p>\n<p>La candidate de droite avait, la veille, annonc\u00e9 vouloir relancer le projet de ligne de m\u00e9tro E, abandonn\u00e9 au cours de ce mandat par les \u00e9cologistes, tout en abandonnant le projet de tramway semi enterr\u00e9 de l\u2019ouest lyonnais, le TEOL, dont l\u2019objectif est de relier Tassin \u00e0 la Confluence au d\u00e9but des ann\u00e9es 2030.<\/p>\n<p>Pour sa part, la liste men\u00e9e par Bruno Bernard a lanc\u00e9 un plan avec trois priorit\u00e9s, tout en visant \u00e0 maintenant de bons \u00e9quilibres financiers pour le SYTRAL.<\/p>\n<p>\u00abInvestir dans les mobilit\u00e9s, ce n\u2019est pas empiler des annonces. C\u2019est assumer des choix financiers cr\u00e9dibles, hi\u00e9rarchis\u00e9s et finan\u00e7ables. Les transports en commun exigent du temps long, de la coh\u00e9rence et de la constance. \u00c0 l\u2019inverse, les propositions irr\u00e9alistes ou in\u00e9galitaires fragilisent le r\u00e9seau et remettent en cause l\u2019\u00e9galit\u00e9 entre les Grands Lyonnais.\u00bb<\/p>\n<p>La liste \u00abAvan\u00e7ons ensemble\u00bb a ainsi fait le choix d\u2019une politique de transports en commun structur\u00e9e autour de trois priorit\u00e9s claires : \u00abPlus d\u2019offre, plus de fiabilit\u00e9, plus de s\u00e9curit\u00e9\u00bb, \u00abmieux relier les lieux de vie et de travail dans la M\u00e9tropole\u00bb et \u00ab\u00e9largir l\u2019acc\u00e8s aux transports pour tous et toutes\u00bb. <\/p>\n<p><img decoding=\"async\" src=\"https:\/\/www.europesays.com\/fr\/wp-content\/uploads\/2025\/04\/abonnezvouslarge.jpg\" alt=\"\"\/><\/p>\n<p>Pour lire la totalit\u00e9 de l&rsquo;article,<strong><a href=\"http:\/\/www.lyonpoleimmo.com\/membership-options-page\/\" target=\"_blank\" rel=\"noopener\">abonnez-vous<\/a> <\/strong>ou <a href=\"http:\/\/www.lyonpoleimmo.com\/senregistrer\/\" target=\"_blank\" rel=\"noopener\"><strong>identifiez-vous<\/strong><\/a> <\/p>\n<p>                  <img loading=\"lazy\" decoding=\"async\" alt=\"\" src=\"https:\/\/www.europesays.com\/fr\/wp-content\/uploads\/2026\/01\/1768969332_489_aa80fbcec76b8e31baa828b9e8df762388c5950be21994636af3fb2f598021ac.jpeg\"  class=\"avatar avatar-96 photo\" height=\"96\" width=\"96\"\/>              <\/p>\n<p>\t\tNavigation d\u2019article<\/p>\n","protected":false},"excerpt":{"rendered":"La liste d\u2019union de la gauche et des \u00e9cologistes avec Bruno Bernard a pr\u00e9sent\u00e9 ce mardi son grand&hellip;\n","protected":false},"author":2,"featured_media":639746,"comment_status":"","ping_status":"","sticky":false,"template":"","format":"standard","meta":{"footnotes":""},"categories":[1889],"tags":[5265,1111,11,2430,1777,674,1011,27,2428,12,25,1352],"class_list":{"0":"post-678268","1":"post","2":"type-post","3":"status-publish","4":"format-standard","5":"has-post-thumbnail","7":"category-lyon","8":"tag-abonnes","9":"tag-actu","10":"tag-actualites","11":"tag-auvergne-rhone-alpes","12":"tag-eu","13":"tag-europe","14":"tag-fr","15":"tag-france","16":"tag-lyon","17":"tag-news","18":"tag-republique-francaise","19":"tag-urbanisme"},"share_on_mastodon":{"url":"https:\/\/pubeurope.com\/@fr\/115931181849972920","error":""},"_links":{"self":[{"href":"https:\/\/www.europesays.com\/fr\/wp-json\/wp\/v2\/posts\/678268","targetHints":{"allow":["GET"]}}],"collection":[{"href":"https:\/\/www.europesays.com\/fr\/wp-json\/wp\/v2\/posts"}],"about":[{"href":"https:\/\/www.europesays.com\/fr\/wp-json\/wp\/v2\/types\/post"}],"author":[{"embeddable":true,"href":"https:\/\/www.europesays.com\/fr\/wp-json\/wp\/v2\/users\/2"}],"replies":[{"embeddable":true,"href":"https:\/\/www.europesays.com\/fr\/wp-json\/wp\/v2\/comments?post=678268"}],"version-history":[{"count":0,"href":"https:\/\/www.europesays.com\/fr\/wp-json\/wp\/v2\/posts\/678268\/revisions"}],"wp:featuredmedia":[{"embeddable":true,"href":"https:\/\/www.europesays.com\/fr\/wp-json\/wp\/v2\/media\/639746"}],"wp:attachment":[{"href":"https:\/\/www.europesays.com\/fr\/wp-json\/wp\/v2\/media?parent=678268"}],"wp:term":[{"taxonomy":"category","embeddable":true,"href":"https:\/\/www.europesays.com\/fr\/wp-json\/wp\/v2\/categories?post=678268"},{"taxonomy":"post_tag","embeddable":true,"href":"https:\/\/www.europesays.com\/fr\/wp-json\/wp\/v2\/tags?post=678268"}],"curies":[{"name":"wp","href":"https:\/\/api.w.org\/{rel}","templated":true}]}}