{"id":678369,"date":"2026-01-21T05:32:10","date_gmt":"2026-01-21T05:32:10","guid":{"rendered":"https:\/\/www.europesays.com\/fr\/678369\/"},"modified":"2026-01-21T05:32:10","modified_gmt":"2026-01-21T05:32:10","slug":"la-metropole-eventre-les-rues-toutes-neuves-de-noailles-pour-reparer-des-reseaux-degouts","status":"publish","type":"post","link":"https:\/\/www.europesays.com\/fr\/678369\/","title":{"rendered":"La m\u00e9tropole \u00e9ventre les rues toutes neuves de Noailles pour r\u00e9parer des r\u00e9seaux d&rsquo;\u00e9gouts"},"content":{"rendered":"<p>\t    La m\u00e9tropole \u00e9ventre les rues toutes neuves de Noailles pour r\u00e9parer des r\u00e9seaux d&rsquo;\u00e9gouts &#8211; Marsactu<\/p>\n<p>&#13;<br \/>\n\t\t&#13;<\/p>\n<p>Nous utilisons des cookies pour vous garantir la meilleure exp\u00e9rience sur notre site. Vous pouvez choisir de refuser les cookies.J&rsquo;accepteNonEn savoir plus<\/p>\n<p>\t\t&#13;<\/p>\n","protected":false},"excerpt":{"rendered":"La m\u00e9tropole \u00e9ventre les rues toutes neuves de Noailles pour r\u00e9parer des r\u00e9seaux d&rsquo;\u00e9gouts &#8211; Marsactu &#13; &#13;&hellip;\n","protected":false},"author":2,"featured_media":678370,"comment_status":"","ping_status":"","sticky":false,"template":"","format":"standard","meta":{"footnotes":""},"categories":[2814],"tags":[1111,11,1777,674,1011,27,11336,884,2800,12,882,25,48803,4772],"class_list":{"0":"post-678369","1":"post","2":"type-post","3":"status-publish","4":"format-standard","5":"has-post-thumbnail","7":"category-marseille","8":"tag-actu","9":"tag-actualites","10":"tag-eu","11":"tag-europe","12":"tag-fr","13":"tag-france","14":"tag-habitatindigne","15":"tag-marseille","16":"tag-metropole","17":"tag-news","18":"tag-provence-alpes-cote-dazur","19":"tag-republique-francaise","20":"tag-splain","21":"tag-zalu"},"share_on_mastodon":{"url":"https:\/\/pubeurope.com\/@fr\/115931456931079429","error":""},"_links":{"self":[{"href":"https:\/\/www.europesays.com\/fr\/wp-json\/wp\/v2\/posts\/678369","targetHints":{"allow":["GET"]}}],"collection":[{"href":"https:\/\/www.europesays.com\/fr\/wp-json\/wp\/v2\/posts"}],"about":[{"href":"https:\/\/www.europesays.com\/fr\/wp-json\/wp\/v2\/types\/post"}],"author":[{"embeddable":true,"href":"https:\/\/www.europesays.com\/fr\/wp-json\/wp\/v2\/users\/2"}],"replies":[{"embeddable":true,"href":"https:\/\/www.europesays.com\/fr\/wp-json\/wp\/v2\/comments?post=678369"}],"version-history":[{"count":0,"href":"https:\/\/www.europesays.com\/fr\/wp-json\/wp\/v2\/posts\/678369\/revisions"}],"wp:featuredmedia":[{"embeddable":true,"href":"https:\/\/www.europesays.com\/fr\/wp-json\/wp\/v2\/media\/678370"}],"wp:attachment":[{"href":"https:\/\/www.europesays.com\/fr\/wp-json\/wp\/v2\/media?parent=678369"}],"wp:term":[{"taxonomy":"category","embeddable":true,"href":"https:\/\/www.europesays.com\/fr\/wp-json\/wp\/v2\/categories?post=678369"},{"taxonomy":"post_tag","embeddable":true,"href":"https:\/\/www.europesays.com\/fr\/wp-json\/wp\/v2\/tags?post=678369"}],"curies":[{"name":"wp","href":"https:\/\/api.w.org\/{rel}","templated":true}]}}