{"id":678388,"date":"2026-01-21T05:43:10","date_gmt":"2026-01-21T05:43:10","guid":{"rendered":"https:\/\/www.europesays.com\/fr\/678388\/"},"modified":"2026-01-21T05:43:10","modified_gmt":"2026-01-21T05:43:10","slug":"en-direct-guerre-en-ukraine-volodymyr-zelensky-inquiet-dune-perte-dattention-internationale-sur-le-conflit","status":"publish","type":"post","link":"https:\/\/www.europesays.com\/fr\/678388\/","title":{"rendered":"EN DIRECT &#8211; Guerre en Ukraine : Volodymyr Zelensky \u00ab\u00a0inquiet\u00a0\u00bb d&rsquo;une perte d&rsquo;attention internationale sur le conflit"},"content":{"rendered":"<ul class=\"jsx-862013697 ArticleChapo__List\">\n<li class=\"jsx-862013697 ArticleChapo__List_Item flex\">Ce mardi \u00e0 Davos, l&rsquo;\u00e9missaire russe a d\u00e9clar\u00e9 avoir eu des discussions \u00ab\u00a0constructives\u00a0\u00bb avec des repr\u00e9sentants am\u00e9ricains en vue de mettre fin au conflit en Ukraine.<\/li>\n<li class=\"jsx-862013697 ArticleChapo__List_Item flex\">Pourtant, le pr\u00e9sident ukrainien Volodymyr Zelensky se dit \u00ab\u00a0inquiet\u00a0\u00bb d&rsquo;une perte d&rsquo;attention internationale sur le conflit \u00e0 cause du diff\u00e9rend caus\u00e9 par les vell\u00e9it\u00e9s du pr\u00e9sident am\u00e9ricain de s&#8217;emparer du Groenland.<\/li>\n<li class=\"jsx-862013697 ArticleChapo__List_Item flex\">Suivez les derni\u00e8res informations.<\/li>\n<\/ul>\n<p data-module=\"article-paragraph\" class=\"jsx-157965717 Paragraph\">Les pourparlers sur l&rsquo;Ukraine avanceront-ils \u00e0 Davos, <a href=\"https:\/\/www.tf1info.fr\/international\/davos-un-discours-d-emmanuel-macron-scrute-en-plein-bras-de-fer-avec-trump-2419715.html\" target=\"_blank\" rel=\"noopener\">o\u00f9 se tient le Forum \u00e9conomique mondial<\/a> ? Ce mardi en Suisse, l&rsquo;\u00e9missaire russe Kirill Dmitriev a d\u00e9clar\u00e9 avoir eu des <a href=\"https:\/\/www.tf1info.fr\/international\/en-direct-guerre-ukraine-russie-la-situation-aujourd-hui-entre-zelensky-poutine-trump-accord-negociation-paix-les-informations-lundi-19-janvier-2026-2419431.html\" target=\"_blank\" rel=\"noopener\">discussions \u00ab\u00a0constructives\u00a0\u00bb avec des repr\u00e9sentants am\u00e9ricains<\/a> en vue de mettre fin au conflit en Ukraine. \u00ab\u00a0Les rencontres se d\u00e9roulent de mani\u00e8re constructive et de plus en plus de personnes prennent conscience du bien-fond\u00e9 de la position russe\u00a0\u00bb, a affirm\u00e9 Kirill Dmitriev \u00e0 des journalistes apr\u00e8s une rencontre notamment avec les \u00e9missaires am\u00e9ricains Steve Witkoff et Jared Kushner.\u00a0<\/p>\n<p data-module=\"article-paragraph\" class=\"jsx-157965717 Paragraph Paragraph__End\">Pas vraiment le m\u00eame son de cloche du c\u00f4t\u00e9 de Volodymyr Zelensky qui s&rsquo;est pour sa part dit \u00ab\u00a0inquiet\u00a0\u00bb d&rsquo;une perte d&rsquo;attention internationale sur le pire conflit en Europe depuis la Deuxi\u00e8me Guerre mondiale, \u00e0 cause du diff\u00e9rend caus\u00e9 par les vell\u00e9it\u00e9s du pr\u00e9sident am\u00e9ricain de s&#8217;emparer du Groenland.<\/p>\n<p>Minute par minute<\/p>\n<p data-module=\"article-paragraph\" class=\"jsx-157965717 Paragraph Paragraph__End\">Sur le terrain, les Ukrainiens doivent faire face cet hiver \u00e0 la multiplication des coupures d&rsquo;\u00e9lectricit\u00e9. \u00ab\u00a0Plus d&rsquo;un million\u00a0\u00bb d&rsquo;habitants de Kiev \u00e9taient toujours priv\u00e9s d&rsquo;\u00e9lectricit\u00e9 mardi soir \u00e0 la suite de nouvelles frappes nocturnes russes, a d\u00e9plor\u00e9 le pr\u00e9sident Volodymyr Zelensky. \u00a0\u00a0<\/p>\n<p>La r\u00e9daction de TF1info<\/p>\n","protected":false},"excerpt":{"rendered":"Ce mardi \u00e0 Davos, l&rsquo;\u00e9missaire russe a d\u00e9clar\u00e9 avoir eu des discussions \u00ab\u00a0constructives\u00a0\u00bb avec des repr\u00e9sentants am\u00e9ricains en&hellip;\n","protected":false},"author":2,"featured_media":678389,"comment_status":"","ping_status":"","sticky":false,"template":"","format":"standard","meta":{"footnotes":""},"categories":[1590],"tags":[1111,11,1921,73,1777,674,1922,12,132,3067,220,77345,133,1920,134],"class_list":{"0":"post-678388","1":"post","2":"type-post","3":"status-publish","4":"format-standard","5":"has-post-thumbnail","7":"category-ukraine","8":"tag-actu","9":"tag-actualites","10":"tag-article-video","11":"tag-etats-unis","12":"tag-eu","13":"tag-europe","14":"tag-info","15":"tag-news","16":"tag-russie","17":"tag-suisse","18":"tag-ukraine","19":"tag-ukraine-russie-des-discussions-de-paix-sous-tension","20":"tag-video","21":"tag-video-international","22":"tag-volodymyr-zelensky"},"share_on_mastodon":{"url":"https:\/\/pubeurope.com\/@fr\/115931499845613260","error":""},"_links":{"self":[{"href":"https:\/\/www.europesays.com\/fr\/wp-json\/wp\/v2\/posts\/678388","targetHints":{"allow":["GET"]}}],"collection":[{"href":"https:\/\/www.europesays.com\/fr\/wp-json\/wp\/v2\/posts"}],"about":[{"href":"https:\/\/www.europesays.com\/fr\/wp-json\/wp\/v2\/types\/post"}],"author":[{"embeddable":true,"href":"https:\/\/www.europesays.com\/fr\/wp-json\/wp\/v2\/users\/2"}],"replies":[{"embeddable":true,"href":"https:\/\/www.europesays.com\/fr\/wp-json\/wp\/v2\/comments?post=678388"}],"version-history":[{"count":0,"href":"https:\/\/www.europesays.com\/fr\/wp-json\/wp\/v2\/posts\/678388\/revisions"}],"wp:featuredmedia":[{"embeddable":true,"href":"https:\/\/www.europesays.com\/fr\/wp-json\/wp\/v2\/media\/678389"}],"wp:attachment":[{"href":"https:\/\/www.europesays.com\/fr\/wp-json\/wp\/v2\/media?parent=678388"}],"wp:term":[{"taxonomy":"category","embeddable":true,"href":"https:\/\/www.europesays.com\/fr\/wp-json\/wp\/v2\/categories?post=678388"},{"taxonomy":"post_tag","embeddable":true,"href":"https:\/\/www.europesays.com\/fr\/wp-json\/wp\/v2\/tags?post=678388"}],"curies":[{"name":"wp","href":"https:\/\/api.w.org\/{rel}","templated":true}]}}