{"id":67841,"date":"2025-05-01T21:51:08","date_gmt":"2025-05-01T21:51:08","guid":{"rendered":"https:\/\/www.europesays.com\/fr\/67841\/"},"modified":"2025-05-01T21:51:08","modified_gmt":"2025-05-01T21:51:08","slug":"cyclisme-tour-de-romandie-david-gaudu-jetais-juste-en-survie-pour-rallier-larrivee","status":"publish","type":"post","link":"https:\/\/www.europesays.com\/fr\/67841\/","title":{"rendered":"Cyclisme. Tour de Romandie &#8211; David Gaudu: \u00abJ&rsquo;\u00e9tais juste en survie pour rallier l&rsquo;arriv\u00e9e&#8230;\u00bb"},"content":{"rendered":"<p>En reprise sur le <strong><a href=\"https:\/\/www.cyclismactu.net\/..\/news-cyclisme-route-tour-de-romandie-fortunato-2e-etape-alex-baudin-leader-evenepoel-a-tente-87616.html\" target=\"_blank\" rel=\"noopener\">Tour de Romandie<\/a><\/strong> apr\u00e8s plusieurs semaines sans comp\u00e9tition suite \u00e0 sa chute sur <strong>Tirreno-Adriatico<\/strong> et sa blessure au poignet, <strong>David Gaudu<\/strong> est en Suisse pour retrouver le rythme et le forme&#8230; et cette 2e \u00e9tape ce jeudi devrait grandement lui servir dans cette optique ! Sur un parcours assez cors\u00e9 et sous une forte chaleur, <strong>Remco Evenepoel<\/strong> et l&rsquo;\u00e9quipe <strong>Soudal Quick-Step<\/strong> ont fait mal au peloton, notamment dans l&rsquo;ultime difficult\u00e9 de Chaumont, et initi\u00e9 une course d\u00e9brid\u00e9e qui a permis aux favoris de se d\u00e9couvrir une premi\u00e8re fois cette semaine. Un peu juste pour accrocher le groupe des leaders dans Chaumont, le grimpeur breton a navigu\u00e9 \u00e0 un deuxi\u00e8me \u00e9chelon et ne perd au final que&rsquo;une vingtaine de secondes sur le reste des favoris. Le\u00a0leader de la <strong>Groupama-FDJ<\/strong> a fait le point sur cette\u00a0journ\u00e9e exigeante apr\u00e8s l&rsquo;arriv\u00e9e au micro de La Cha\u00eene L&rsquo;Equipe.<\/p>\n<p>Vid\u00e9o &#8211; Les highlights de cette 2e \u00e9tape anim\u00e9e Lire la suite de l&rsquo;article&#13;<\/p>\n<p>\u00a0<\/p>\n<p>&#13;<br \/>\n\u00ab\u00a0Au final, j&rsquo;\u00e9tais peut-\u00eatre moins cuit que ce que je pensais&#8230;\u00a0c&rsquo;est encourageant pour la suite\u00a0\u00bb&#13;<\/p>\n<p>\u00ab\u00a0Ce n&rsquo;ai pas que je les ai ha\u00efs aujourd&rsquo;hui, mais Remco Evenepoel et la Soudal Quick-Step m&rsquo;ont quand m\u00eame bien fait mal aux jambes&#8230;\u00a0\u00bb, a-t-il commenc\u00e9 par dire en rigolant. \u00ab\u00a0Mais il faut que je passe par l\u00e0 pour retrouver mon niveau. On est l\u00e0 pour \u00e7a, on aime souffrir m\u00eame si \u00e9videmment quand on souffre, ce n&rsquo;est pas le plus agr\u00e9able. Je me suis battu toute la journ\u00e9e, j&rsquo;\u00e9tais au rupteur. Le d\u00e9part a \u00e9t\u00e9 tr\u00e8s rapide, et \u00e7a n&rsquo;a pas d\u00e9branch\u00e9 de la journ\u00e9e, le parcours s&rsquo;y pr\u00eatait bien. J&rsquo;ai pris mon rythme dans la derni\u00e8re mont\u00e9e (Chaumont), car d\u00e8s le pied j&rsquo;\u00e9tais cuit. Au final, j&rsquo;\u00e9tais peut-\u00eatre moins cuit que ce que je pensais, je fais plut\u00f4t une belle mont\u00e9e.\u00a0Donc c&rsquo;est encourageant pour la suite. J&rsquo;ai bascul\u00e9 avec Higuita et Jack Haig, \u00e0 environ 30 secondes du groupe de Remco Evenepoel. Le temps que \u00e7a s&rsquo;organise, on s&rsquo;est retrouv\u00e9 avec un bon groupe d&rsquo;une quarantaine d&rsquo;unit\u00e9s. Il y avait des \u00e9quipes pour rouler, donc on ne s&rsquo;est pas trop amus\u00e9s derri\u00e8re. On les voyait en point de mire, on n&rsquo;\u00e9tait pas loin de rentrer. Personnellement, je me susi cach\u00e9 car j&rsquo;\u00e9tais mort, j&rsquo;\u00e9tais juste en survie pour rallier la ligne d&rsquo;arriv\u00e9e\u00a0\u00bb.<\/p>\n<p>&#13;<\/p>\n<p>Que serait un <strong>Tour de Romandie<\/strong> satisfaisant selon lui ? \u00ab\u00a0Avec un peu d&rsquo;ironie, je dirais d\u00e9j\u00e0 de finir la course sans chuter, ce serait d\u00e9j\u00e0 pas mal ! Sinon, passer ce genre de journ\u00e9e, \u00e7a me fait \u00e9norm\u00e9ment progresser, car je n&rsquo;en ai pas eu encore cette ann\u00e9e. Je ferai toutes les \u00e9tapes \u00e0 fond tous les jours, et je donnerai tout dans l&rsquo;\u00e9tape de montagne samedi, et on verra ce qu&rsquo;il adviendra dimanche\u00a0\u00bb. Il lui restera alors cinq jours avant le Grand D\u00e9part du <strong>Giro d&rsquo;Italia<\/strong> vendredi prochain, en Albanie. \u00ab\u00a0Le Giro, j&rsquo;y vais pour jouer le classement g\u00e9n\u00e9ral. Je vais s\u00fbrement avoir une dizaine de jours gal\u00e8res, je vais avoir du mal et je vais devoir m&rsquo;accrocher, un peu comme aujourd&rsquo;hui. Et je pense qu&rsquo;apr\u00e8s, \u00e7a devrait d\u00e9couler. M\u00eame si je perds deux ou trois minutes la premi\u00e8re semaine, vu le programme final, \u00e7a va se jouer \u00e0 coup de minutes, donc il faudra \u00eatre conqu\u00e9rant. On mettra ensuite ce qu&rsquo;il reste sur le Tour de France j&rsquo;ai envie de dire, on verra\u00a0\u00bb, a conclu <strong>David Gaudu<\/strong>.<\/p>\n<p>Tour de Romandie &#8211; Classement de la 2\u00e8 \u00e9tape Tour de Romandie &#8211; Classement g\u00e9n\u00e9ral provisoire apr\u00e8s la 2\u00e8 \u00e9tape<\/p>\n","protected":false},"excerpt":{"rendered":"En reprise sur le Tour de Romandie apr\u00e8s plusieurs semaines sans comp\u00e9tition suite \u00e0 sa chute sur Tirreno-Adriatico&hellip;\n","protected":false},"author":2,"featured_media":67842,"comment_status":"","ping_status":"","sticky":false,"template":"","format":"standard","meta":{"footnotes":""},"categories":[1411],"tags":[1154,207,211,1011,27,209,60,210,10073,212,208,213],"class_list":{"0":"post-67841","1":"post","2":"type-post","3":"status-publish","4":"format-standard","5":"has-post-thumbnail","7":"category-cyclisme","8":"tag-cycling","9":"tag-cyclisme","10":"tag-ffc","11":"tag-fr","12":"tag-france","13":"tag-route","14":"tag-sports","15":"tag-tour-de-france","16":"tag-tour-de-romandie","17":"tag-uci","18":"tag-velo","19":"tag-world-tour"},"share_on_mastodon":{"url":"https:\/\/pubeurope.com\/@fr\/114434794014329711","error":""},"_links":{"self":[{"href":"https:\/\/www.europesays.com\/fr\/wp-json\/wp\/v2\/posts\/67841","targetHints":{"allow":["GET"]}}],"collection":[{"href":"https:\/\/www.europesays.com\/fr\/wp-json\/wp\/v2\/posts"}],"about":[{"href":"https:\/\/www.europesays.com\/fr\/wp-json\/wp\/v2\/types\/post"}],"author":[{"embeddable":true,"href":"https:\/\/www.europesays.com\/fr\/wp-json\/wp\/v2\/users\/2"}],"replies":[{"embeddable":true,"href":"https:\/\/www.europesays.com\/fr\/wp-json\/wp\/v2\/comments?post=67841"}],"version-history":[{"count":0,"href":"https:\/\/www.europesays.com\/fr\/wp-json\/wp\/v2\/posts\/67841\/revisions"}],"wp:featuredmedia":[{"embeddable":true,"href":"https:\/\/www.europesays.com\/fr\/wp-json\/wp\/v2\/media\/67842"}],"wp:attachment":[{"href":"https:\/\/www.europesays.com\/fr\/wp-json\/wp\/v2\/media?parent=67841"}],"wp:term":[{"taxonomy":"category","embeddable":true,"href":"https:\/\/www.europesays.com\/fr\/wp-json\/wp\/v2\/categories?post=67841"},{"taxonomy":"post_tag","embeddable":true,"href":"https:\/\/www.europesays.com\/fr\/wp-json\/wp\/v2\/tags?post=67841"}],"curies":[{"name":"wp","href":"https:\/\/api.w.org\/{rel}","templated":true}]}}