{"id":678434,"date":"2026-01-21T06:12:10","date_gmt":"2026-01-21T06:12:10","guid":{"rendered":"https:\/\/www.europesays.com\/fr\/678434\/"},"modified":"2026-01-21T06:12:10","modified_gmt":"2026-01-21T06:12:10","slug":"en-direct-forum-de-davos-donald-trump-attendu-de-pied-ferme-par-les-europeens-sur-le-groenland","status":"publish","type":"post","link":"https:\/\/www.europesays.com\/fr\/678434\/","title":{"rendered":"EN DIRECT &#8211; Forum de Davos : Donald Trump attendu de pied ferme par les Europ\u00e9ens sur le Groenland"},"content":{"rendered":"<p class=\"fig-paragraph\">Les march\u00e9s financiers mondiaux ont nettement recul\u00e9 mardi et en d\u00e9but de journ\u00e9e mercredi (en Asie), gagn\u00e9s par une ambiance morose apr\u00e8s les menaces de surtaxes douani\u00e8res de Donald Trump visant des pays europ\u00e9ens sur fond de tensions autour du Groenland. Les Bourses europ\u00e9ennes et am\u00e9ricaines ont fortement corrig\u00e9 mardi (<a href=\"http:\/\/www.lefigaro.fr\/flash-eco\/les-bourses-mondiales-nerveuses-face-aux-tensions-entre-l-union-europeenne-et-les-etats-unis-20260120\" data-fig-type=\"NewsFlash\" data-gtm-custom-categorie=\"navigation\" data-gtm-custom-action=\"crossclick\" data-gtm-custom-label=\"Contextuel\" data-gtm-event=\"customEventSPE\" data-fig-domain=\"LEFIGARO\" target=\"_blank\" rel=\"noopener\">Paris -0,61%, Londres -0,67%, Francfort -1,03%, Milan -1,07%, S&amp;P 500 -2,06%, Dow Jones -1,76%, Nasdaq -2,39%<\/a>), un mouvement prolong\u00e9 en Asie mercredi (<a href=\"http:\/\/www.lefigaro.fr\/societes\/menaces-de-trump-et-tensions-commerciales-les-bourses-asiatiques-sous-pression-l-or-au-plus-haut-20260121\" data-fig-type=\"NewsFlash\" data-gtm-custom-categorie=\"navigation\" data-gtm-custom-action=\"crossclick\" data-gtm-custom-label=\"Contextuel\" data-gtm-event=\"customEventSPE\" data-fig-domain=\"LEFIGARO\" target=\"_blank\" rel=\"noopener\">Nikkei -0,52%, Topix -0,89%, S\u00e9oul -0,23%, Taipei -0,39%, Sydney -0,43%<\/a>), les investisseurs r\u00e9duisant leur exposition au risque face \u00e0 la crainte d\u2019un nouveau bras de fer commercial transatlantique.<\/p>\n<p class=\"fig-paragraph\">Cette nervosit\u00e9 s\u2019est aussi refl\u00e9t\u00e9e sur les march\u00e9s obligataires, avec une tension des taux am\u00e9ricains (\u00e0 4,29% vers 21H45) et une volatilit\u00e9 accrue en Asie, notamment au Japon, o\u00f9 les taux \u00e0 30 ans retombaient mercredi \u00e0 3,80%, contre un pic historique \u00e0 3,85% la veille. Les valeurs refuges ont sans surprise \u00e9t\u00e9 privil\u00e9gi\u00e9es par les investisseurs, propulsant l\u2019or \u00e0 de nouveaux records, tandis que l\u2019argent a \u00e9galement \u00e9volu\u00e9 \u00e0 des niveaux \u00e9lev\u00e9s. \u00c0 l\u2019inverse, les actifs cycliques ont souffert et le dollar a recul\u00e9, confirmant un mouvement global de prudence et de d\u00e9fiance des investisseurs.<\/p>\n<p class=\"fig-body-link\">\n            \u00c0 lire aussi<br \/>\n        <a class=\"fig-body-link__link fig-premium-mark\" href=\"http:\/\/www.lefigaro.fr\/societes\/bourse-ces-valeurs-delaissees-en-2025-qui-pourraient-rebondir-en-2026-20260109\" target=\"_blank\" data-fig-type=\"Article\" rel=\"noopener\" data-gtm-custom-categorie=\"navigation\" data-gtm-custom-action=\"crossclick\" data-gtm-custom-label=\"Contextuel\" data-gtm-event=\"customEventSPE\" data-fig-domain=\"LEFIGARO\"><\/p>\n<p>        Bourse\u00a0:\u00a0ces valeurs d\u00e9laiss\u00e9es en 2025 qui pourraient rebondir en 2026<br \/>\n    <\/a><\/p>\n","protected":false},"excerpt":{"rendered":"Les march\u00e9s financiers mondiaux ont nettement recul\u00e9 mardi et en d\u00e9but de journ\u00e9e mercredi (en Asie), gagn\u00e9s par&hellip;\n","protected":false},"author":2,"featured_media":678435,"comment_status":"","ping_status":"","sticky":false,"template":"","format":"standard","meta":{"footnotes":""},"categories":[5],"tags":[339,11,340,343,345,350,130,344,352,349,75,33,1073,341,313,13012,1011,27,346,146,342,14,353,351,347,12,348,2658,354,28],"class_list":{"0":"post-678434","1":"post","2":"type-post","3":"status-publish","4":"format-standard","5":"has-post-thumbnail","7":"category-international","8":"tag-actualite-economique","9":"tag-actualites","10":"tag-bourse","11":"tag-cac-40","12":"tag-chef-dentreprise","13":"tag-concurrence","14":"tag-consommation","15":"tag-creation-dentreprise","16":"tag-crise","17":"tag-delocalisations","18":"tag-donald-trump","19":"tag-economie","20":"tag-emmanuel-macron","21":"tag-emploi","22":"tag-entreprises","23":"tag-forum-de-davos","24":"tag-fr","25":"tag-france","26":"tag-grands-patrons","27":"tag-groenland","28":"tag-impots","29":"tag-international","30":"tag-licenciements","31":"tag-monopole","32":"tag-multinationales","33":"tag-news","34":"tag-privatisation","35":"tag-taxes-douanieres","36":"tag-unio","37":"tag-world"},"share_on_mastodon":{"url":"","error":""},"_links":{"self":[{"href":"https:\/\/www.europesays.com\/fr\/wp-json\/wp\/v2\/posts\/678434","targetHints":{"allow":["GET"]}}],"collection":[{"href":"https:\/\/www.europesays.com\/fr\/wp-json\/wp\/v2\/posts"}],"about":[{"href":"https:\/\/www.europesays.com\/fr\/wp-json\/wp\/v2\/types\/post"}],"author":[{"embeddable":true,"href":"https:\/\/www.europesays.com\/fr\/wp-json\/wp\/v2\/users\/2"}],"replies":[{"embeddable":true,"href":"https:\/\/www.europesays.com\/fr\/wp-json\/wp\/v2\/comments?post=678434"}],"version-history":[{"count":0,"href":"https:\/\/www.europesays.com\/fr\/wp-json\/wp\/v2\/posts\/678434\/revisions"}],"wp:featuredmedia":[{"embeddable":true,"href":"https:\/\/www.europesays.com\/fr\/wp-json\/wp\/v2\/media\/678435"}],"wp:attachment":[{"href":"https:\/\/www.europesays.com\/fr\/wp-json\/wp\/v2\/media?parent=678434"}],"wp:term":[{"taxonomy":"category","embeddable":true,"href":"https:\/\/www.europesays.com\/fr\/wp-json\/wp\/v2\/categories?post=678434"},{"taxonomy":"post_tag","embeddable":true,"href":"https:\/\/www.europesays.com\/fr\/wp-json\/wp\/v2\/tags?post=678434"}],"curies":[{"name":"wp","href":"https:\/\/api.w.org\/{rel}","templated":true}]}}