{"id":678438,"date":"2026-01-21T06:14:11","date_gmt":"2026-01-21T06:14:11","guid":{"rendered":"https:\/\/www.europesays.com\/fr\/678438\/"},"modified":"2026-01-21T06:14:11","modified_gmt":"2026-01-21T06:14:11","slug":"sept-buts-et-un-double-pour-mbappe-dans-un-match-de-folie-le-resume","status":"publish","type":"post","link":"https:\/\/www.europesays.com\/fr\/678438\/","title":{"rendered":"sept buts et un doubl\u00e9 pour Mbapp\u00e9 dans un match de folie\u2026 le r\u00e9sum\u00e9"},"content":{"rendered":"<p><a name=\"post1768946023\"\/>22:53 &#8211; Port\u00e9 par Mbapp\u00e9, le Real Madrid a donn\u00e9 une le\u00e7on \u00e0 Monaco (6-1) <\/p>\n<p>Sous pression, le Real Madrid s\u2019est rassur\u00e9 face \u00e0 l\u2019AS Monaco (6-1). Gr\u00e2ce \u00e0 cette victoire, les Merengue remontent \u00e0 la deuxi\u00e8me place de la ligue avec 15 points. Ils finiront parmi les huit meilleures \u00e9quipes de cette premi\u00e8re phase. Monaco (20e, 9 points) a mis sa qualification en danger. Les Mon\u00e9gasques n&rsquo;ont plus que deux points d\u2019avance sur Qarabag (25e).<\/p>\n<p>Attendu face \u00e0 son club formateur, Mbapp\u00e9 a \u00e9t\u00e9 \u00e9tincelant et s\u2019est offert un doubl\u00e9 en moins d\u2019une demi-heure (5e et 26e). Au retour des vestiaires, la bande \u00e0 Valverde a d\u00e9finitivement pli\u00e9 cette partie gr\u00e2ce \u00e0 des buts de Mastantuono (51e) et Vinicius (63e). Entretemps, Kehrer, malheureux, a marqu\u00e9 contre son camp (55e). En fin de partie, Teze a sauv\u00e9 l\u2019honneur sur une erreur de relance de Courtois (72e). Le dernier mot est tout de m\u00eame revenu \u00e0 Jude Bellingham (80e).<\/p>\n<p><a name=\"post1768945956\"\/>22:52 &#8211; Vinicius a trop tard\u00e9 (90e+1)<\/p>\n<p>L&rsquo;ailier du Real Madrid a tergivers\u00e9 entre la frappe et la passe vers <a href=\"https:\/\/www.linternaute.fr\/sport\/biographie\/2541514-kylian-mbappe-reintegre-vers-une-prolongation-surprise-au-psg\/\" title=\"Kylian Mbapp\u00e9\" target=\"_blank\" rel=\"noopener\">Mbapp\u00e9<\/a>. Il a finalement \u00e9t\u00e9 repris par\u00a0Ouattara.\u00a0<\/p>\n<p><a name=\"post1768945893\"\/>22:51 &#8211; Le temps additionnel est connu (90e)<\/p>\n<p>Il y aura trois minutes en plus dans ce Real Madrid &#8211; Monaco. Les supporters commencent d\u00e9j\u00e0 \u00e0 quitter les tribunes.\u00a0<\/p>\n<p><a name=\"post1768945575\"\/>22:46 &#8211; Mbapp\u00e9 \u00e9tait proche du tripl\u00e9 (90e)<\/p>\n<p>La tentative du Fran\u00e7ais a \u00e9t\u00e9 repouss\u00e9e sur la ligne par Kehrer. Monaco souffre dans cette fin de match.\u00a0<\/p>\n<p><a name=\"post1768945530\"\/>22:45 &#8211; Monaco r\u00e9alise aussi un changement (84e)<\/p>\n<p>Golovine sort, avec la t\u00eate basse. Le Russe c\u00e8de sa place \u00e0 Michal dans ce Real Madrid &#8211; Monaco.\u00a0<\/p>\n<p><a name=\"post1768945487\"\/>22:44 &#8211; Le Real Madrid r\u00e9alise un changement (83e)<\/p>\n<p>Valverde regagne le banc. L&rsquo;Uruguayen laisse sa place \u00e0 Mesonero pour ces derni\u00e8res minutes.\u00a0<\/p>\n<p><a name=\"post1768945288\"\/>22:41 &#8211; BUUUUUUT DU REAL MADRID ! (81e)<\/p>\n<p>Bellingham participe aussi \u00e0 la f\u00eate ! Lanc\u00e9 dans le dos de la d\u00e9fense par Valverde, le milieu de terrain du Real Madrid a effac\u00e9\u00a0K\u00f6hn avant de placer le ballon dans le but vide.\u00a0<\/p>\n<p><a name=\"post1768945229\"\/>22:40 &#8211; Ilenikhena fait passer un gros frisson dans le Bernab\u00e9u (80e)<\/p>\n<p>\u00c0 25 m\u00e8tres du but, l&rsquo;attaquant de l&rsquo;AS Monaco a enroul\u00e9 le ballon. C&rsquo;est pass\u00e9 \u00e0 quelques centim\u00e8tres de la barre transversale. Courtois \u00e9tait battu.\u00a0<\/p>\n<p><a name=\"post1768945090\"\/>22:38 &#8211; Le but de Vinicius en vid\u00e9o ! (78e)<\/p>\n<p>L&rsquo;ailier du Real Madrid a nettoy\u00e9 la lucarne droite ! C&rsquo;est son premier but, cette saison, en <a href=\"https:\/\/www.linternaute.com\/sport\/competitions\/8665182-ligue-des-champions-scores-resultats-et-classement-en-direct\/\" title=\"Ligue des champions 2021-2022\" target=\"_blank\" rel=\"noopener\">Ligue des Champions<\/a> !\u00a0<\/p>\n<p><a name=\"post1768945013\"\/>22:36 &#8211; Le Real Madrid fait deux changements (77e)<\/p>\n<p>Camavinga et Arda Guler quittent la pelouse. Carvajal et Fran Garcia vont jouer les derni\u00e8res minutes.\u00a0<\/p>\n<p><a name=\"post1768944988\"\/>22:36 &#8211; L\u2019AS Monaco r\u00e9alise deux changements (74e)<\/p>\n<p>Bamba et Ilenikhena entrent \u00e0 la place de Zakaria et Balogun \u00e0 l&rsquo;entame de ce dernier quart d&rsquo;heure.\u00a0<\/p>\n<p><a name=\"post1768944753\"\/>22:32 &#8211; BUUUUUUUUT POUR MONACO ! (72e)<\/p>\n<p>Courtois s&rsquo;est manqu\u00e9 sur cette relance dans l&rsquo;axe. Teze, d&rsquo;une frappe au sol, r\u00e9duit l&rsquo;\u00e9cart dans cette partie et sauve l&rsquo;honneur de l&rsquo;AS Monaco.\u00a0<\/p>\n<p><a name=\"post1768944507\"\/>22:28 &#8211; Le Real Madrid r\u00e9alise un changement (70e)<\/p>\n<p>Auteur de son premier but en Ligue des Champions,\u00a0Mastantuono quitte la pelouse. Sous les applaudissements, Garcia entre en jeu.\u00a0<\/p>\n<p><a name=\"post1768944446\"\/>22:27 &#8211; Camavinga a sauv\u00e9 le Real Madrid (66e)<\/p>\n<p>Plac\u00e9 au point de p\u00e9nalty,\u00a0Akliouche a repris, de vol\u00e9e, un centre de\u00a0Coulibaly. Le d\u00e9fenseur du Real Madrid s&rsquo;est parfaitement mis en opposition. Le corner, derri\u00e8re, n&rsquo;a rien donn\u00e9.\u00a0<\/p>\n<p><a name=\"post1768944188\"\/>22:23 &#8211; BUUUUUUUT DU REAL MADRID ! (63e)<\/p>\n<p>On sentait venir ce but du Real Madrid. \u00c0 l&rsquo;entr\u00e9e de la surface de r\u00e9paration, Vinicius, apr\u00e8s une succession de feintes de tir, a d\u00e9coch\u00e9 une superbe frappe dans la lucarne droite.\u00a0K\u00f6hn n&rsquo;a pas boug\u00e9.\u00a0<\/p>\n","protected":false},"excerpt":{"rendered":"22:53 &#8211; Port\u00e9 par Mbapp\u00e9, le Real Madrid a donn\u00e9 une le\u00e7on \u00e0 Monaco (6-1) Sous pression, le&hellip;\n","protected":false},"author":2,"featured_media":678439,"comment_status":"","ping_status":"","sticky":false,"template":"","format":"standard","meta":{"footnotes":""},"categories":[2],"tags":[11,2266,77654,51761,2257,51763,1011,27,447,12,51767,4790],"class_list":{"0":"post-678438","1":"post","2":"type-post","3":"status-publish","4":"format-standard","5":"has-post-thumbnail","7":"category-actualites","8":"tag-actualites","9":"tag-as-monaco","10":"tag-cms-linternaute-9683226","11":"tag-controller-content","12":"tag-foot","13":"tag-format-papier","14":"tag-fr","15":"tag-france","16":"tag-ligue-des-champions","17":"tag-news","18":"tag-parallaxeinfeed","19":"tag-real-madrid"},"share_on_mastodon":{"url":"https:\/\/pubeurope.com\/@fr\/115931621853281177","error":""},"_links":{"self":[{"href":"https:\/\/www.europesays.com\/fr\/wp-json\/wp\/v2\/posts\/678438","targetHints":{"allow":["GET"]}}],"collection":[{"href":"https:\/\/www.europesays.com\/fr\/wp-json\/wp\/v2\/posts"}],"about":[{"href":"https:\/\/www.europesays.com\/fr\/wp-json\/wp\/v2\/types\/post"}],"author":[{"embeddable":true,"href":"https:\/\/www.europesays.com\/fr\/wp-json\/wp\/v2\/users\/2"}],"replies":[{"embeddable":true,"href":"https:\/\/www.europesays.com\/fr\/wp-json\/wp\/v2\/comments?post=678438"}],"version-history":[{"count":0,"href":"https:\/\/www.europesays.com\/fr\/wp-json\/wp\/v2\/posts\/678438\/revisions"}],"wp:featuredmedia":[{"embeddable":true,"href":"https:\/\/www.europesays.com\/fr\/wp-json\/wp\/v2\/media\/678439"}],"wp:attachment":[{"href":"https:\/\/www.europesays.com\/fr\/wp-json\/wp\/v2\/media?parent=678438"}],"wp:term":[{"taxonomy":"category","embeddable":true,"href":"https:\/\/www.europesays.com\/fr\/wp-json\/wp\/v2\/categories?post=678438"},{"taxonomy":"post_tag","embeddable":true,"href":"https:\/\/www.europesays.com\/fr\/wp-json\/wp\/v2\/tags?post=678438"}],"curies":[{"name":"wp","href":"https:\/\/api.w.org\/{rel}","templated":true}]}}