{"id":678493,"date":"2026-01-21T06:53:21","date_gmt":"2026-01-21T06:53:21","guid":{"rendered":"https:\/\/www.europesays.com\/fr\/678493\/"},"modified":"2026-01-21T06:53:21","modified_gmt":"2026-01-21T06:53:21","slug":"bourrienne-paris-x-et-ses-chemises-impregnees-dhistoire-veulent-sinscrire-dans-le-temps-long","status":"publish","type":"post","link":"https:\/\/www.europesays.com\/fr\/678493\/","title":{"rendered":"Bourrienne Paris X et ses chemises impr\u00e9gn\u00e9es d\u2019Histoire veulent s\u2019inscrire dans le temps long"},"content":{"rendered":"<p>\n                                    <b>Publi\u00e9 le<\/b><br \/>\n                                    <\/p>\n<p>                                        21 janvier 2026<\/p>\n<p class=\"article-content col-md-8 offset-md-1\">\n                                Il y a des histoires qui ne s\u2019inventent pas. Et celle de Bourrienne Paris X, finaliste du prix DHL 2025, en fait partie. La marque fran\u00e7aise de chemises pour homme et pour femme, cofond\u00e9e entre autres en 2017 par deux femmes aux parcours tout \u00e0 fait diff\u00e9rents, entre d\u00e9sormais dans une phase \u00e0 mi-chemin entre l\u2019expansion dynamique et la recherche de p\u00e9rennit\u00e9, avec une croissance de plus de 50% en 2025 et un objectif tout aussi \u00e9lev\u00e9 en 2026.<\/p>\n<p><img decoding=\"async\" class=\"news-image\" style=\"width:100%;\" src=\"https:\/\/www.europesays.com\/fr\/wp-content\/uploads\/2026\/01\/6693.jpg\" alt=\"C\u00e9cile Faucheur est la directrice artistique de la griffe\" loading=\"lazy\"\/>C\u00e9cile Faucheur est la directrice artistique de la griffe &#8211; Bourrienne Paris X<\/p>\n<p class=\"col-md-8 offset-md-1 article-content--texte\">La cr\u00e9atrice \u00e0 l\u2019origine des collections de Bourrienne Paris X r\u00e9pond au nom de C\u00e9cile Faucheur. Ancienne enseignante en design de mode, mod\u00e9liste et styliste, elle est d\u00e9sormais responsable de la cr\u00e9ation au sein de la marque qu\u2019elle a cofond\u00e9e. Ce sont ses recherches \u00e0 Argenton-sur-Creuse, au mus\u00e9e de la chemiserie, qui ont conquis C\u00e9cile et Charles Beigbeder (tout juste repreneur de l\u2019<a href=\"https:\/\/fr.fashionnetwork.com\/news\/Charles-beigbeder-lance-la-marque-de-chemises-bourrienne-paris-x,965461.html\" target=\"_blank\" rel=\"noopener\">H\u00f4tel de Bourrienne<\/a> \u00e0 Paris), d\u00e9sireux de d\u00e9dier une marque de chemises pour hommes \u00e0 l\u2019\u00e9difice.<\/p>\n<p class=\"col-md-10 exergue\">D\u00e9tails historiques et trajectoires plurielles<\/p>\n<p class=\"col-md-8 offset-md-1 article-content--texte\">De son c\u00f4t\u00e9, la cofondatrice et PDG de Bourrienne Paris X Carine Beigbeder s\u2019appuie sur un parcours oscillant entre la finance et l&rsquo;entrepreneuriat. Elle a, par le pass\u00e9, g\u00e9r\u00e9 un fonds <a class=\"fnwAddLinks\" href=\"https:\/\/fr.fashionnetwork.com\/tags-small\" title=\"Small\" target=\"_blank\" rel=\"noopener\">Small<\/a> Cap c\u00f4t\u00e9 chez Financi\u00e8re Arbevel. Son analyse des business plans de soci\u00e9t\u00e9s et de leurs strat\u00e9gies lui donne envie de jouer un r\u00f4le op\u00e9rationnel, qui s\u2019incarne d\u00e9sormais chez Bourrienne Paris X. Marque de luxe, ou du moins en voie de l\u2019\u00eatre, la griffe f\u00e9d\u00e8re aujourd\u2019hui une dizaine de personnes et tente de concurrencer des \u201cmastodontes\u201d du luxe tels qu\u2019<a class=\"fnwAddLinks\" href=\"https:\/\/fr.fashionnetwork.com\/tags-hermes\" title=\"Herm\u00e8s\" target=\"_blank\" rel=\"noopener\">Herm\u00e8s<\/a> sur un cr\u00e9neau jusqu\u2019ici tr\u00e8s restreint, celui de la chemise.\u00a0<\/p>\n<p><img decoding=\"async\" class=\"news-image\" style=\"width:100%;max-width:706px;\" src=\"https:\/\/www.europesays.com\/fr\/wp-content\/uploads\/2026\/01\/c8b4.jpg\" alt=\"Carine Beigbeder ambitionne d'apporter de la p\u00e9rennit\u00e9 \u00e0 Bourrienne Paris X\" loading=\"lazy\"\/>Carine Beigbeder ambitionne d&rsquo;apporter de la p\u00e9rennit\u00e9 \u00e0 Bourrienne Paris X &#8211; Bourrienne Paris X<\/p>\n<p class=\"col-md-8 offset-md-1 article-content--texte\">\u201cL\u2019id\u00e9e \u00e9tait de construire une marque inspir\u00e9e des d\u00e9tails historiques et des artisans chemiseurs d&rsquo;autrefois. On s&rsquo;est rendu compte que le vestiaire masculin avait perdu beaucoup de la richesse qu&rsquo;il avait dans le pass\u00e9\u201d. Aujourd&rsquo;hui, le vestiaire Bourrienne Paris X est \u00e0 la fois ancr\u00e9 dans l\u2019h\u00e9ritage stylistique fran\u00e7ais et la mode moderne, en s\u2019\u00e9tant ouvert aux v\u00eatements f\u00e9minins d\u00e8s la deuxi\u00e8me saison. Ces derniers repr\u00e9sentent d\u00e9sormais plus de la moiti\u00e9 du chiffre d\u2019affaires de la maison.<\/p>\n<p class=\"col-md-10 exergue\">\u00c0 la recherche de mat\u00e9riaux de qualit\u00e9<\/p>\n<p>\u201cPour les femmes, la chemise a \u00e9t\u00e9 un vecteur d&rsquo;\u00e9mancipation quand le v\u00eatement de la femme s&rsquo;est d\u00e9corset\u00e9, s&rsquo;est un peu lib\u00e9r\u00e9. Ce n&rsquo;est pas forc\u00e9ment \u00e0 la m\u00eame \u00e9poque, mais ce n&rsquo;est pas grave\u201d, explique Carine Beigbeder. Bourrienne Paris X va maintenant au-del\u00e0 de la chemise et a lanc\u00e9 un pantalon pour hommes en pr\u00e9commande, confectionn\u00e9 dans un lin belge tr\u00e8s \u00e9pais, \u201ccomme pl\u00e2tr\u00e9 avec une fine couche de cire d&rsquo;abeille, qui lui donne un aspect tr\u00e8s nouveau et tr\u00e8s innovant\u201d, selon les dires de la PDG.<\/p>\n<p><img decoding=\"async\" class=\"news-image\" style=\"width:100%;max-width:646px;\" src=\"https:\/\/www.europesays.com\/fr\/wp-content\/uploads\/2026\/01\/a7f9.jpg\" alt=\"Les d\u00e9tails occupent une grande place dans le travail de C\u00e9cile Faucheur\" loading=\"lazy\"\/>Les d\u00e9tails occupent une grande place dans le travail de C\u00e9cile Faucheur &#8211; Bourrienne Paris X<\/p>\n<p class=\"col-md-8 offset-md-1 article-content--texte\">Chez Bourrienne Paris X, le lin vient de Belgique, la popeline d\u2019Italie, les galons brod\u00e9s inspir\u00e9s de l&rsquo;h\u00f4tel de Bourrienne sont r\u00e9alis\u00e9s par une manufacture centenaire du Nord de la France, les pliss\u00e9s par un artisan breton, et la nacre vient d\u2019Australie. Les chemises, elles, sont r\u00e9alis\u00e9es dans des ateliers portugais et roumains, et la maison r\u00e9fl\u00e9chit \u00e0 d\u2019autres lieux de production, \u00e9galement en Europe de l\u2019Est.<\/p>\n<p class=\"col-md-10 exergue\">Une priorit\u00e9 donn\u00e9e au digital<\/p>\n<p>Bient\u00f4t \u00e2g\u00e9e de dix ans, Bourrienne Paris X est d\u00e9sormais dans sa troisi\u00e8me ann\u00e9e de rentabilit\u00e9. Frapp\u00e9e par la pand\u00e9mie de Covid-19 apr\u00e8s des d\u00e9buts en d\u00e9ficit, la marque a pu \u201csortir la t\u00eate de l\u2019eau\u201d gr\u00e2ce au digital, qui lui conf\u00e8re assez de datas pour r\u00e9pondre aux go\u00fbts de ses clients. L\u2019entreprise a su autofinancer ses investissements dans le digital et pr\u00e9voit de les doubler en 2026 pour acc\u00e9l\u00e9rer sa croissance, une priorit\u00e9 alors que son site e-commerce g\u00e9n\u00e8re plus de 50% de son chiffre d\u2019affaires.\u00a0<\/p>\n<p><img decoding=\"async\" class=\"news-image\" style=\"width:100%;max-width:645px;\" src=\"https:\/\/www.europesays.com\/fr\/wp-content\/uploads\/2026\/01\/14c9.jpg\" alt=\"Bourrienne Paris X est largement inspir\u00e9e de l'H\u00f4tel de Bourrienne\" loading=\"lazy\"\/>Bourrienne Paris X est largement inspir\u00e9e de l&rsquo;H\u00f4tel de Bourrienne &#8211; H\u00f4tel de Bourrienne<\/p>\n<p class=\"col-md-8 offset-md-1 article-content--texte\">Bourrienne Paris X investit \u00e9galement dans du SEO, et dans des campagnes Google, <a class=\"fnwAddLinks\" href=\"https:\/\/fr.fashionnetwork.com\/tags-pinterest\" title=\"Pinterest\" target=\"_blank\" rel=\"noopener\">Pinterest<\/a> et Meta, taill\u00e9es pour chacun des pays o\u00f9 elle est vendue, \u00e0 savoir aux \u00c9tats-Unis, en Angleterre, en Suisse, au Canada, et en Australie principalement. Les droits de douane, int\u00e9gr\u00e9s au prix final outre-Atlantique, ne sont aujourd&rsquo;hui plus un sujet pour la marque, gr\u00e2ce au pouvoir d\u2019achat de sa client\u00e8le am\u00e9ricaine.<\/p>\n<p class=\"col-md-10 exergue\">Expansion \u00e0 l\u2019international<\/p>\n<p>Avec 60% de son chiffre d\u2019affaires r\u00e9alis\u00e9 \u00e0 l\u2019\u00e9tranger, la griffe est revendue par quelques grands magasins, parmi lesquels <a class=\"fnwAddLinks\" href=\"https:\/\/fr.fashionnetwork.com\/tags-le-bon-marche\" title=\"Le Bon March\u00e9\" target=\"_blank\" rel=\"noopener\">Le Bon March\u00e9<\/a> c\u00f4t\u00e9 Homme \u00e0 Paris, ainsi que Bong\u00e9nie \u00e0 Gen\u00e8ve et \u00e0 Zurich, <a class=\"fnwAddLinks\" href=\"https:\/\/fr.fashionnetwork.com\/tags-lane-crawford\" title=\"Lane Crawford\" target=\"_blank\" rel=\"noopener\">Lane Crawford<\/a> \u00e0 Hong Kong, <a class=\"fnwAddLinks\" href=\"https:\/\/fr.fashionnetwork.com\/tags-isetan\" title=\"Isetan\" target=\"_blank\" rel=\"noopener\">Isetan<\/a>, Tomorrowland, <a class=\"fnwAddLinks\" href=\"https:\/\/fr.fashionnetwork.com\/tags-united-arrows\" title=\"United Arrows\" target=\"_blank\" rel=\"noopener\">United Arrows<\/a> et Wako au Japon. C\u2019est pour cette raison qu\u2019elle porte son projet devant le jury du prix DHL cette ann\u00e9e.\u00a0<\/p>\n<p><img decoding=\"async\" class=\"news-image\" style=\"width:100%;max-width:646px;\" src=\"https:\/\/www.europesays.com\/fr\/wp-content\/uploads\/2026\/01\/435a.jpg\" alt=\"La marque est finaliste du prix DHL 2025\" loading=\"lazy\"\/>La marque est finaliste du prix DHL 2025 &#8211; Bourrienne Paris X<\/p>\n<p class=\"col-md-8 offset-md-1 article-content--texte\">En propre, la marque est toujours bas\u00e9e au 58 rue d&rsquo;Hauteville, en face de l\u2019H\u00f4tel du m\u00eame nom, dans le Xe arrondissement de Paris. Il n\u2019est pas rare que les clients curieux soient invit\u00e9s \u00e0 d\u00e9couvrir le lieu qui inspire la marque au gr\u00e9 des collections. La volont\u00e9 de la marque de prioriser le digital conditionne son accueil d\u2019investisseurs, dont la contribution la plus ch\u00e8re serait celle de leur expertise.<\/p>\n<p>Pour l\u2019heure, outre la croissance de la marque, Carine Beigbeder est pr\u00e9occup\u00e9e par une mission qui n\u2019est pas des moindres : celle de faire durer Bourrienne Paris X dans le temps. Un \u201cvrai challenge\u201d consistant \u00e0 rester fid\u00e8les aux convictions de la maison et d\u2019\u00e9viter, au maximum, d\u2019int\u00e9grer des ph\u00e9nom\u00e8nes de mode.\n                            <\/p>\n<p>\n                                Tous droits de reproduction et de repr\u00e9sentation r\u00e9serv\u00e9s.<br \/>\u00a9 2026 FashionNetwork.com\n                            <\/p>\n","protected":false},"excerpt":{"rendered":"Publi\u00e9 le 21 janvier 2026 Il y a des histoires qui ne s\u2019inventent pas. Et celle de Bourrienne&hellip;\n","protected":false},"author":2,"featured_media":678494,"comment_status":"","ping_status":"","sticky":false,"template":"","format":"standard","meta":{"footnotes":""},"categories":[1888],"tags":[11,2424,537,2423,1777,674,1011,27,11127,77659,77661,8827,2425,985,12,2298,626,70716,2426,2427,25,2421,74497,2422,77660],"class_list":{"0":"post-678493","1":"post","2":"type-post","3":"status-publish","4":"format-standard","5":"has-post-thumbnail","7":"category-paris","8":"tag-actualites","9":"tag-beaute","10":"tag-contact","11":"tag-cosmetiques","12":"tag-eu","13":"tag-europe","14":"tag-fr","15":"tag-france","16":"tag-hermes","17":"tag-isetan","18":"tag-lane-crawford","19":"tag-le-bon-marche","20":"tag-luxe","21":"tag-mode","22":"tag-news","23":"tag-parfum","24":"tag-paris","25":"tag-pinterest","26":"tag-professionnel","27":"tag-professionnels","28":"tag-republique-francaise","29":"tag-reseau","30":"tag-small","31":"tag-textile","32":"tag-united-arrows"},"share_on_mastodon":{"url":"https:\/\/pubeurope.com\/@fr\/115931775413984441","error":""},"_links":{"self":[{"href":"https:\/\/www.europesays.com\/fr\/wp-json\/wp\/v2\/posts\/678493","targetHints":{"allow":["GET"]}}],"collection":[{"href":"https:\/\/www.europesays.com\/fr\/wp-json\/wp\/v2\/posts"}],"about":[{"href":"https:\/\/www.europesays.com\/fr\/wp-json\/wp\/v2\/types\/post"}],"author":[{"embeddable":true,"href":"https:\/\/www.europesays.com\/fr\/wp-json\/wp\/v2\/users\/2"}],"replies":[{"embeddable":true,"href":"https:\/\/www.europesays.com\/fr\/wp-json\/wp\/v2\/comments?post=678493"}],"version-history":[{"count":0,"href":"https:\/\/www.europesays.com\/fr\/wp-json\/wp\/v2\/posts\/678493\/revisions"}],"wp:featuredmedia":[{"embeddable":true,"href":"https:\/\/www.europesays.com\/fr\/wp-json\/wp\/v2\/media\/678494"}],"wp:attachment":[{"href":"https:\/\/www.europesays.com\/fr\/wp-json\/wp\/v2\/media?parent=678493"}],"wp:term":[{"taxonomy":"category","embeddable":true,"href":"https:\/\/www.europesays.com\/fr\/wp-json\/wp\/v2\/categories?post=678493"},{"taxonomy":"post_tag","embeddable":true,"href":"https:\/\/www.europesays.com\/fr\/wp-json\/wp\/v2\/tags?post=678493"}],"curies":[{"name":"wp","href":"https:\/\/api.w.org\/{rel}","templated":true}]}}