{"id":678497,"date":"2026-01-21T06:55:15","date_gmt":"2026-01-21T06:55:15","guid":{"rendered":"https:\/\/www.europesays.com\/fr\/678497\/"},"modified":"2026-01-21T06:55:15","modified_gmt":"2026-01-21T06:55:15","slug":"guerre-en-ukraine-ukraine-et-russie-font-etat-de-victimes-apres-une-nouvelle-serie-dattaques","status":"publish","type":"post","link":"https:\/\/www.europesays.com\/fr\/678497\/","title":{"rendered":"Guerre en Ukraine: Ukraine et Russie font \u00e9tat de victimes apr\u00e8s une nouvelle s\u00e9rie d&rsquo;attaques"},"content":{"rendered":"<p class=\"ap-StoryElement ap-StoryElement--mb ap-StoryText\">A Zaporijjia, dans le sud-est du pays, une attaque russe a co\u00fbt\u00e9 la vie \u00e0 trois civils, a indiqu\u00e9 le gouverneur Ivan Fedorov. Il s&rsquo;agit d&rsquo;un homme de 48 ans, d&rsquo;une femme de 43 ans et de leur voisin de 57 ans. L&rsquo;attaque a \u00e9galement priv\u00e9 environ 1.500 m\u00e9nages d&rsquo;\u00e9lectricit\u00e9 dans la r\u00e9gion.<\/p>\n<p class=\"ap-StoryElement ap-StoryElement--mb ap-StoryText\">C\u00f4t\u00e9 russe, les autorit\u00e9s ont annonc\u00e9 un d\u00e9c\u00e8s dans la r\u00e9gion frontali\u00e8re de Belgorod. Un drone a tu\u00e9 un collaborateur du chef local des services de s\u00e9curit\u00e9, selon le gouverneur Viatcheslav Gladkov. Dans la r\u00e9gion voisine de Briansk, le gouverneur a par ailleurs fait \u00e9tat sur Telegram de deux morts \u00e0 la suite d&rsquo;une attaque de drones.<\/p>\n","protected":false},"excerpt":{"rendered":"A Zaporijjia, dans le sud-est du pays, une attaque russe a co\u00fbt\u00e9 la vie \u00e0 trois civils, a&hellip;\n","protected":false},"author":2,"featured_media":678498,"comment_status":"","ping_status":"","sticky":false,"template":"","format":"standard","meta":{"footnotes":""},"categories":[1591],"tags":[11,2120,1887,1146,12,1885,1886,132,220,809],"class_list":{"0":"post-678497","1":"post","2":"type-post","3":"status-publish","4":"format-standard","5":"has-post-thumbnail","7":"category-russie","8":"tag-actualites","9":"tag-conflit","10":"tag-federation-de-russie","11":"tag-guerre","12":"tag-news","13":"tag-russia","14":"tag-russian-federation","15":"tag-russie","16":"tag-ukraine","17":"tag-violence"},"share_on_mastodon":{"url":"https:\/\/pubeurope.com\/@fr\/115931783067970965","error":""},"_links":{"self":[{"href":"https:\/\/www.europesays.com\/fr\/wp-json\/wp\/v2\/posts\/678497","targetHints":{"allow":["GET"]}}],"collection":[{"href":"https:\/\/www.europesays.com\/fr\/wp-json\/wp\/v2\/posts"}],"about":[{"href":"https:\/\/www.europesays.com\/fr\/wp-json\/wp\/v2\/types\/post"}],"author":[{"embeddable":true,"href":"https:\/\/www.europesays.com\/fr\/wp-json\/wp\/v2\/users\/2"}],"replies":[{"embeddable":true,"href":"https:\/\/www.europesays.com\/fr\/wp-json\/wp\/v2\/comments?post=678497"}],"version-history":[{"count":0,"href":"https:\/\/www.europesays.com\/fr\/wp-json\/wp\/v2\/posts\/678497\/revisions"}],"wp:featuredmedia":[{"embeddable":true,"href":"https:\/\/www.europesays.com\/fr\/wp-json\/wp\/v2\/media\/678498"}],"wp:attachment":[{"href":"https:\/\/www.europesays.com\/fr\/wp-json\/wp\/v2\/media?parent=678497"}],"wp:term":[{"taxonomy":"category","embeddable":true,"href":"https:\/\/www.europesays.com\/fr\/wp-json\/wp\/v2\/categories?post=678497"},{"taxonomy":"post_tag","embeddable":true,"href":"https:\/\/www.europesays.com\/fr\/wp-json\/wp\/v2\/tags?post=678497"}],"curies":[{"name":"wp","href":"https:\/\/api.w.org\/{rel}","templated":true}]}}