{"id":678503,"date":"2026-01-21T07:00:19","date_gmt":"2026-01-21T07:00:19","guid":{"rendered":"https:\/\/www.europesays.com\/fr\/678503\/"},"modified":"2026-01-21T07:00:19","modified_gmt":"2026-01-21T07:00:19","slug":"les-kurdes-appellent-leurope-a-stopper-les-massacres-en-syrie","status":"publish","type":"post","link":"https:\/\/www.europesays.com\/fr\/678503\/","title":{"rendered":"Les Kurdes appellent l\u2019Europe \u00e0 stopper les massacres en Syrie"},"content":{"rendered":"\n<p>Pancarte \u00ab\u00a0Defend Rojava\u00a0\u00bb dans une main et smartphone dans l\u2019autre, celle qui se fait appeler Suzanne scrolle sur WhatsApp et fait d\u00e9filer les images partag\u00e9es par ses proches. On y voit les visages ensanglant\u00e9s, les corps inertes, de personnes pr\u00e9sent\u00e9es comme victimes des massacres perp\u00e9tr\u00e9s au Rojava (Kurdistan syrien). \u00ab\u00a0C\u2019est insupportable pour nous de voir \u00e7a. C\u2019est pour d\u00e9fendre les Kurdes de Syrie qu\u2019on est l\u00e0 aujourd\u2019hui\u00a0\u00bb, mart\u00e8le la jeune femme. Des centaines de membres de la communaut\u00e9 kurde se sont ainsi rassembl\u00e9s ce mardi \u00e0 13\u00a0heures devant les grilles de la repr\u00e9sentation de la commission europ\u00e9enne \u00e0 Marseille, au sein du World Trade Center local. \u00ab\u00a0Je parle avec mes cousins, mes oncles et tantes, ils ont peur. Je n\u2019ai pas l\u2019habitude de venir manifester mais je me sens oblig\u00e9e de le faire pour eux\u00a0\u00bb, insiste Suzanne.<\/p>\n<p>Au micro, Mehmet r\u00e9p\u00e8te\u00a0: \u00ab\u00a0Partout r\u00e9sistance. Charaa terroriste, Europe complice, \u00e0 bas le r\u00e9gime fasciste en Turquie.\u00a0\u00bb Des drapeaux aux couleurs des YPG et YPJ, unit\u00e9s de protection du peuple et de la femme r\u00e9unis au sein des Forces d\u00e9mocratiques syriennes (FDS), flottent dans les airs. Des pancartes \u00e0 l\u2019effigie du pr\u00e9sident syrien int\u00e9rimaire Ahmed al-Charaa sont brandies, le repr\u00e9sentant d\u2019un c\u00f4t\u00e9 en uniforme militaire, turban sur la t\u00eate et de l\u2019autre en costume cravate, barbe bien taill\u00e9e et cheveux courts gomin\u00e9s. Avec ces mots \u00e9crits en rouge \u00ab\u00a0stop terroriste\u00a0!\u00a0\u00bb. \u00ab\u00a0Nous sommes extr\u00eamement pr\u00e9occup\u00e9s, inquiets par le silence de l\u2019Union europ\u00e9enne qui n\u2019a pas si longtemps que \u00e7a a d\u00e9cid\u00e9 de l\u00e2cher au r\u00e9gime syrien pr\u00e8s d\u2019un milliard d\u2019euros. C\u2019est ce m\u00eame r\u00e9gime qui, aujourd\u2019hui, massacre la population kurde\u00a0\u00bb, temp\u00eate Salih Azad, responsable du Centre d\u00e9mocratique kurde de Marseille (CDK-M). \u00ab\u00a0Al-Charaa est un ancien cadre d\u2019Al Qa\u00efda, il a \u00e9t\u00e9 membre de Daesh, \u00e0 ce titre il est coupable d\u2019avoir ordonn\u00e9 l\u2019assassinat de dizaines de milliers de civils kurdes\u00a0\u00bb, accuse-t-il, rappelant que le r\u00e9gime syrien actuel est notamment soutenu par la Turquie de Recep Tayyip Erdogan. \u00ab\u00a0C\u2019est un appel \u00e0 la communaut\u00e9 internationale\u00a0: arr\u00eatez de vous rendre complice du r\u00e9gime de Daesh, ne restez pas silencieux\u00a0!\u00a0\u00bb, pousse Salih Azad.<\/p>\n<p> \u00abJe viens du Rojava\u00a0\u00bb\n              <\/p>\n<p>Barine, qui prend part \u00e0 la protestation, est directement concern\u00e9e. \u00ab\u00a0Je viens du Rojava, de la ville de Koban\u00e9, vous devez conna\u00eetre\u00a0\u00bb, glisse-t-elle. La capitale de la r\u00e9sistance kurde face \u00e0 l\u2019\u00c9tat islamique est actuellement encercl\u00e9e par des groupes arm\u00e9s islamistes, proches du pouvoir. \u00ab\u00a0On n\u2019a pas d\u2019arm\u00e9e forte, les combattants kurdes tentent de r\u00e9sister eux-m\u00eames. On a peur des massacres\u00a0\u00bb, alerte l\u2019\u00e9tudiante en m\u00e9decine. Elle en appelle, elle aussi, aux \u00c9tats-Unis et \u00e0 l\u2019Union europ\u00e9enne. \u00ab\u00a0On veut juste la paix\u00a0\u00bb, jure-t-elle.<\/p>\n","protected":false},"excerpt":{"rendered":"Pancarte \u00ab\u00a0Defend Rojava\u00a0\u00bb dans une main et smartphone dans l\u2019autre, celle qui se fait appeler Suzanne scrolle sur&hellip;\n","protected":false},"author":2,"featured_media":678504,"comment_status":"","ping_status":"","sticky":false,"template":"","format":"standard","meta":{"footnotes":""},"categories":[1586],"tags":[11,2196,1777,674,1011,27,12,25],"class_list":{"0":"post-678503","1":"post","2":"type-post","3":"status-publish","4":"format-standard","5":"has-post-thumbnail","7":"category-europe","8":"tag-actualites","9":"tag-commission-europeenne","10":"tag-eu","11":"tag-europe","12":"tag-fr","13":"tag-france","14":"tag-news","15":"tag-republique-francaise"},"share_on_mastodon":{"url":"https:\/\/pubeurope.com\/@fr\/115931802765305963","error":""},"_links":{"self":[{"href":"https:\/\/www.europesays.com\/fr\/wp-json\/wp\/v2\/posts\/678503","targetHints":{"allow":["GET"]}}],"collection":[{"href":"https:\/\/www.europesays.com\/fr\/wp-json\/wp\/v2\/posts"}],"about":[{"href":"https:\/\/www.europesays.com\/fr\/wp-json\/wp\/v2\/types\/post"}],"author":[{"embeddable":true,"href":"https:\/\/www.europesays.com\/fr\/wp-json\/wp\/v2\/users\/2"}],"replies":[{"embeddable":true,"href":"https:\/\/www.europesays.com\/fr\/wp-json\/wp\/v2\/comments?post=678503"}],"version-history":[{"count":0,"href":"https:\/\/www.europesays.com\/fr\/wp-json\/wp\/v2\/posts\/678503\/revisions"}],"wp:featuredmedia":[{"embeddable":true,"href":"https:\/\/www.europesays.com\/fr\/wp-json\/wp\/v2\/media\/678504"}],"wp:attachment":[{"href":"https:\/\/www.europesays.com\/fr\/wp-json\/wp\/v2\/media?parent=678503"}],"wp:term":[{"taxonomy":"category","embeddable":true,"href":"https:\/\/www.europesays.com\/fr\/wp-json\/wp\/v2\/categories?post=678503"},{"taxonomy":"post_tag","embeddable":true,"href":"https:\/\/www.europesays.com\/fr\/wp-json\/wp\/v2\/tags?post=678503"}],"curies":[{"name":"wp","href":"https:\/\/api.w.org\/{rel}","templated":true}]}}