{"id":678527,"date":"2026-01-21T07:18:20","date_gmt":"2026-01-21T07:18:20","guid":{"rendered":"https:\/\/www.europesays.com\/fr\/678527\/"},"modified":"2026-01-21T07:18:20","modified_gmt":"2026-01-21T07:18:20","slug":"t-i-tease-le-dernier-album-de-sa-carriere-avec-un-single-produit-par-pharrell-williams","status":"publish","type":"post","link":"https:\/\/www.europesays.com\/fr\/678527\/","title":{"rendered":"T.I. tease le dernier album de sa carri\u00e8re avec un single produit par Pharrell Williams"},"content":{"rendered":"<p itemprop=\"description\"><strong>T.I. est visiblement sur le point de nous d\u00e9voiler \u00ab\u00a0Kill the king\u00a0\u00bb, le dernier album de sa carri\u00e8re, et nous fait un peu de teasing avec son morceau \u00ab\u00a0Let Em Know\u00a0\u00bb produit par Pharrell.<\/strong><\/p>\n<p>Figure embl\u00e9matique du <strong>hip-hop<\/strong> depuis plusieurs d\u00e9cennies, <a href=\"https:\/\/generations.fr\/video\/clip\/77540\/t-i-brule-un-freestyle\" target=\"_blank\" rel=\"noopener\"><strong>T.I.<\/strong><\/a> semblait avoir tourn\u00e9 la page de sa carri\u00e8re musicale pour se consacrer \u00e0 d\u2019autres formes d\u2019expression artistique, comme le <strong>stand-up<\/strong> et le <strong>cin\u00e9ma<\/strong>. Pourtant, le rappeur d\u2019Atlanta r\u00e9serve encore une ultime surprise \u00e0 son public avec un <strong>dernier album<\/strong> annonc\u00e9 de longue date : <strong>Kill The King<\/strong>. Ce <strong>dimanche 18 janvier<\/strong>, en collaboration avec le c\u00e9l\u00e8bre producteur <strong>Pharrell Williams<\/strong>, il a enfin lev\u00e9 le voile sur ce projet en d\u00e9voilant un nouveau single intitul\u00e9 <strong>\u00ab\u00a0Let Em Know\u00a0\u00bb<\/strong>.<\/p>\n<p>Port\u00e9 par un riff reconnaissable de <strong>Sk8brd P<\/strong>, le morceau s\u2019inscrit dans une <strong>trap<\/strong> percutante et triomphante, laissant \u00e0 <a href=\"https:\/\/generations.fr\/news\/musique\/75013\/gucci-mane-met-fin-a-son-clash-avec-t-i\" target=\"_blank\" rel=\"noopener\"><strong>T.I.<\/strong><\/a> l\u2019occasion de d\u00e9montrer toute sa ma\u00eetrise et son \u00e9nergie en tant que <strong>MC<\/strong> aguerri. En amont de cette sortie, l\u2019artiste avait d\u00e9j\u00e0 suscit\u00e9 l\u2019attention en publiant un <strong>teaser<\/strong> symbolique dans lequel il apparaissait en train de couper ses <strong>dreadlocks<\/strong>. Les fans attendent avec impatience ce <strong>comeback<\/strong>, qui marque son premier album depuis pr\u00e8s de <strong>six ans<\/strong>, apr\u00e8s <strong>The LIBRA<\/strong>, paru en <strong>2020<\/strong>.<\/p>\n<\/p>\n<p>M\u00eame si peu d\u2019informations suppl\u00e9mentaires ont \u00e9t\u00e9 communiqu\u00e9es sur ce projet, tout porte \u00e0 croire que <strong>Kill The King<\/strong> proposera une exp\u00e9rience \u00e0 la fois <strong>nostalgique<\/strong>, <strong>douce-am\u00e8re<\/strong> et profond\u00e9ment <strong>cathartique<\/strong>. Rares sont les figures majeures du genre qui peuvent choisir librement la mani\u00e8re de conclure leur parcours musical, ce qui conf\u00e8re aux <strong>albums de fin de carri\u00e8re<\/strong> une port\u00e9e toujours aussi singuli\u00e8re.<\/p>\n","protected":false},"excerpt":{"rendered":"T.I. est visiblement sur le point de nous d\u00e9voiler \u00ab\u00a0Kill the king\u00a0\u00bb, le dernier album de sa carri\u00e8re,&hellip;\n","protected":false},"author":2,"featured_media":678528,"comment_status":"","ping_status":"","sticky":false,"template":"","format":"standard","meta":{"footnotes":""},"categories":[1355],"tags":[1111,67642,11,2163,58,59,1011,27,3612,3620,3606,3607,3605,3608,3617,3615,3609,1922,1361,873,12,2189,3658,1825,67643,3616,3656,67641,3619,3621,3611,3610,2955,3655],"class_list":{"0":"post-678527","1":"post","2":"type-post","3":"status-publish","4":"format-standard","5":"has-post-thumbnail","7":"category-musique","8":"tag-actu","9":"tag-actu-rap","10":"tag-actualites","11":"tag-chroniques","12":"tag-divertissement","13":"tag-entertainment","14":"tag-fr","15":"tag-france","16":"tag-freestyles","17":"tag-funk","18":"tag-generation","19":"tag-generation88-2","20":"tag-generations","21":"tag-generations88-2","22":"tag-hip-hop","23":"tag-hiphop","24":"tag-hiphopsoul","25":"tag-info","26":"tag-music","27":"tag-musique","28":"tag-news","29":"tag-photos","30":"tag-playlist","31":"tag-radio","32":"tag-radio-rap","33":"tag-rap","34":"tag-rapfr","35":"tag-rapus","36":"tag-reggae","37":"tag-rnb","38":"tag-sons","39":"tag-soul","40":"tag-videos","41":"tag-webradio"},"share_on_mastodon":{"url":"https:\/\/pubeurope.com\/@fr\/115931873637397279","error":""},"_links":{"self":[{"href":"https:\/\/www.europesays.com\/fr\/wp-json\/wp\/v2\/posts\/678527","targetHints":{"allow":["GET"]}}],"collection":[{"href":"https:\/\/www.europesays.com\/fr\/wp-json\/wp\/v2\/posts"}],"about":[{"href":"https:\/\/www.europesays.com\/fr\/wp-json\/wp\/v2\/types\/post"}],"author":[{"embeddable":true,"href":"https:\/\/www.europesays.com\/fr\/wp-json\/wp\/v2\/users\/2"}],"replies":[{"embeddable":true,"href":"https:\/\/www.europesays.com\/fr\/wp-json\/wp\/v2\/comments?post=678527"}],"version-history":[{"count":0,"href":"https:\/\/www.europesays.com\/fr\/wp-json\/wp\/v2\/posts\/678527\/revisions"}],"wp:featuredmedia":[{"embeddable":true,"href":"https:\/\/www.europesays.com\/fr\/wp-json\/wp\/v2\/media\/678528"}],"wp:attachment":[{"href":"https:\/\/www.europesays.com\/fr\/wp-json\/wp\/v2\/media?parent=678527"}],"wp:term":[{"taxonomy":"category","embeddable":true,"href":"https:\/\/www.europesays.com\/fr\/wp-json\/wp\/v2\/categories?post=678527"},{"taxonomy":"post_tag","embeddable":true,"href":"https:\/\/www.europesays.com\/fr\/wp-json\/wp\/v2\/tags?post=678527"}],"curies":[{"name":"wp","href":"https:\/\/api.w.org\/{rel}","templated":true}]}}