{"id":678538,"date":"2026-01-21T07:24:14","date_gmt":"2026-01-21T07:24:14","guid":{"rendered":"https:\/\/www.europesays.com\/fr\/678538\/"},"modified":"2026-01-21T07:24:14","modified_gmt":"2026-01-21T07:24:14","slug":"qui-sont-ces-salaries-qui-demandent-des-ruptures-conventionnelles","status":"publish","type":"post","link":"https:\/\/www.europesays.com\/fr\/678538\/","title":{"rendered":"Qui sont ces salari\u00e9s qui demandent des ruptures conventionnelles\u00a0?"},"content":{"rendered":"<p>\n    <strong>D\u00c9CRYPTAGE &#8211;<\/strong> Dans un document de travail, l\u2019Un\u00e9dic dresse le portrait-robot des b\u00e9n\u00e9ficiaires du dispositif.<\/p>\n<p class=\"fig-paragraph\">Qui sont les salari\u00e9s qui n\u00e9gocient avec leur entreprise une\u00a0<a href=\"http:\/\/www.lefigaro.fr\/conjoncture\/les-prud-hommes-sous-la-menace-d-un-durcissement-des-ruptures-conventionnelles-20260116\" data-fig-type=\"NewsFlash\" data-gtm-custom-categorie=\"navigation\" data-gtm-custom-action=\"crossclick\" data-gtm-custom-label=\"Contextuel\" data-gtm-event=\"customEventSPE\" data-fig-domain=\"LEFIGARO\" target=\"_blank\" rel=\"noopener\">rupture conventionnelle<\/a>\u00a0? Depuis plusieurs mois, une partie de ces 515\u00a0000 ex-salari\u00e9s qui, en 2024, ont b\u00e9n\u00e9fici\u00e9 du dispositif \u2013 se traduisant par une s\u00e9paration \u00e0 l\u2019amiable, tout en leur permettant de toucher l\u2019assurance-ch\u00f4mage &#8211; se sont retrouv\u00e9s bien malgr\u00e9 eux dans le viseur du gouvernement.\u00a0Dans\u00a0<a href=\"https:\/\/video.lefigaro.fr\/figaro\/economie\/budget-2026-sebastien-lecornu-declenche-le-49-3-sur-la-partie-recettes-20260120\" data-fig-type=\"Video\" data-gtm-custom-categorie=\"navigation\" data-gtm-custom-action=\"crossclick\" data-gtm-custom-label=\"Contextuel\" data-gtm-event=\"customEventSPE\" data-fig-domain=\"LEFIGARO\" target=\"_blank\" rel=\"noopener\">un contexte budg\u00e9taire tendu<\/a>, leur poids sur les comptes de l\u2019Unedic (9,4\u00a0milliards d\u2019euros d\u2019indemnisations vers\u00e9s en 2024, soit pr\u00e8s de 25\u00a0% des d\u00e9penses) fait tiquer l\u2019ex\u00e9cutif. Le minist\u00e8re du Travail a invit\u00e9 les partenaires sociaux \u00e0 se pencher sur une r\u00e9forme du syst\u00e8me avec un objectif\u00a0: \u00e9conomiser 400\u00a0millions d\u2019euros.<\/p>\n<p class=\"fig-paragraph\">Pour justifier sa demande, le gouvernement insiste sur l\u2019existence \u00ab\u00a0d\u2019abus\u00a0\u00bb. \u00ab\u00a0Quand on fait une petite enqu\u00eate d\u2019usage, oui, on tombe sur des comportements qu\u2019on peut discuter\u00a0\u00bb, a de nouveau appuy\u00e9 Jean-Pierre Farandou ce mardi, devant l\u2019Association des journalistes de l\u2019information\u2026<\/p>\n<p class=\"fig-premium-paywall__infos\">\n        Cet article est r\u00e9serv\u00e9 aux abonn\u00e9s.        Il vous reste 80% \u00e0 d\u00e9couvrir.\n    <\/p>\n<p>                <img  data- alt=\"Le Figaro\" class=\"fig-img--complete fig-img\"\/><\/p>\n<p class=\"fig-premium-paywall__title\">Vente Flash<\/p>\n<p class=\"fig-premium-paywall__subtitle\">6,49\u20ac par mois pendant 12 mois<\/p>\n<p class=\"fig-premium-paywall__connect\">\n                D\u00e9j\u00e0 abonn\u00e9\u00a0?                <a class=\"fig-premium-paywall__connect-link\" href=\"https:\/\/connect.lefigaro.fr\/login?client=horizon_web&amp;type=main&amp;redirect_uri=https%3A%2F%2Fwww.lefigaro.fr%2Feconomie%2Fqui-sont-ces-salaries-qui-demandent-des-ruptures-conventionnelles-20260121\" data-js-gtm=\"{&quot;customCategorie&quot;: &quot;conversion&quot;, &quot;customAction&quot;: &quot;before_Landing_Connexion_paywall_auto&quot;, &quot;customLabel&quot;: &quot;bGVmaWdhcm8uZnJfXzFmMGY1ZWEyLWUxZGEtNjBhYS1hOTJhLTI3NTczOWNhZDc5Yl9fQXJ0aWNsZQ==_Qui sont ces salari\u00e9s qui demandent des ruptures conventionnelles\u00a0?_295&quot;, &quot;customIDSPE&quot;: &quot;bGVmaWdhcm8uZnJfXzFmMGY1ZWEyLWUxZGEtNjBhYS1hOTJhLTI3NTczOWNhZDc5Yl9fQXJ0aWNsZQ==&quot;, &quot;event&quot;: &quot;customEventSPE&quot;}\" target=\"_blank\" rel=\"noopener\"><br \/>\n                    Connectez-vous<br \/>\n                <\/a>\n            <\/p>\n","protected":false},"excerpt":{"rendered":"D\u00c9CRYPTAGE &#8211; Dans un document de travail, l\u2019Un\u00e9dic dresse le portrait-robot des b\u00e9n\u00e9ficiaires du dispositif. Qui sont les&hellip;\n","protected":false},"author":2,"featured_media":678539,"comment_status":"","ping_status":"","sticky":false,"template":"","format":"standard","meta":{"footnotes":""},"categories":[6],"tags":[35,3108,33,34,1011,27,13559,3847],"class_list":{"0":"post-678538","1":"post","2":"type-post","3":"status-publish","4":"format-standard","5":"has-post-thumbnail","7":"category-economie","8":"tag-business","9":"tag-contrat","10":"tag-economie","11":"tag-economy","12":"tag-fr","13":"tag-france","14":"tag-rupture","15":"tag-travail"},"share_on_mastodon":{"url":"","error":""},"_links":{"self":[{"href":"https:\/\/www.europesays.com\/fr\/wp-json\/wp\/v2\/posts\/678538","targetHints":{"allow":["GET"]}}],"collection":[{"href":"https:\/\/www.europesays.com\/fr\/wp-json\/wp\/v2\/posts"}],"about":[{"href":"https:\/\/www.europesays.com\/fr\/wp-json\/wp\/v2\/types\/post"}],"author":[{"embeddable":true,"href":"https:\/\/www.europesays.com\/fr\/wp-json\/wp\/v2\/users\/2"}],"replies":[{"embeddable":true,"href":"https:\/\/www.europesays.com\/fr\/wp-json\/wp\/v2\/comments?post=678538"}],"version-history":[{"count":0,"href":"https:\/\/www.europesays.com\/fr\/wp-json\/wp\/v2\/posts\/678538\/revisions"}],"wp:featuredmedia":[{"embeddable":true,"href":"https:\/\/www.europesays.com\/fr\/wp-json\/wp\/v2\/media\/678539"}],"wp:attachment":[{"href":"https:\/\/www.europesays.com\/fr\/wp-json\/wp\/v2\/media?parent=678538"}],"wp:term":[{"taxonomy":"category","embeddable":true,"href":"https:\/\/www.europesays.com\/fr\/wp-json\/wp\/v2\/categories?post=678538"},{"taxonomy":"post_tag","embeddable":true,"href":"https:\/\/www.europesays.com\/fr\/wp-json\/wp\/v2\/tags?post=678538"}],"curies":[{"name":"wp","href":"https:\/\/api.w.org\/{rel}","templated":true}]}}