{"id":678568,"date":"2026-01-21T07:43:14","date_gmt":"2026-01-21T07:43:14","guid":{"rendered":"https:\/\/www.europesays.com\/fr\/678568\/"},"modified":"2026-01-21T07:43:14","modified_gmt":"2026-01-21T07:43:14","slug":"la-sncf-lance-un-ouigo-direct-strasbourg-marseille-voici-la-date-de-lancement","status":"publish","type":"post","link":"https:\/\/www.europesays.com\/fr\/678568\/","title":{"rendered":"La SNCF lance un Ouigo direct Strasbourg-Marseille, voici la date de lancement"},"content":{"rendered":"<p>                    Par<br \/>\n        <strong><br \/>\n            <a href=\"https:\/\/actu.fr\/auteur\/thibault-nadal-actu-fr\" title=\"Consulter tous les articles de Thibault Nadal\" target=\"_blank\" rel=\"noopener\">Thibault Nadal<\/a><br \/>\n                    <\/strong><\/p>\n<p>        Publi\u00e9 le<\/p>\n<p>            21 janv. 2026 \u00e0 6h38        <\/p>\n<p>Du nouveau sur les rails de <a href=\"https:\/\/actu.fr\/tag\/gare-saint-charles\" target=\"_blank\" rel=\"noopener\">la gare Saint-Charles<\/a>. La <a href=\"https:\/\/actu.fr\/tag\/sncf\" target=\"_blank\" rel=\"noopener\">SNCF<\/a> a annonc\u00e9 ce mardi 20\u00a0janvier l\u2019ouverture en 2026 d\u2019une liaison Ouigo quotidienne entre <a href=\"https:\/\/actu.fr\/strasbourg\/\" target=\"_blank\" rel=\"noopener\">Strasbourg<\/a> (Bas-Rhin) et <a href=\"https:\/\/actu.fr\/marseille\/\" target=\"_blank\" rel=\"noopener\">Marseille<\/a>. Un trajet qui s\u2019effectuera en <strong>six heures<\/strong>.<\/p>\n<p>D\u00e8s d\u00e9cembre\u00a02026<\/p>\n<p class=\" wall-content\">Dans un communiqu\u00e9 transmis \u00e0 actu Marseille, l\u2019entreprise ferroviaire explique qu\u2019elle souhaite d\u00e9velopper \u00ab\u2009son offre entre le Grand Est et la M\u00e9diterran\u00e9e\u2009\u00bb.<\/p>\n<p class=\" wall-content\">Pour y parvenir, un train <a href=\"https:\/\/actu.fr\/tag\/ouigo\" target=\"_blank\" rel=\"noopener\">Ouigo<\/a> sera lanc\u00e9 entre Strasbourg et Marseille <strong>en d\u00e9cembre\u00a02026<\/strong>. Ce trajet, d\u2019une dur\u00e9e de six heures, sera marqu\u00e9 par plusieurs arr\u00eats\u2009: Colmar, Mulhouse, Belfort-Montb\u00e9liard TGV, Besan\u00e7on Franche-Comt\u00e9 TGV, Dijon Ville, Lyon Part-Dieu, Avignon TGV et Aix-en-Provence TGV.<\/p>\n<p class=\" wall-content\">Actuellement, un seul train Ouigo circulait entre les deux villes, uniquement dans le sens Marseille-Strasbourg. Il part de la gare Saint-Charles \u00e0 11h46 pour une arriv\u00e9e \u00e0 19h dans la capitale alsacienne.<\/p>\n<p>Une nouvelle ligne au d\u00e9part de Nancy<\/p>\n<p class=\" wall-content\">En 2026, la SNCF et sa filiale low cost ont \u00e9rig\u00e9 le Grand Est en priorit\u00e9. En plus de Strasbourg-Marseille en Ouigo, un TGV Inou\u00ef partira de Nancy (Meurthe-et-Moselle) et desservira la gare Saint-Charles <strong>\u00ab\u2009les week-ends et pendant les vacances d\u2019\u00e9t\u00e9 et de No\u00ebl\u2009\u00bb<\/strong>.<\/p>\n<p class=\" wall-content\">Cette nouvelle ligne vient remplacer celle qui rejoignait Nice jusqu\u2019\u00e0 maintenant. Cette derni\u00e8re est donc <strong>supprim\u00e9e<\/strong>, annonce la SNCF.<\/p>\n<p class=\" wall-content\">Personnalisez votre actualit\u00e9 en ajoutant vos villes et m\u00e9dias en favori avec <a href=\"https:\/\/moncompte.actu.fr\" title=\"D\u00e9couvez Mon Actu\" rel=\"nofollow noopener\" data-trk=\"{&quot;cta&quot;:{&quot;action&quot;:&quot;https:\\\/\\\/moncompte.actu.fr&quot;,&quot;category&quot;:&quot;mon compte&quot;,&quot;from&quot;:&quot;article footer&quot;,&quot;name&quot;:&quot;Mon actu&quot;,&quot;type&quot;:&quot;cta&quot;}}\" target=\"_blank\">Mon Actu<\/a>.<\/p>\n","protected":false},"excerpt":{"rendered":"Par Thibault Nadal Publi\u00e9 le 21 janv. 2026 \u00e0 6h38 Du nouveau sur les rails de la gare&hellip;\n","protected":false},"author":2,"featured_media":678569,"comment_status":"","ping_status":"","sticky":false,"template":"","format":"standard","meta":{"footnotes":""},"categories":[2820],"tags":[1111,11,1777,674,1011,27,6305,775,12,23443,25,2215,104,640],"class_list":{"0":"post-678568","1":"post","2":"type-post","3":"status-publish","4":"format-standard","5":"has-post-thumbnail","7":"category-strasbourg","8":"tag-actu","9":"tag-actualites","10":"tag-eu","11":"tag-europe","12":"tag-fr","13":"tag-france","14":"tag-gare-saint-charles","15":"tag-grand-est","16":"tag-news","17":"tag-ouigo","18":"tag-republique-francaise","19":"tag-sncf","20":"tag-societe","21":"tag-strasbourg"},"share_on_mastodon":{"url":"https:\/\/pubeurope.com\/@fr\/115931971870576534","error":""},"_links":{"self":[{"href":"https:\/\/www.europesays.com\/fr\/wp-json\/wp\/v2\/posts\/678568","targetHints":{"allow":["GET"]}}],"collection":[{"href":"https:\/\/www.europesays.com\/fr\/wp-json\/wp\/v2\/posts"}],"about":[{"href":"https:\/\/www.europesays.com\/fr\/wp-json\/wp\/v2\/types\/post"}],"author":[{"embeddable":true,"href":"https:\/\/www.europesays.com\/fr\/wp-json\/wp\/v2\/users\/2"}],"replies":[{"embeddable":true,"href":"https:\/\/www.europesays.com\/fr\/wp-json\/wp\/v2\/comments?post=678568"}],"version-history":[{"count":0,"href":"https:\/\/www.europesays.com\/fr\/wp-json\/wp\/v2\/posts\/678568\/revisions"}],"wp:featuredmedia":[{"embeddable":true,"href":"https:\/\/www.europesays.com\/fr\/wp-json\/wp\/v2\/media\/678569"}],"wp:attachment":[{"href":"https:\/\/www.europesays.com\/fr\/wp-json\/wp\/v2\/media?parent=678568"}],"wp:term":[{"taxonomy":"category","embeddable":true,"href":"https:\/\/www.europesays.com\/fr\/wp-json\/wp\/v2\/categories?post=678568"},{"taxonomy":"post_tag","embeddable":true,"href":"https:\/\/www.europesays.com\/fr\/wp-json\/wp\/v2\/tags?post=678568"}],"curies":[{"name":"wp","href":"https:\/\/api.w.org\/{rel}","templated":true}]}}