{"id":67857,"date":"2025-05-01T22:01:09","date_gmt":"2025-05-01T22:01:09","guid":{"rendered":"https:\/\/www.europesays.com\/fr\/67857\/"},"modified":"2025-05-01T22:01:09","modified_gmt":"2025-05-01T22:01:09","slug":"bayrou-pecresse-nicolas-demorand-effare-par-les-milliers-de-reactions-sur-son-livre-sur-sa-bipolarite-2","status":"publish","type":"post","link":"https:\/\/www.europesays.com\/fr\/67857\/","title":{"rendered":"Bayrou, P\u00e9cresse\u2026 Nicolas Demorand \u00ab\u00a0effar\u00e9\u00a0\u00bb par les milliers\u00a0de r\u00e9actions sur son livre sur sa bipolarit\u00e9"},"content":{"rendered":"<p>        <img decoding=\"async\" loading=\"lazy\" src=\"https:\/\/www.europesays.com\/fr\/wp-content\/uploads\/2025\/05\/cf2cf70_sirius-fs-upload-1-1du54dnjpdhs-1746128687746-capture-da-a-cran-2025-05-01-211719.png\"  width=\"728\" height=\"409\" alt=\"Nicolas Demorand se dit \u00ab\u00a0effar\u00e9\u00a0\u00bb par les milliers de r\u00e9actions sur son livre \u00ab\u00a0Int\u00e9rieur nuit\u00a0\u00bb, sur le plateau de \u00ab\u00a0C \u00e0 vous\u00a0\u00bb, ce jeudi 1er mai.\"\/>  <\/p>\n<p>France 5<\/p>\n<p>Nicolas Demorand se dit \u00ab\u00a0effar\u00e9\u00a0\u00bb par les milliers de r\u00e9actions sur son livre \u00ab\u00a0Int\u00e9rieur nuit\u00a0\u00bb, sur le plateau de \u00ab\u00a0C \u00e0 vous\u00a0\u00bb, ce jeudi 1er mai.<\/p>\n<p class=\"asset asset-text\">SANT\u00c9 MENTALE &#8211; \u00ab\u00a0Je savais que je n\u2019\u00e9tais pas seul, mais j\u2019ignorais qu\u2019on \u00e9tait si nombreux.\u00a0\u00bb Dans l\u2019\u00e9mission C \u00e0 vous, diffus\u00e9e ce jeudi 1er\u00a0mai sur France 5, le journaliste de<a href=\"https:\/\/www.huffingtonpost.fr\/medias\/article\/france-inter-n-avait-pas-connu-de-telles-audiences-radio-depuis-l-an-2000_244584.html\" rel=\"nofollow noopener\" target=\"_blank\"> France Inter <\/a>Nicolas Demorand s\u2019est dit \u00ab\u00a0effar\u00e9\u00a0\u00bb par l\u2019ampleur des r\u00e9actions suscit\u00e9es par la sortie de son livre autobiographique<a href=\"https:\/\/www.huffingtonpost.fr\/medias\/article\/nicolas-demorand-se-livre-sur-sa-bipolarite-a-l-antenne-de-france-inter-je-suis-un-malade-mental_247958.html\" rel=\"nofollow noopener\" target=\"_blank\"> Int\u00e9rieur nuit<\/a> sur son trouble de la bipolarit\u00e9. Des politiques, dont le Premier ministre <a href=\"https:\/\/www.huffingtonpost.fr\/politique\/article\/proportionnelle-aux-elections-bayrou-lance-ses-consultations-avec-le-rn-pour-s-offrir-un-peu-de-repit-clx1_249288.html\" rel=\"nofollow noopener\" target=\"_blank\">Fran\u00e7ois Bayrou<\/a>, lui ont m\u00eame envoy\u00e9 des SMS.<\/p>\n<p class=\"asset asset-text\">\u00ab\u00a0On ne parle pas de dizaines, de centaines mais de milliers de r\u00e9actions, de mails, de courriers papiers envoy\u00e9s \u00e0 la radio\u00a0\u00bb, explique le matinalier de 53\u00a0ans, qui dit \u00ab\u00a0tout lire\u00a0\u00bb. Ces \u00e9crits \u00ab\u00a0me nourrissent\u00a0int\u00e9rieurement\u00a0\u00bb affirme celui qui a eu peur de publier son ouvrage.<\/p>\n<p class=\"asset asset-text\">Ces courriers proviennent d\u2019auditeurs de France Inter, de personnes souffrant elles aussi de troubles de la bipolarit\u00e9 ou qui ont \u00e9t\u00e9 touch\u00e9es par la franchise du t\u00e9moignage de Nicolas Demorand. Mais aussi de personnalit\u00e9s politiques\u00a0: \u00ab\u00a0Fran\u00e7ois Bayrou, Michel Barnier (ancien Premier ministre ndlr), Val\u00e9rie P\u00e9cresse (pr\u00e9sidente de la R\u00e9gion \u00cele-de-France ndlr) \u2026\u00a0\u00bb, cite le journaliste qui ne se \u00ab\u00a0souvient plus des autres\u00a0\u00bb.<\/p>\n<p>    \u00ab\u00a0C\u2019est L\u00e9a Salam\u00e9 qui a eu l\u2019id\u00e9e lumineuse\u00a0\u00bb    <\/p>\n<p class=\"asset asset-text\">Ces personnalit\u00e9s ont \u00ab\u00a0salu\u00e9 ce que je faisais comme geste, le livre et le combat\u00a0\u00bb, ajoute-t-il, avant de glisser en rigolant\u00a0: \u00ab\u00a0voil\u00e0, je vous livre l\u2019information de ce qu\u2019il se passe dans mon t\u00e9l\u00e9phone\u00a0\u00bb.<\/p>\n<p> La lecture de ce contenu est susceptible d\u2019entra\u00eener un d\u00e9p\u00f4t de cookies de la part de l\u2019op\u00e9rateur tiers qui l\u2019h\u00e9berge. Compte-tenu des choix que vous avez exprim\u00e9s en mati\u00e8re de d\u00e9p\u00f4t de cookies, nous avons bloqu\u00e9 l\u2019affichage de ce contenu. Si vous souhaitez y acc\u00e9der, vous devez accepter la cat\u00e9gorie de cookies \u201cContenus tiers\u201d en cliquant sur le bouton ci-dessous. <\/p>\n<p> Lire la Vid\u00e9o        <\/p>\n<p class=\"asset asset-text\">Nicolas Demorand est bipolaire de type 2. Ce trouble se caract\u00e9rise par l\u2019association d\u2019\u00e9pisodes d\u00e9pressifs et d\u2019hypomanie, c\u2019est-\u00e0-dire une humeur euphorique et excit\u00e9e, ou parfois irritable.<\/p>\n<p class=\"asset asset-text\">Celui qui a d\u00e9cid\u00e9 de faire de cette maladie un combat a aussi rendu hommage \u00e0 sa coll\u00e8gue L\u00e9a Salam\u00e9 qui a eu \u00ab\u00a0l\u2019id\u00e9e lumineuse\u00a0\u00bb de ce livre. \u00ab\u00a0C\u2019est la derni\u00e8re personne \u00e0 avoir lu le manuscrit. Je flippais. Elle m\u2019a \u00e9crit un mail au milieu de la nuit, et c\u2019est le plus beau mail que j\u2019ai jamais re\u00e7u de ma vie.\u00a0\u00bb Sans elle, \u00ab\u00a0rien aurait \u00e9t\u00e9 possible\u00a0\u00bb, conc\u00e8de Nicolas Demorand.<\/p>\n<p class=\"asset asset-text\"><strong>\u00c0 voir \u00e9galement sur Le HuffPost\u00a0: <\/strong><\/p>\n<p> La lecture de ce contenu est susceptible d\u2019entra\u00eener un d\u00e9p\u00f4t de cookies de la part de l\u2019op\u00e9rateur tiers qui l\u2019h\u00e9berge. Compte-tenu des choix que vous avez exprim\u00e9s en mati\u00e8re de d\u00e9p\u00f4t de cookies, nous avons bloqu\u00e9 l\u2019affichage de ce contenu. Si vous souhaitez y acc\u00e9der, vous devez accepter la cat\u00e9gorie de cookies \u201cContenus tiers\u201d en cliquant sur le bouton ci-dessous. <\/p>\n<p> Lire la Vid\u00e9o                <\/p>\n","protected":false},"excerpt":{"rendered":"France 5 Nicolas Demorand se dit \u00ab\u00a0effar\u00e9\u00a0\u00bb par les milliers de r\u00e9actions sur son livre \u00ab\u00a0Int\u00e9rieur nuit\u00a0\u00bb, sur&hellip;\n","protected":false},"author":2,"featured_media":67858,"comment_status":"","ping_status":"","sticky":false,"template":"","format":"standard","meta":{"footnotes":""},"categories":[8],"tags":[58,59,1011,27,4467,3776,973,2072,252],"class_list":{"0":"post-67857","1":"post","2":"type-post","3":"status-publish","4":"format-standard","5":"has-post-thumbnail","7":"category-divertissement","8":"tag-divertissement","9":"tag-entertainment","10":"tag-fr","11":"tag-france","12":"tag-france-5","13":"tag-nicolas-demorand","14":"tag-people","15":"tag-sante-mentale","16":"tag-television"},"share_on_mastodon":{"url":"https:\/\/pubeurope.com\/@fr\/114434834650531069","error":""},"_links":{"self":[{"href":"https:\/\/www.europesays.com\/fr\/wp-json\/wp\/v2\/posts\/67857","targetHints":{"allow":["GET"]}}],"collection":[{"href":"https:\/\/www.europesays.com\/fr\/wp-json\/wp\/v2\/posts"}],"about":[{"href":"https:\/\/www.europesays.com\/fr\/wp-json\/wp\/v2\/types\/post"}],"author":[{"embeddable":true,"href":"https:\/\/www.europesays.com\/fr\/wp-json\/wp\/v2\/users\/2"}],"replies":[{"embeddable":true,"href":"https:\/\/www.europesays.com\/fr\/wp-json\/wp\/v2\/comments?post=67857"}],"version-history":[{"count":0,"href":"https:\/\/www.europesays.com\/fr\/wp-json\/wp\/v2\/posts\/67857\/revisions"}],"wp:featuredmedia":[{"embeddable":true,"href":"https:\/\/www.europesays.com\/fr\/wp-json\/wp\/v2\/media\/67858"}],"wp:attachment":[{"href":"https:\/\/www.europesays.com\/fr\/wp-json\/wp\/v2\/media?parent=67857"}],"wp:term":[{"taxonomy":"category","embeddable":true,"href":"https:\/\/www.europesays.com\/fr\/wp-json\/wp\/v2\/categories?post=67857"},{"taxonomy":"post_tag","embeddable":true,"href":"https:\/\/www.europesays.com\/fr\/wp-json\/wp\/v2\/tags?post=67857"}],"curies":[{"name":"wp","href":"https:\/\/api.w.org\/{rel}","templated":true}]}}