{"id":678605,"date":"2026-01-21T08:05:11","date_gmt":"2026-01-21T08:05:11","guid":{"rendered":"https:\/\/www.europesays.com\/fr\/678605\/"},"modified":"2026-01-21T08:05:11","modified_gmt":"2026-01-21T08:05:11","slug":"le-mage-du-kremlin-5-choses-a-savoir-sur-le-film-evenement-sur-vladimir-poutine","status":"publish","type":"post","link":"https:\/\/www.europesays.com\/fr\/678605\/","title":{"rendered":"\u00ab\u00a0Le mage du Kremlin\u00a0\u00bb\u00a0: 5 choses \u00e0 savoir sur le film \u00e9v\u00e9nement sur Vladimir Poutine"},"content":{"rendered":"<p>\n                                                                    l&rsquo;essentiel<br \/>\n                                                                Le film \u00ab\u00a0Le mage du Kremlin\u00a0\u00bb avec Jude Law dans le r\u00f4le de Vladimir Poutine sort au cin\u00e9ma ce mercredi 21\u00a0janvier. Tir\u00e9 d\u2019un livre sorti en 2022, le film est salu\u00e9 par la critique.\n                            <\/p>\n<p>Vladimir Poutine \u00e0 l\u2019affiche au cin\u00e9ma. Le pr\u00e9sident russe est un des personnages principaux du film \u00ab\u00a0Le mage du Kremlin\u00a0\u00bb d\u2019Olivier Assayas, avec Paul Dano et Jude Law, qui sort en salles ce mercredi.<\/p>\n<p>Que raconte le film\u00a0?<\/p>\n<p>L\u2019histoire se d\u00e9roule en Russie en 1990. L\u2019URSS vient de s\u2019effondrer. Un jeune homme \u00e0 l\u2019intelligence redoutable Vadim Baranov, d\u2019abord artiste et producteur de t\u00e9l\u00e9-r\u00e9alit\u00e9, devient le conseiller officieux d\u2019un agent du KGB promis au pouvoir, le futur pr\u00e9sident russe Vladimir Poutine. Vadim Baranov va devenir un rouage central de la nouvelle Russie\u00a0: le mage du Kremlin. Le thriller retrace pr\u00e8s de 40 ans de l\u2019histoire politique russe \u00e0 travers ces deux personnages.<\/p>\n<p>Qui sont les principaux acteurs\u00a0?<\/p>\n<p>Le film est inspir\u00e9 par le livre \u00ab\u00a0Le mage du Kremlin\u00a0\u00bb de Giuliano da Empoli sorti en 2022 aux \u00e9ditions Gallimard. C\u2019est le r\u00e9alisateur fran\u00e7ais Olivier Assayas qui a adapt\u00e9 l\u2019ouvrage au cin\u00e9ma, il a partag\u00e9 l\u2019\u00e9criture du sc\u00e9nario avec Emmanuel Carr\u00e8re.<\/p>\n<p>Le r\u00f4le du conseiller est incarn\u00e9 par l\u2019acteur am\u00e9ricain Paul Dano connu pour ses r\u00f4les dans \u00ab\u00a0Little Miss Sunshine\u00a0\u00bb, \u00ab\u00a0Monsieur Flynn\u00a0\u00bb ou \u00ab\u00a0Night and Day\u00a0\u00bb. Ce conseiller n\u2019existe pas dans la r\u00e9alit\u00e9\u00a0: l\u2019auteur Giuliano da Empoli s\u2019est inspir\u00e9 de plusieurs proches du pr\u00e9sident russe.<\/p>\n<p>Vladimir Poutine est camp\u00e9 par l\u2019acteur britannique Jude Law vu au cin\u00e9ma dans \u00ab\u00a0Sherlock Holmes\u00a0\u00bb, \u00ab\u00a0Les animaux fantastiques\u00a0: les crimes de Grindelwald\u00a0\u00bb ou \u00ab\u00a0Captain Marvel\u00a0\u00bb. Un personnage f\u00e9minin, Ksenia (Alicia Vikander) est aussi \u00e0 l\u2019affiche.<\/p>\n<p class=\"std-elt__inline\">\n        <strong>\u00c0 lire aussi :<\/strong><br \/>\n        <a href=\"https:\/\/www.ladepeche.fr\/2025\/08\/28\/cette-star-britannique-va-interpreter-vladimir-poutine-au-cinema-decouvrez-les-premieres-images-du-film-le-mage-du-kremlin-dolivier-assayas-12897493.php\" target=\"_blank\" rel=\"noopener\">Cette star britannique va interpr\u00e9ter Vladimir Poutine au cin\u00e9ma, d\u00e9couvrez les premi\u00e8res images du film \u00ab\u00a0Le Mage du Kremlin\u00a0\u00bb d\u2019Olivier Assayas<\/a>\n    <\/p>\n<p>Pourquoi le film a failli ne jamais voir le jour\u00a0?<\/p>\n<p>Le r\u00e9alisateur Olivier Assayas savait qu\u2019il s\u2019\u00e9tait embarqu\u00e9 dans un projet \u00ab\u00a0avec une source de probl\u00e8mes infinis\u00a0\u00bb, explique-t-il au <a href=\"https:\/\/www.leparisien.fr\/culture-loisirs\/cinema\/ce-livre-etait-premonitoire-comment-le-mage-du-kremlin-best-seller-sur-poutine-est-devenu-un-film-choc-20-01-2026-OBJP66FAEFCLLDLZ23P5J477EU.php\" target=\"_blank\" rel=\"noopener\">Parisien<\/a>. \u00ab\u00a0Mais j\u2019y suis quand m\u00eame all\u00e9 car j\u2019aime bien prendre des risques\u00a0\u00bb. Le film n\u2019a pu \u00eatre tourn\u00e9 en Russie alors l\u2019\u00e9quipe a mis le cap sur la\u00a0Lettonie. La production a rencontr\u00e9 des soucis de financement. \u00ab\u00a0Ce qui s\u2019est r\u00e9v\u00e9l\u00e9 vraiment difficile, c\u2019est le financement\u00a0\u00bb, dit le r\u00e9alisateur. Le film d\u2019un budget de 15\u00a0millions de dollars a \u00e9t\u00e9 finalement financ\u00e9 majoritairement par Gaumont.<\/p>\n<p>Quelles sont les diff\u00e9rences entre le livre et le film\u00a0?<\/p>\n<p>Olivier Assayas s\u2019explique dans <a href=\"https:\/\/www.lefigaro.fr\/cinema\/olivier-assayas-le-mage-du-kremlin-n-est-pas-un-thriller-sur-poutine-c-est-un-film-sur-le-pouvoir-20260120\" target=\"_blank\" rel=\"noopener\">Le Figaro\u00a0<\/a>: \u00ab\u00a0Dans le livre, Giuliano da Empoli d\u00e9crit ce que pense tout bas le personnage principal, Vadim Baranov, incarn\u00e9 par Paul Dano, qui va emmener Poutine vers le pouvoir. Mais da Empoli s\u2019arr\u00eate l\u00e0. Avec Emmanuel Carr\u00e8re, il nous fallait donner une vision plus globale. Nous devions interroger les convictions de Vadim Baranov. Dans le roman, personne ne contredit ses actes et sa litanie de mensonges par omission. Nous avons donc d\u00e9velopp\u00e9 le r\u00f4le de l\u2019interlocuteur am\u00e9ricain, historien universitaire jou\u00e9 par Jeffrey Wright, qui le contredit et le renvoie \u00e0 ses turpitudes et ses tromperies permanentes. Nous avons aussi d\u00e9ploy\u00e9 le personnage de Ksenia, incarn\u00e9e par Alicia Vikander, \u00e0 qui il doit rendre des comptes plus intimement sur le d\u00e9voiement de ses id\u00e9aux de jeunesse, son \u00e9thique et sa morale\u00a0\u00bb.<\/p>\n<p>Quelles sont les critiques\u00a0?<\/p>\n<p>Le film a \u00e9t\u00e9 salu\u00e9 \u00e0 la derni\u00e8re Mostra de Venise. Le Figaro salue \u00ab\u00a0un beau film, rapide et efficace, \u00e0 l\u2019am\u00e9ricaine\u00a0\u00bb. Pour 20 Minutes, \u00ab\u00a0ce portrait d\u2019un conseiller discret qui a conduit Vladimir Poutine au pouvoir est fascinant\u00a0\u00bb. Le Point estime que \u00ab\u00a0Olivier Assayas m\u00eale tous les ingr\u00e9dients du suspense \u2013 myst\u00e8re, action, amour, secret \u2013 et signe un passionnant thriller politique sur la Russie contemporaine\u00a0\u00bb. Deux m\u00e9dias ont beaucoup moins aim\u00e9 \u00ab\u00a0Le mage du Kremlin\u00a0\u00bb\u00a0: Premi\u00e8re y voit \u00ab\u00a0un digest d\u2019une mini-s\u00e9rie standardis\u00e9e, r\u00e9pondant aux canons d\u2019un storytelling globalis\u00e9 et impersonnel et pour Lib\u00e9ration \u00ab\u00a0l\u2019adaptation du best-seller de Giuliano da Empoli se perd dans une litanie de dialogues pontifiants et loupe compl\u00e8tement son personnage de strat\u00e8ge de l\u2019ombre\u00a0\u00bb. A vous de vous faire votre opinion\u00a0! Premi\u00e8res s\u00e9ances ce mercredi en d\u00e9but d\u2019apr\u00e8s-midi.<\/p>\n","protected":false},"excerpt":{"rendered":"l&rsquo;essentiel Le film \u00ab\u00a0Le mage du Kremlin\u00a0\u00bb avec Jude Law dans le r\u00f4le de Vladimir Poutine sort au&hellip;\n","protected":false},"author":2,"featured_media":678606,"comment_status":"","ping_status":"","sticky":false,"template":"","format":"standard","meta":{"footnotes":""},"categories":[1591],"tags":[11,7196,872,1887,12,1885,1886,132],"class_list":{"0":"post-678605","1":"post","2":"type-post","3":"status-publish","4":"format-standard","5":"has-post-thumbnail","7":"category-russie","8":"tag-actualites","9":"tag-cinu00e9ma","10":"tag-culture-et-loisirs","11":"tag-federation-de-russie","12":"tag-news","13":"tag-russia","14":"tag-russian-federation","15":"tag-russie"},"share_on_mastodon":{"url":"https:\/\/pubeurope.com\/@fr\/115932058503333036","error":""},"_links":{"self":[{"href":"https:\/\/www.europesays.com\/fr\/wp-json\/wp\/v2\/posts\/678605","targetHints":{"allow":["GET"]}}],"collection":[{"href":"https:\/\/www.europesays.com\/fr\/wp-json\/wp\/v2\/posts"}],"about":[{"href":"https:\/\/www.europesays.com\/fr\/wp-json\/wp\/v2\/types\/post"}],"author":[{"embeddable":true,"href":"https:\/\/www.europesays.com\/fr\/wp-json\/wp\/v2\/users\/2"}],"replies":[{"embeddable":true,"href":"https:\/\/www.europesays.com\/fr\/wp-json\/wp\/v2\/comments?post=678605"}],"version-history":[{"count":0,"href":"https:\/\/www.europesays.com\/fr\/wp-json\/wp\/v2\/posts\/678605\/revisions"}],"wp:featuredmedia":[{"embeddable":true,"href":"https:\/\/www.europesays.com\/fr\/wp-json\/wp\/v2\/media\/678606"}],"wp:attachment":[{"href":"https:\/\/www.europesays.com\/fr\/wp-json\/wp\/v2\/media?parent=678605"}],"wp:term":[{"taxonomy":"category","embeddable":true,"href":"https:\/\/www.europesays.com\/fr\/wp-json\/wp\/v2\/categories?post=678605"},{"taxonomy":"post_tag","embeddable":true,"href":"https:\/\/www.europesays.com\/fr\/wp-json\/wp\/v2\/tags?post=678605"}],"curies":[{"name":"wp","href":"https:\/\/api.w.org\/{rel}","templated":true}]}}