{"id":678613,"date":"2026-01-21T08:09:14","date_gmt":"2026-01-21T08:09:14","guid":{"rendered":"https:\/\/www.europesays.com\/fr\/678613\/"},"modified":"2026-01-21T08:09:14","modified_gmt":"2026-01-21T08:09:14","slug":"lallemagne-laissera-sa-federation-decider-la-france-temporise","status":"publish","type":"post","link":"https:\/\/www.europesays.com\/fr\/678613\/","title":{"rendered":"L\u2019Allemagne laissera sa f\u00e9d\u00e9ration d\u00e9cider, la France temporise"},"content":{"rendered":"<p><a href=\"https:\/\/www.20minutes.fr\/sport\/football\/coupe-monde-2026\/\" class=\"c-link c-link--is-underlined\" target=\"_blank\" rel=\"noopener\">La Coupe du monde\u00a02026<\/a> sera-t-elle sacrifi\u00e9e sur l\u2019autel de la g\u00e9opolitique\u00a0? Mardi, le gouvernement allemand a laiss\u00e9 entendre qu\u2019il ne s\u2019opposerait pas \u00e0 un boycott du Mondial aux Etats-Unis si sa f\u00e9d\u00e9ration de football (DFB) souhaitait s\u2019engager sur cette voie, alors que <a href=\"https:\/\/www.20minutes.fr\/monde\/etats-unis\/4197172-20260121-direct-groenland-europeens-attendent-discuter-davos-trump\" class=\"c-link c-link--is-underlined\" target=\"_blank\" rel=\"noopener\">Donald Trump multiplie les d\u00e9clarations mena\u00e7antes<\/a>.<\/p>\n<p>\u00ab\u00a0Cette \u00e9valuation incombe donc aux f\u00e9d\u00e9rations concern\u00e9es, <a href=\"https:\/\/www.20minutes.fr\/sport\/fifa\/\" class=\"c-link c-link--is-underlined\" target=\"_blank\" rel=\"noopener\">en l\u2019occurrence la DFB et la Fifa<\/a>. Le gouvernement f\u00e9d\u00e9ral acceptera cette appr\u00e9ciation\u00a0\u00bb, a indiqu\u00e9 la secr\u00e9taire d\u2019Etat aux Sports Christiane Schenderlein dans un commentaire adress\u00e9 par mail, qui interrogeait le gouvernement sur l\u2019\u00e9ventualit\u00e9 d\u2019un boycott de la Coupe du monde organis\u00e9e au Canada, aux Etats-Unis et au Mexique (11\u00a0juin &#8211; 19\u00a0juillet).<\/p>\n<p>\u00ab\u00a0Le gouvernement f\u00e9d\u00e9ral respecte l\u2019autonomie du sport. Les d\u00e9cisions concernant la participation \u00e0 de grands \u00e9v\u00e9nements sportifs ou leur boycott rel\u00e8vent exclusivement des f\u00e9d\u00e9rations sportives comp\u00e9tentes, et non du monde politique\u00a0\u00bb, a aussi d\u00e9clar\u00e9 Mme Schenderlein, membre de la CDU, le parti conservateur du chancelier Friedrich Merz.<\/p>\n<p>\u00ab\u00a0Pas de volont\u00e9 de boycott\u00a0\u00bb de la part du minist\u00e8re fran\u00e7ais des Sports<\/p>\n<p>La France s\u2019est exprim\u00e9e un peu plus tard mardi soir sur la question du boycott par la voix de la ministre des Sports Marina Ferrari. Le gouvernement fran\u00e7ais exclut pour le moment une telle hypoth\u00e8se. \u00ab\u00a0Au stade o\u00f9 nous nous parlons actuellement, il n\u2019y a pas de volont\u00e9 de boycott du c\u00f4t\u00e9 de notre minist\u00e8re de cette grande comp\u00e9tition qui est attendue.\u00a0\u00bb<\/p>\n<p>\u00ab\u00a0Maintenant, je ne pr\u00e9juge pas de ce qui pourrait se passer, mais j\u2019ai entendu aussi des voix qui s\u2019\u00e9levaient qui viennent de certains blocs politiques. Je tiens \u00e0 ce qu\u2019on dissocie le sport (et la politique). La Coupe du monde de foot c\u2019est un moment extr\u00eamement important pour tous les amoureux du sport\u00a0\u00bb, a-t-elle ajout\u00e9.<\/p>\n","protected":false},"excerpt":{"rendered":"La Coupe du monde\u00a02026 sera-t-elle sacrifi\u00e9e sur l\u2019autel de la g\u00e9opolitique\u00a0? Mardi, le gouvernement allemand a laiss\u00e9 entendre&hellip;\n","protected":false},"author":2,"featured_media":678614,"comment_status":"","ping_status":"","sticky":false,"template":"","format":"standard","meta":{"footnotes":""},"categories":[1587],"tags":[11,672,1804,18833,1805,1803,75,1777,674,2269,63,1801,12,1802,517],"class_list":{"0":"post-678613","1":"post","2":"type-post","3":"status-publish","4":"format-standard","5":"has-post-thumbnail","7":"category-allemagne","8":"tag-actualites","9":"tag-allemagne","10":"tag-bundesrepublik-deutschland","11":"tag-coupe-du-monde-2026","12":"tag-de","13":"tag-deutschland","14":"tag-donald-trump","15":"tag-eu","16":"tag-europe","17":"tag-fifa","18":"tag-football","19":"tag-germany","20":"tag-news","21":"tag-republique-federale-dallemagne","22":"tag-sport"},"share_on_mastodon":{"url":"https:\/\/pubeurope.com\/@fr\/115932074393145025","error":""},"_links":{"self":[{"href":"https:\/\/www.europesays.com\/fr\/wp-json\/wp\/v2\/posts\/678613","targetHints":{"allow":["GET"]}}],"collection":[{"href":"https:\/\/www.europesays.com\/fr\/wp-json\/wp\/v2\/posts"}],"about":[{"href":"https:\/\/www.europesays.com\/fr\/wp-json\/wp\/v2\/types\/post"}],"author":[{"embeddable":true,"href":"https:\/\/www.europesays.com\/fr\/wp-json\/wp\/v2\/users\/2"}],"replies":[{"embeddable":true,"href":"https:\/\/www.europesays.com\/fr\/wp-json\/wp\/v2\/comments?post=678613"}],"version-history":[{"count":0,"href":"https:\/\/www.europesays.com\/fr\/wp-json\/wp\/v2\/posts\/678613\/revisions"}],"wp:featuredmedia":[{"embeddable":true,"href":"https:\/\/www.europesays.com\/fr\/wp-json\/wp\/v2\/media\/678614"}],"wp:attachment":[{"href":"https:\/\/www.europesays.com\/fr\/wp-json\/wp\/v2\/media?parent=678613"}],"wp:term":[{"taxonomy":"category","embeddable":true,"href":"https:\/\/www.europesays.com\/fr\/wp-json\/wp\/v2\/categories?post=678613"},{"taxonomy":"post_tag","embeddable":true,"href":"https:\/\/www.europesays.com\/fr\/wp-json\/wp\/v2\/tags?post=678613"}],"curies":[{"name":"wp","href":"https:\/\/api.w.org\/{rel}","templated":true}]}}