{"id":678639,"date":"2026-01-21T08:29:19","date_gmt":"2026-01-21T08:29:19","guid":{"rendered":"https:\/\/www.europesays.com\/fr\/678639\/"},"modified":"2026-01-21T08:29:19","modified_gmt":"2026-01-21T08:29:19","slug":"matt-damon-sebastien-lecornu-meme-combat-atlantico","status":"publish","type":"post","link":"https:\/\/www.europesays.com\/fr\/678639\/","title":{"rendered":"Matt Damon, S\u00e9bastien Lecornu : m\u00eame combat &#8211; Atlantico"},"content":{"rendered":"<ol>\n<li><a href=\"https:\/\/news.google.com\/rss\/articles\/CBMikAFBVV95cUxOYkw4TVhnWEtHbEE1RHZSM0planVWZXNwUmoydVgyWmRMbk9KVU40WWNRaWx1TjQ2aXhxRFppb3RzOUIyeE1LaFl6R25ycjItc21vTENYV2cxZUlNNlAzZXJIdGxwejZkakJxZHdLLWNpR3NGT3pJai1YcFZWWFlEUURqbUpFZFpfQmNub1UtSUM?oc=5\" target=\"_blank\" rel=\"noopener\">Matt Damon, S\u00e9bastien Lecornu : m\u00eame combat<\/a>&nbsp;&nbsp;Atlantico<\/li>\n<li><a href=\"https:\/\/news.google.com\/rss\/articles\/CBMifkFVX3lxTE9temlxcXFyUGZ1NmpXVmxtUWE4Rzdld2V3ckVneVFmZlNzcXB2SElqc3VyQzE2NzNPUG91QlJ6RGR2NEttMEZScm5xU2d1blh4dFo3NVlZTURGTzcxZDBKTG9mTVYwQUFQcjBjcjlQOGhQTWx4TzlTSG1lYlVOZw?oc=5\" target=\"_blank\" rel=\"noopener\">\u00ab\u00a0Ils sont sur le t\u00e9l\u00e9phone\u00a0\u00bb : Matt Damon explique la consigne de Netflix pour que les gens puissent suivre les films sur la plateforme<\/a>&nbsp;&nbsp;AlloCin\u00e9<\/li>\n<li><a href=\"https:\/\/news.google.com\/rss\/articles\/CBMi2gFBVV95cUxQU2ZlMkJ1Wm1QWnpjVFZNY3JlcG9aLUwwcmJmY2M4SXBuX1RGQnZ3Sm44enp1N04tVFVfeUU4Ul9BY01ZRnpaNlBKTU1ndFF1WHlUM0J4bFJLYnc0TEJnR3ZueDNSUXBiLUdYSmxqMjJZc1BTQ01jVTVxYURfQjF6c2c5UHpOcXF5ODlfa2RJcC1SSmlBbXprSWNLeERqNHRVWW5STDI4cTlKT1lTM2k4R1BleUEtT0RHVDM2ZXllRkxHbzFyZkxUVmZnaE1UNmRseUJkMmlsSE92QQ?oc=5\" target=\"_blank\" rel=\"noopener\">Comment les plateformes changent notre fa\u00e7on de regarder les films ?<\/a>&nbsp;&nbsp;sfr actus<\/li>\n<li><a href=\"https:\/\/news.google.com\/rss\/articles\/CBMilwNBVV95cUxNdVc5SGlaWVl3cW9mT0pWamZvNUt0Ym9QMVVnSkdha3dwa3VGZlNqZnRzM1k4NlhQdk5BM1NYTjhFOVpPQXp3V0xVOTVxWTZJM0I4NFE0TnJQWDJvcXd4MzMtQ0tlRDVHRkJPWlZBNE1sNjh0a2FSZ042NUdiR0NnMmdkNC1iY1AyNTNYaGx4czdDZWF0a3FjcU85UHRFQjlTYnZwaXN6WHNLX2tLTWNXZW4wRFlWZmtzSXRJTjVsVVpmSmRORTJ0NEdNdGhrWFI1Y1JyZ0d5MDJzM21QeFhxam1sdFRnMW9IckQ0RF96dkt3azFBODFtTmlFOUJfanlUeFR6VU95N3BuMXBRTFByMGhWQ1NBMkhqZVhyNjFWWjBrd1dGNF9MWG1qN1ZSM0VQS3BQSDM0RkpMY1lwYnYyWEYwVjRzRVVsSGlUcXZLNnM4amdiSUViUHBrSW9vUEV6bTBYb3E3bXVUUHgwbW1BcTE4Y095dE9tWjV3R1RsdkxBVGhLanpLREJMMnp4cXdZX2JCc0lOaw?oc=5\" target=\"_blank\" rel=\"noopener\">Sc\u00e8ne d\u2019action dans les cinq premi\u00e8res minutes, rappels permanents de l\u2019histoire: selon Matt Damon, sur Netflix, les films sont \u00e9crits pour retenir votre attention et vous permettre de suivre, parce que vous \u00eates sur votre smartphone<\/a>&nbsp;&nbsp;BFM<\/li>\n<li><a href=\"https:\/\/news.google.com\/rss\/articles\/CBMizAFBVV95cUxNak8zNXB2ZnhQRlRMcjV2U1JVOVlnNmZ6Q0FVWmlhWWlLeG9fSml1cnhua1VpbTgtbzZNR3BQTy00Vl9PYzBmQnJNRVJIRnpIQ2hoZE1Qb2x0REptWHJnYndsM2dVbUlQLUN2azVvVTdabzFIREEyNUFRWktTdlNGNzFaVTZIYy1xWUE5NlhNNVlSOGljRVNqWkJ5S1VqUnY1bHY2RmVPSTFobm9pYjVTaHRsWndDaHk5cld5YUR5cDc2WVhqd2NSRndCNnM?oc=5\" target=\"_blank\" rel=\"noopener\">Matt Damon \u00e9pingle les recettes \u00e9cul\u00e9es de Netflix pour ses productions et la cancel culture<\/a>&nbsp;&nbsp;Le Figaro<\/li>\n<\/ol>\n","protected":false},"excerpt":{"rendered":"Matt Damon, S\u00e9bastien Lecornu : m\u00eame combat&nbsp;&nbsp;Atlantico \u00ab\u00a0Ils sont sur le t\u00e9l\u00e9phone\u00a0\u00bb : Matt Damon explique la consigne&hellip;\n","protected":false},"author":2,"featured_media":678640,"comment_status":"","ping_status":"","sticky":false,"template":"","format":"standard","meta":{"footnotes":""},"categories":[1354],"tags":[76680,58,77670,59,1346,1011,27,77669,4424,1360,127,11067,77668],"class_list":{"0":"post-678639","1":"post","2":"type-post","3":"status-publish","4":"format-standard","5":"has-post-thumbnail","7":"category-films","8":"tag-article-49-3","9":"tag-divertissement","10":"tag-economie-de-l","11":"tag-entertainment","12":"tag-films","13":"tag-fr","14":"tag-france","15":"tag-idiocracy","16":"tag-matt-damon","17":"tag-movies","18":"tag-netflix","19":"tag-sebastien-lecornu","20":"tag-vote-du-budget"},"share_on_mastodon":{"url":"https:\/\/pubeurope.com\/@fr\/115932152791715687","error":""},"_links":{"self":[{"href":"https:\/\/www.europesays.com\/fr\/wp-json\/wp\/v2\/posts\/678639","targetHints":{"allow":["GET"]}}],"collection":[{"href":"https:\/\/www.europesays.com\/fr\/wp-json\/wp\/v2\/posts"}],"about":[{"href":"https:\/\/www.europesays.com\/fr\/wp-json\/wp\/v2\/types\/post"}],"author":[{"embeddable":true,"href":"https:\/\/www.europesays.com\/fr\/wp-json\/wp\/v2\/users\/2"}],"replies":[{"embeddable":true,"href":"https:\/\/www.europesays.com\/fr\/wp-json\/wp\/v2\/comments?post=678639"}],"version-history":[{"count":0,"href":"https:\/\/www.europesays.com\/fr\/wp-json\/wp\/v2\/posts\/678639\/revisions"}],"wp:featuredmedia":[{"embeddable":true,"href":"https:\/\/www.europesays.com\/fr\/wp-json\/wp\/v2\/media\/678640"}],"wp:attachment":[{"href":"https:\/\/www.europesays.com\/fr\/wp-json\/wp\/v2\/media?parent=678639"}],"wp:term":[{"taxonomy":"category","embeddable":true,"href":"https:\/\/www.europesays.com\/fr\/wp-json\/wp\/v2\/categories?post=678639"},{"taxonomy":"post_tag","embeddable":true,"href":"https:\/\/www.europesays.com\/fr\/wp-json\/wp\/v2\/tags?post=678639"}],"curies":[{"name":"wp","href":"https:\/\/api.w.org\/{rel}","templated":true}]}}