{"id":678660,"date":"2026-01-21T08:41:16","date_gmt":"2026-01-21T08:41:16","guid":{"rendered":"https:\/\/www.europesays.com\/fr\/678660\/"},"modified":"2026-01-21T08:41:16","modified_gmt":"2026-01-21T08:41:16","slug":"les-voeux-de-la-cci-grand-nancy-metropole-meurthe-et-moselle-en-vue-le-26-janvier","status":"publish","type":"post","link":"https:\/\/www.europesays.com\/fr\/678660\/","title":{"rendered":"Les v\u0153ux de la CCI Grand Nancy M\u00e9tropole Meurthe-et-Moselle en vue le 26 janvier"},"content":{"rendered":"<p>Bonne ann\u00e9e, quand m\u00eame ! Le 26 janvier, Fran\u00e7ois P\u00e9lissier, pr\u00e9sident de la CCI Grand Nancy M\u00e9tropole Meurthe-et-Moselle tiendra sa traditionnelle c\u00e9r\u00e9monie de v\u0153ux, en commun avec Jean-Paul Daul son homologue de la Chambre de m\u00e9tiers et de l\u2019artisanat de Meurthe-et-Moselle.<\/p>\n<p>\u00c0 cette date, le budget de l\u2019\u00c9tat et le projet de loi de finances pour 2026 devrait (en toute logique) \u00eatre adopt\u00e9 et avec toutes les cons\u00e9quences que cela pourrait avoir !<\/p>\n<p>\u00c0 la fin octobre, le projet de loi de finances pour 2026 mentionnait une nouvelle r\u00e9duction de 30% des recettes allou\u00e9es aux chambres de commerce et d\u2019industrie. Cette nouvelle r\u00e9duction des donations \u00e9tatiques viendrait s\u2019additionner \u00e0 plusieurs coups de rabots engag\u00e9s depuis plus de dix ans dans le cadre d\u2019une r\u00e9forme g\u00e9n\u00e9rale du r\u00e9seau consulaire.<\/p>\n","protected":false},"excerpt":{"rendered":"Bonne ann\u00e9e, quand m\u00eame ! Le 26 janvier, Fran\u00e7ois P\u00e9lissier, pr\u00e9sident de la CCI Grand Nancy M\u00e9tropole Meurthe-et-Moselle&hellip;\n","protected":false},"author":2,"featured_media":678661,"comment_status":"","ping_status":"","sticky":false,"template":"","format":"standard","meta":{"footnotes":""},"categories":[9635],"tags":[1111,11,1777,674,1011,27,775,1702,12,25],"class_list":{"0":"post-678660","1":"post","2":"type-post","3":"status-publish","4":"format-standard","5":"has-post-thumbnail","7":"category-nancy","8":"tag-actu","9":"tag-actualites","10":"tag-eu","11":"tag-europe","12":"tag-fr","13":"tag-france","14":"tag-grand-est","15":"tag-nancy","16":"tag-news","17":"tag-republique-francaise"},"share_on_mastodon":{"url":"https:\/\/pubeurope.com\/@fr\/115932199885363366","error":""},"_links":{"self":[{"href":"https:\/\/www.europesays.com\/fr\/wp-json\/wp\/v2\/posts\/678660","targetHints":{"allow":["GET"]}}],"collection":[{"href":"https:\/\/www.europesays.com\/fr\/wp-json\/wp\/v2\/posts"}],"about":[{"href":"https:\/\/www.europesays.com\/fr\/wp-json\/wp\/v2\/types\/post"}],"author":[{"embeddable":true,"href":"https:\/\/www.europesays.com\/fr\/wp-json\/wp\/v2\/users\/2"}],"replies":[{"embeddable":true,"href":"https:\/\/www.europesays.com\/fr\/wp-json\/wp\/v2\/comments?post=678660"}],"version-history":[{"count":0,"href":"https:\/\/www.europesays.com\/fr\/wp-json\/wp\/v2\/posts\/678660\/revisions"}],"wp:featuredmedia":[{"embeddable":true,"href":"https:\/\/www.europesays.com\/fr\/wp-json\/wp\/v2\/media\/678661"}],"wp:attachment":[{"href":"https:\/\/www.europesays.com\/fr\/wp-json\/wp\/v2\/media?parent=678660"}],"wp:term":[{"taxonomy":"category","embeddable":true,"href":"https:\/\/www.europesays.com\/fr\/wp-json\/wp\/v2\/categories?post=678660"},{"taxonomy":"post_tag","embeddable":true,"href":"https:\/\/www.europesays.com\/fr\/wp-json\/wp\/v2\/tags?post=678660"}],"curies":[{"name":"wp","href":"https:\/\/api.w.org\/{rel}","templated":true}]}}