{"id":678702,"date":"2026-01-21T09:05:09","date_gmt":"2026-01-21T09:05:09","guid":{"rendered":"https:\/\/www.europesays.com\/fr\/678702\/"},"modified":"2026-01-21T09:05:09","modified_gmt":"2026-01-21T09:05:09","slug":"marseille-amazon-lance-un-nouveau-service-de-livraison-de-courses-dans-ces-quartiers","status":"publish","type":"post","link":"https:\/\/www.europesays.com\/fr\/678702\/","title":{"rendered":"Marseille. Amazon lance un nouveau service de livraison de courses dans ces quartiers"},"content":{"rendered":"<p>                    Par<br \/>\n        <strong><br \/>\n            <a href=\"https:\/\/actu.fr\/auteur\/fabien-binacchi\" title=\"Consulter tous les articles de Fabien Binacchi\" target=\"_blank\" rel=\"noopener\">Fabien Binacchi<\/a><br \/>\n                    <\/strong><\/p>\n<p>        Publi\u00e9 le<\/p>\n<p>            21 janv. 2026 \u00e0 9h30        <\/p>\n<p>Une autre fa\u00e7on de <strong>faire ses courses, depuis son canap\u00e9.<\/strong> \u00c0 compter de ce mercredi 21 janvier 2026, <a href=\"https:\/\/actu.fr\/tag\/amazon\" target=\"_blank\" rel=\"noopener\">Amazon<\/a> livre les commandes pass\u00e9es dans le r\u00e9seau Chronodrive. Et dans le d\u00e9partement des <a href=\"https:\/\/actu.fr\/provence-alpes-cote-d-azur\/bouches-du-rhone_13\" target=\"_blank\" rel=\"noopener\">Bouches-du-Rh\u00f4ne,<\/a> trois secteurs sont concern\u00e9es. Notamment <a href=\"https:\/\/actu.fr\/marseille\/\" target=\"_blank\" rel=\"noopener\">Marseille.<\/a><\/p>\n<p class=\" wall-content\">Voici les zones \u00e9ligibles et comment commander.<\/p>\n<p>\u00c0 Aix, Marignane et Marseille<\/p>\n<p class=\" wall-content\">Le catalogue de Monoprix \u00e9tait d\u00e9j\u00e0 disponible, celui de Chronodrive d\u00e9barque en plus. L\u2019enseigne, qui permet de faire ses courses en ligne et de les r\u00e9cup\u00e9rer en voiture, passe aussi \u00e0 la livraison sur Amazon. Les quartiers situ\u00e9s autour des points de vente d\u2019<strong>Aix-en-Provence Le Tholonet, Marignane et Marseille-Saint-Menet<\/strong> sont \u00e9ligibles. Il suffit de <a href=\"https:\/\/www.amazon.fr\/alm\/storefront\/chronodrive?almBrandId=yO9gDEyFE0&amp;ref=chron_dsk_sn_logo-5844d\" target=\"_blank\" rel=\"noopener\">rentrer directement son adresse sur la plateforme<\/a> pour s\u2019en assurer.<\/p>\n<p class=\" wall-content\">Avec l\u2019arriv\u00e9e de ce service en partenariat avec Chronodrive, Amazon promet \u00ab\u2009plusieurs milliers de produits alimentaires et du quotidien<strong> \u00e0 des prix comp\u00e9titifs<\/strong>\u2009\u00bb.<\/p>\n<blockquote class=\"ac-article-quote wall-content\">\n<p>La boutique Chronodrive sur Amazon.fr propose des milliers de produits alimentaires et du quotidien : \u00e9picerie, fruits et l\u00e9gumes, produits frais et surgel\u00e9s, produits m\u00e9nagers, hygi\u00e8ne, beaut\u00e9, pu\u00e9riculture et animalerie. La gamme inclut \u00e9galement plus de 2300 produits de la marque Auchan \u00e0 prix accessibles.<\/p>\n<p>    <strong>Amazon et Chronodrive<\/strong>\n            <\/p><\/blockquote>\n<p>Livraison le jour m\u00eame ou \u00e0 une date choisie<\/p>\n<p class=\" wall-content\">La r\u00e9ception des commandes est possible le jour m\u00eame, <strong>sept jours sur sept,<\/strong> sur des cr\u00e9neaux choisis de deux heures. \u00ab\u2009Sous r\u00e9serve de disponibilit\u00e9, les livraisons les plus rapides peuvent \u00eatre effectu\u00e9es deux heures apr\u00e8s la commande, pour <strong>un achat minimum de 50\u00a0euros<\/strong>\u2009\u00bb, promettent m\u00eame les deux enseignes.<\/p>\n<p class=\" wall-content\">Le co\u00fbt du service varie en fonction du panier\u2009: 7,90\u00a0euros entre 50 et 100\u00a0euros, 3,90\u00a0euros de 100 \u00e0 150\u00a0euros et 1,90 au-del\u00e0 de 150\u00a0euros. Et c\u2019est gratuit pour les membres Prime d\u00e8s 150\u00a0euros. \u00c0 noter que, \u00e0 l\u2019occasion du lancement, la livraison est gratuite pour tous <strong>jusqu\u2019\u00e0 mi-f\u00e9vrier<\/strong> pour toute commande \u00e0 partir de 50\u00a0euros.<\/p>\n<p>Votre r\u00e9gion, votre actu !<\/p>\n<p>Recevez chaque jour les infos qui comptent pour vous.<\/p>\n<p>\t<a href=\"https:\/\/actu.fr\/newsletter\" class=\"ac-btn ac-btn--corner ac-btn--medium ac-btn--blue800\" target=\"_blank\" rel=\"noopener\">S&rsquo;incrire<\/a><\/p>\n<p class=\" wall-content\">\u00ab\u2009Nous cherchons en permanence \u00e0 enrichir notre s\u00e9lection, et ce partenariat offre aux clients d\u2019Amazon de nouvelles possibilit\u00e9s pour leurs achats du quotidien, tout en b\u00e9n\u00e9ficiant de la praticit\u00e9 d\u2019une livraison rapide \u00e0 domicile\u2009\u00bb, loue Christophe Benoist, responsable des partenariats alimentaires d\u2019Amazon en France.<\/p>\n<p class=\" wall-content\">Personnalisez votre actualit\u00e9 en ajoutant vos villes et m\u00e9dias en favori avec <a href=\"https:\/\/moncompte.actu.fr\" title=\"D\u00e9couvez Mon Actu\" rel=\"nofollow noopener\" data-trk=\"{&quot;cta&quot;:{&quot;action&quot;:&quot;https:\\\/\\\/moncompte.actu.fr&quot;,&quot;category&quot;:&quot;mon compte&quot;,&quot;from&quot;:&quot;article footer&quot;,&quot;name&quot;:&quot;Mon actu&quot;,&quot;type&quot;:&quot;cta&quot;}}\" target=\"_blank\">Mon Actu<\/a>.<\/p>\n","protected":false},"excerpt":{"rendered":"Par Fabien Binacchi Publi\u00e9 le 21 janv. 2026 \u00e0 9h30 Une autre fa\u00e7on de faire ses courses, depuis&hellip;\n","protected":false},"author":2,"featured_media":678703,"comment_status":"","ping_status":"","sticky":false,"template":"","format":"standard","meta":{"footnotes":""},"categories":[2814],"tags":[1111,11,4239,215,1777,674,1011,27,1305,884,12,882,25,22909],"class_list":{"0":"post-678702","1":"post","2":"type-post","3":"status-publish","4":"format-standard","5":"has-post-thumbnail","7":"category-marseille","8":"tag-actu","9":"tag-actualites","10":"tag-amazon","11":"tag-commerce","12":"tag-eu","13":"tag-europe","14":"tag-fr","15":"tag-france","16":"tag-lifestyle","17":"tag-marseille","18":"tag-news","19":"tag-provence-alpes-cote-dazur","20":"tag-republique-francaise","21":"tag-vente-en-ligne"},"share_on_mastodon":{"url":"","error":""},"_links":{"self":[{"href":"https:\/\/www.europesays.com\/fr\/wp-json\/wp\/v2\/posts\/678702","targetHints":{"allow":["GET"]}}],"collection":[{"href":"https:\/\/www.europesays.com\/fr\/wp-json\/wp\/v2\/posts"}],"about":[{"href":"https:\/\/www.europesays.com\/fr\/wp-json\/wp\/v2\/types\/post"}],"author":[{"embeddable":true,"href":"https:\/\/www.europesays.com\/fr\/wp-json\/wp\/v2\/users\/2"}],"replies":[{"embeddable":true,"href":"https:\/\/www.europesays.com\/fr\/wp-json\/wp\/v2\/comments?post=678702"}],"version-history":[{"count":0,"href":"https:\/\/www.europesays.com\/fr\/wp-json\/wp\/v2\/posts\/678702\/revisions"}],"wp:featuredmedia":[{"embeddable":true,"href":"https:\/\/www.europesays.com\/fr\/wp-json\/wp\/v2\/media\/678703"}],"wp:attachment":[{"href":"https:\/\/www.europesays.com\/fr\/wp-json\/wp\/v2\/media?parent=678702"}],"wp:term":[{"taxonomy":"category","embeddable":true,"href":"https:\/\/www.europesays.com\/fr\/wp-json\/wp\/v2\/categories?post=678702"},{"taxonomy":"post_tag","embeddable":true,"href":"https:\/\/www.europesays.com\/fr\/wp-json\/wp\/v2\/tags?post=678702"}],"curies":[{"name":"wp","href":"https:\/\/api.w.org\/{rel}","templated":true}]}}