{"id":678704,"date":"2026-01-21T09:06:13","date_gmt":"2026-01-21T09:06:13","guid":{"rendered":"https:\/\/www.europesays.com\/fr\/678704\/"},"modified":"2026-01-21T09:06:13","modified_gmt":"2026-01-21T09:06:13","slug":"marseille-impacts-de-balles-chez-orange-la-securite-en-jeu-la-direction-tranche-actu-marseille-dans-les-medias-presse","status":"publish","type":"post","link":"https:\/\/www.europesays.com\/fr\/678704\/","title":{"rendered":"Marseille. Impacts de balles chez Orange : la &lsquo;s\u00e9curit\u00e9&rsquo; en jeu, la direction tranche &#8211; Actu Marseille | Dans les m\u00e9dias | Presse"},"content":{"rendered":"<p class=\"uk-margin-small-top uk-margin-remove-bottom uk-article-meta\">\n                R\u00e9dig\u00e9 par St\u00e9phanie CRESPIN le 21 janvier 2026.                Publi\u00e9 dans <a href=\"https:\/\/www.cfecgc-orange.org\/revue-de-presse\/\" target=\"_blank\" rel=\"noopener\">Dans les m\u00e9dias<\/a>.            <\/p>\n<p>\t\t\t\t        \t\t\t\t            <img loading=\"lazy\" decoding=\"async\" src=\"https:\/\/www.europesays.com\/fr\/wp-content\/uploads\/2026\/01\/batimarseille.jpg\" alt=\"batimarseille\" width=\"605\" height=\"403\"\/><br \/>\nOrange fait d\u00e9m\u00e9nager 300 de ses salari\u00e9s marseillais apr\u00e8s la d\u00e9couverte d&rsquo;impacts de balles sur ses bureaux, annonce l\u2019op\u00e9rateur ce lundi 19 janvier 2026.<\/p>\n<p>[&#8230;]<\/p>\n<p>\u00ab\u2009L\u2019objectif aujourd\u2019hui, c\u2019est la s\u00fbret\u00e9 et la s\u00e9curit\u00e9\u2009\u00bb. Apr\u00e8s <a href=\"https:\/\/actu.fr\/provence-alpes-cote-d-azur\/marseille_13055\/marseille-impacts-de-balles-sur-le-siege-d-orange-l-entreprise-prend-une-decision-radicale_63666502.html\" target=\"_blank\" rel=\"noopener\">les impacts de balles d\u00e9couverts<\/a> sur son site de Saint-Mauront, dans le 3e arrondissement de <a href=\"https:\/\/actu.fr\/marseille\/\" target=\"_blank\" rel=\"noopener\">Marseille,<\/a> Orange fait <strong>d\u00e9m\u00e9nager 300 de ses salari\u00e9s,<\/strong> annonce l\u2019op\u00e9rateur ce lundi 19 janvier 2026.<br \/>[&#8230;]<\/p>\n<p>Selon S\u00e9bastien Crozier d\u00e9l\u00e9gu\u00e9 CFE-CGC, la plupart des techniciens viennent en voiture et travaillent en sous-sol, ce qui minimise les risques.<br \/>[&#8230;]<\/p>\n<p><strong>Lire l&rsquo;article complet sur <a href=\"https:\/\/actu.fr\/provence-alpes-cote-d-azur\/marseille_13055\/marseille-impacts-de-balles-chez-orange-la-securite-en-jeu-la-direction-tranche_63716943.html\" target=\"_blank\" rel=\"noopener\">Actu Marseille<\/a> (abonn\u00e9) &#8211; Fabien Binacchi &#8211; 19\/01\/2026<\/strong><\/p>\n<p>\u00a0<\/p>\n<p>\t\t\t\t\t\t\t\t\t\t\t\t<a href=\"https:\/\/www.cfecgc-orange.org\/tag\/key-cit-conditions.html\" class=\"my-tag\" property=\"keywords\" target=\"_blank\" rel=\"noopener\">Conditions de Travail et Sant\u00e9<\/a><br \/>\n\t\t\t\t\t\t\t\t\t\t\t\t\t\t<a href=\"https:\/\/www.cfecgc-orange.org\/tag\/key-do-gse.html\" class=\"my-tag\" property=\"keywords\" target=\"_blank\" rel=\"noopener\">DO Grand Sud-Est<\/a>\n\t\t\t<\/p>\n","protected":false},"excerpt":{"rendered":"R\u00e9dig\u00e9 par St\u00e9phanie CRESPIN le 21 janvier 2026. Publi\u00e9 dans Dans les m\u00e9dias. Orange fait d\u00e9m\u00e9nager 300 de&hellip;\n","protected":false},"author":2,"featured_media":678705,"comment_status":"","ping_status":"","sticky":false,"template":"","format":"standard","meta":{"footnotes":""},"categories":[2814],"tags":[1111,11,33781,68592,32577,68593,68594,68597,32581,1777,674,6248,1011,27,964,68595,68596,884,12,68598,738,882,25,68599,34263,68590,68591,11564],"class_list":{"0":"post-678704","1":"post","2":"type-post","3":"status-publish","4":"format-standard","5":"has-post-thumbnail","7":"category-marseille","8":"tag-actu","9":"tag-actualites","10":"tag-cadre","11":"tag-cfe","12":"tag-cfe-cgc","13":"tag-cfecgc","14":"tag-cgc","15":"tag-droit-prive","16":"tag-encadrement","17":"tag-eu","18":"tag-europe","19":"tag-fonctionnaire","20":"tag-fr","21":"tag-france","22":"tag-france-telecom","23":"tag-ft","24":"tag-ft-sa","25":"tag-marseille","26":"tag-news","27":"tag-non-cadre","28":"tag-orange","29":"tag-provence-alpes-cote-dazur","30":"tag-republique-francaise","31":"tag-sebastien-crozier","32":"tag-section","33":"tag-sncgc","34":"tag-sncgc-ft","35":"tag-syndicat"},"share_on_mastodon":{"url":"https:\/\/pubeurope.com\/@fr\/115932298187910757","error":""},"_links":{"self":[{"href":"https:\/\/www.europesays.com\/fr\/wp-json\/wp\/v2\/posts\/678704","targetHints":{"allow":["GET"]}}],"collection":[{"href":"https:\/\/www.europesays.com\/fr\/wp-json\/wp\/v2\/posts"}],"about":[{"href":"https:\/\/www.europesays.com\/fr\/wp-json\/wp\/v2\/types\/post"}],"author":[{"embeddable":true,"href":"https:\/\/www.europesays.com\/fr\/wp-json\/wp\/v2\/users\/2"}],"replies":[{"embeddable":true,"href":"https:\/\/www.europesays.com\/fr\/wp-json\/wp\/v2\/comments?post=678704"}],"version-history":[{"count":0,"href":"https:\/\/www.europesays.com\/fr\/wp-json\/wp\/v2\/posts\/678704\/revisions"}],"wp:featuredmedia":[{"embeddable":true,"href":"https:\/\/www.europesays.com\/fr\/wp-json\/wp\/v2\/media\/678705"}],"wp:attachment":[{"href":"https:\/\/www.europesays.com\/fr\/wp-json\/wp\/v2\/media?parent=678704"}],"wp:term":[{"taxonomy":"category","embeddable":true,"href":"https:\/\/www.europesays.com\/fr\/wp-json\/wp\/v2\/categories?post=678704"},{"taxonomy":"post_tag","embeddable":true,"href":"https:\/\/www.europesays.com\/fr\/wp-json\/wp\/v2\/tags?post=678704"}],"curies":[{"name":"wp","href":"https:\/\/api.w.org\/{rel}","templated":true}]}}