{"id":678737,"date":"2026-01-21T09:24:15","date_gmt":"2026-01-21T09:24:15","guid":{"rendered":"https:\/\/www.europesays.com\/fr\/678737\/"},"modified":"2026-01-21T09:24:15","modified_gmt":"2026-01-21T09:24:15","slug":"kuoni-france-dertour-renforce-sa-gouvernance","status":"publish","type":"post","link":"https:\/\/www.europesays.com\/fr\/678737\/","title":{"rendered":"Kuoni France\/Dertour renforce sa gouvernance"},"content":{"rendered":"<p>\t\t\t\t\t\t\t\t\t\tKuoni France\/Dertour renforce sa gouvernance<\/p>\n<p><\/p>\n<p>\t\t\t\t\t\t\t\t\t\t\t\t<a href=\"https:\/\/www.europesays.com\/fr\/wp-content\/uploads\/2026\/01\/Gonzague-de-Gelis-Kuoni.jpg\" class=\"lightbox-photo\" title=\"\"><img decoding=\"async\" src=\"https:\/\/www.europesays.com\/fr\/wp-content\/uploads\/2026\/01\/Gonzague-de-Gelis-Kuoni.jpg\" alt=\"\" width=\"865\" style=\"width:865px;box-shadow: 0px 0px 10px 1px rgba(0,0,0,1);\"\/><\/a><\/p>\n<p>\t\t\t\t\t\t\t\t\t\t&#13;<br \/>\n\t\t\t\t\t\t\t\t\t\t&#13;<br \/>\n\t\t\t\t\t\t\t\t\t\t\t21 janvier 2026\u00a0\u00a0&#13;<br \/>\n\t\t\t\t\t\t\t\t\t\t\t&#13;<br \/>\n\t\t\t\t\t\t\t\t\t\t\t<a href=\"https:\/\/www.laquotidienne.fr\/author\/preibec\/\" title=\"Articles par R\u00e9daction\" rel=\"author noopener\" target=\"_blank\">R\u00e9daction<\/a>\u00a0\u00a0&#13;<br \/>\n\t\t\t\t\t\t\t\t\t\t\t&#13;<br \/>\n\t\t\t\t\t\t\t\t\t\t\t&#13;<br \/>\n\t\t\t\t\t\t\t\t\t\t\t<a href=\"#comments\" class=\"scrollTo item-meta-i\"><\/a><a href=\"https:\/\/www.laquotidienne.fr\/kuoni-france-dertour-renforce-sa-gouvernance\/#respond\" target=\"_blank\" rel=\"noopener\">Aucun commentaire<\/a>\u00a0\u00a0&#13;<br \/>\n\t\t\t\t\t\t\t\t\t\t\t&#13;<br \/>\n\t\t\t\t\t\t\t\t\t\t\t<a href=\"https:\/\/www.laquotidienne.fr\/rubrique\/people\/\" rel=\"category tag noopener\" target=\"_blank\">People<\/a>\u00a0\u00a0&#13;<br \/>\n\t\t\t\t\t\t\t\t\t\t\t&#13;<br \/>\n\t\t\t\t\t\t\t\t\t\t\t\u00a0<a href=\"https:\/\/www.laquotidienne.fr\/tag\/dertour-france\/\" rel=\"tag noopener\" target=\"_blank\">Dertour France<\/a>, <a href=\"https:\/\/www.laquotidienne.fr\/tag\/gonzague-de-gelis\/\" rel=\"tag noopener\" target=\"_blank\">Gonzague de G\u00e9lis<\/a>, <a href=\"https:\/\/www.laquotidienne.fr\/tag\/hanan-bazzouz\/\" rel=\"tag noopener\" target=\"_blank\">Hanan Bazzouz<\/a>, <a href=\"https:\/\/www.laquotidienne.fr\/tag\/kuoni\/\" rel=\"tag noopener\" target=\"_blank\">Kuoni<\/a>, <a href=\"https:\/\/www.laquotidienne.fr\/tag\/matthieu-mariotti\/\" rel=\"tag noopener\" target=\"_blank\">Matthieu Mariotti<\/a>, <a href=\"https:\/\/www.laquotidienne.fr\/tag\/maurice\/\" rel=\"tag noopener\" target=\"_blank\">Maurice<\/a>, <a href=\"https:\/\/www.laquotidienne.fr\/tag\/michel-quenot\/\" rel=\"tag noopener\" target=\"_blank\">Michel Quenot<\/a>\u00a0\u00a0&#13;<br \/>\n\t\t\t\t\t\t\t\t\t\t\t&#13;<br \/>\n\t\t\t\t\t\t\t\t\t\t\t\t\t\t\t\t\t\t\t\t\t\t\t\u00a01521 vues&#13;<br \/>\n\t\t\t\t\t\t\t\t\t\t\t&#13;<br \/>\n\t\t\t\t\t\t\t\t\t\t\t&#13;<\/p>\n<p><strong>Dertour France annonce plusieurs \u00e9volutions majeures au sein de son organisation, illustrant sa volont\u00e9 de renforcer sa gouvernance et d\u2019accompagner durablement son d\u00e9veloppement.<br \/><\/strong><br \/><strong><img decoding=\"async\" loading=\"lazy\" class=\"size-full wp-image-167926 alignleft\" src=\"https:\/\/www.europesays.com\/fr\/wp-content\/uploads\/2026\/01\/dertour-france-kuoni-Hanan-Bazzouz-Noemie-Carteret.jpg\" alt=\"\" width=\"640\" height=\"352\"  \/>Hanan Bazzouz<\/strong> reprend les fonctions de Directrice Administrative et Financi\u00e8re de Dertour France, elle int\u00e8gre la soci\u00e9t\u00e9 le 20 janvier 2026.<\/p>\n<p>Elle succ\u00e8de \u00e0 Gonzague de Gelis, qui a pris la Pr\u00e9sidence de Dertour France au 1er janvier 2026.<\/p>\n<p>Dipl\u00f4m\u00e9e d\u2019un Master en contr\u00f4le de gestion et d\u2019une sp\u00e9cialisation en direction financi\u00e8re \u00e0 l\u2019ESSEC, Hanan Bazzouz a construit un parcours solide au sein de groupes internationaux de premier plan tels que Philips et Deloitte, o\u00f9 elle a d\u00e9velopp\u00e9 une forte expertise en pilotage de la performance financi\u00e8re.<\/p>\n<p>En 2009, elle rejoint le groupe Thomas Cook, au sein duquel elle \u00e9volue pendant plus de dix ans \u00e0 travers diff\u00e9rentes fonctions financi\u00e8res, jusqu\u2019au poste de Directrice du contr\u00f4le de gestion. En 2021, elle poursuit sa carri\u00e8re dans le secteur industriel en int\u00e9grant le groupe allemand Weidm\u00fcller en tant que Responsable Administrative et Financi\u00e8re.<\/p>\n<p><strong><img decoding=\"async\" loading=\"lazy\" class=\"size-full wp-image-167925 alignleft\" src=\"https:\/\/www.europesays.com\/fr\/wp-content\/uploads\/2026\/01\/Michel-Quenot-Matthieu-Mariotti-Dertour-France-Kuoni.jpg\" alt=\"\" width=\"640\" height=\"445\"  \/>Matthieu Mariotti<\/strong> est nomm\u00e9 Directeur du Tour Operating.<\/p>\n<p>Cette promotion interne vient r\u00e9compenser un parcours entam\u00e9 en 2011 au sein du Groupe Kuoni France, marqu\u00e9 par un engagement constant et une connaissance approfondie des m\u00e9tiers du tour operating.<\/p>\n<p>Dans ce contexte, <strong>No\u00e9mie Carteret<\/strong> est nomm\u00e9e Directrice de Production et succ\u00e8de \u00e0 Matthieu Mariotti.<\/p>\n<p>Dipl\u00f4m\u00e9e en Master Management du Tourisme et des Loisirs, No\u00e9mie d\u00e9bute sa carri\u00e8re au sein du Groupe Kuoni France en 2012.<\/p>\n<p><img decoding=\"async\" loading=\"lazy\" class=\"size-full wp-image-114478 alignleft\" src=\"https:\/\/www.europesays.com\/fr\/wp-content\/uploads\/2026\/01\/kuonicup-ile-maurice-juin-2018-b.jpg\" alt=\"\" width=\"640\" height=\"480\"  \/> Apr\u00e8s plusieurs ann\u00e9es d\u2019\u00e9volution, elle rejoint le service production en 2018.<\/p>\n<p>Pendant sept ann\u00e9es en tant que Chef de Produits, elle pilote des destinations embl\u00e9matiques telles que l\u2019\u00c9gypte et la Laponie.<\/p>\n<p>Par ailleurs, Michel Quenot est nomm\u00e9 Directeur du D\u00e9veloppement.<\/p>\n<p>Il aura pour mission d\u2019accompagner la strat\u00e9gie de croissance de Dertour France et de renforcer son rayonnement sur ses march\u00e9s cl\u00e9s.<\/p>\n<p>\u00ab Je suis tr\u00e8s heureux d\u2019accueillir Hanan au sein de nos \u00e9quipes et de voir \u00e9voluer Matthieu, No\u00e9mie et Michel vers ces nouvelles responsabilit\u00e9s.<\/p>\n<p>Ces nominations illustrent \u00e0 la fois la richesse des parcours internes et externe, ainsi que la f\u00e9minisation de notre Direction, reflet de l\u2019engagement de Dertour France en faveur de la diversit\u00e9 et de l\u2019\u00e9galit\u00e9 professionnelle \u00bb d\u00e9clare Gonzague de Gelis, Pr\u00e9sident de Dertour France.<\/p>\n<p>\t\t\t\t\t\t\t\t\t\t\t<br clear=\"all\"\/><\/p>\n<p>\t\t\t\t\t\t\t\t\t\t\t&#13;<br \/>\n\t\t\t\t\t\t\t\t\t\t\t\t\t\t\t\t\t\t\t\t\t\t<a href=\"https:\/\/www.facebook.com\/sharer.php?u=https:\/\/www.laquotidienne.fr\/kuoni-france-dertour-renforce-sa-gouvernance\/&amp;t=Kuoni France\/Dertour renforce sa gouvernance\" target=\"_blank\" class=\"item\" title=\"Partagez sur Facebook\" rel=\"noopener\"><img decoding=\"async\" src=\"https:\/\/www.europesays.com\/fr\/wp-content\/uploads\/2025\/04\/fb.jpg\" style=\"box-shadow:0px 0px 10px black;\"\/><\/a><br \/>&#13;<br \/>\n\t\t\t\t\t\t\t\t\t\t\t<a href=\"https:\/\/www.facebook.com\/sharer.php?u=https:\/\/www.laquotidienne.fr\/kuoni-france-dertour-renforce-sa-gouvernance\/&amp;t=Kuoni France\/Dertour renforce sa gouvernance\" target=\"_blank\" class=\"item\" title=\"Partagez sur Facebook\" rel=\"noopener\"><img decoding=\"async\" src=\"https:\/\/www.europesays.com\/fr\/wp-content\/uploads\/2026\/01\/Gonzague-de-Gelis-Kuoni-resizedFile55.jpg\" style=\"width:300px;\"\/><\/a>&#13;<\/p>\n<p>&#13;\n\t\t\t\t\t\t\t\t\t\t<\/p>\n","protected":false},"excerpt":{"rendered":"Kuoni France\/Dertour renforce sa gouvernance &#13; &#13; 21 janvier 2026\u00a0\u00a0&#13; &#13; R\u00e9daction\u00a0\u00a0&#13; &#13; &#13; Aucun commentaire\u00a0\u00a0&#13; &#13; People\u00a0\u00a0&#13;&hellip;\n","protected":false},"author":2,"featured_media":678738,"comment_status":"","ping_status":"","sticky":false,"template":"","format":"standard","meta":{"footnotes":""},"categories":[4],"tags":[11,1011,27,1031,4052,12,4048,4050,1404,4049,25,4053,4051,602],"class_list":{"0":"post-678737","1":"post","2":"type-post","3":"status-publish","4":"format-standard","5":"has-post-thumbnail","7":"category-france","8":"tag-actualites","9":"tag-fr","10":"tag-france","11":"tag-magazine","12":"tag-magazine-touristique","13":"tag-news","14":"tag-presse","15":"tag-presse-professionnelle","16":"tag-quotidien","17":"tag-quotidienne","18":"tag-republique-francaise","19":"tag-revue","20":"tag-revue-tourisme","21":"tag-tourisme"},"share_on_mastodon":{"url":"https:\/\/pubeurope.com\/@fr\/115932369196920719","error":""},"_links":{"self":[{"href":"https:\/\/www.europesays.com\/fr\/wp-json\/wp\/v2\/posts\/678737","targetHints":{"allow":["GET"]}}],"collection":[{"href":"https:\/\/www.europesays.com\/fr\/wp-json\/wp\/v2\/posts"}],"about":[{"href":"https:\/\/www.europesays.com\/fr\/wp-json\/wp\/v2\/types\/post"}],"author":[{"embeddable":true,"href":"https:\/\/www.europesays.com\/fr\/wp-json\/wp\/v2\/users\/2"}],"replies":[{"embeddable":true,"href":"https:\/\/www.europesays.com\/fr\/wp-json\/wp\/v2\/comments?post=678737"}],"version-history":[{"count":0,"href":"https:\/\/www.europesays.com\/fr\/wp-json\/wp\/v2\/posts\/678737\/revisions"}],"wp:featuredmedia":[{"embeddable":true,"href":"https:\/\/www.europesays.com\/fr\/wp-json\/wp\/v2\/media\/678738"}],"wp:attachment":[{"href":"https:\/\/www.europesays.com\/fr\/wp-json\/wp\/v2\/media?parent=678737"}],"wp:term":[{"taxonomy":"category","embeddable":true,"href":"https:\/\/www.europesays.com\/fr\/wp-json\/wp\/v2\/categories?post=678737"},{"taxonomy":"post_tag","embeddable":true,"href":"https:\/\/www.europesays.com\/fr\/wp-json\/wp\/v2\/tags?post=678737"}],"curies":[{"name":"wp","href":"https:\/\/api.w.org\/{rel}","templated":true}]}}