{"id":678745,"date":"2026-01-21T09:33:18","date_gmt":"2026-01-21T09:33:18","guid":{"rendered":"https:\/\/www.europesays.com\/fr\/678745\/"},"modified":"2026-01-21T09:33:18","modified_gmt":"2026-01-21T09:33:18","slug":"cdm-2026-le-roy-hesite-a-boycotter-maxifoot","status":"publish","type":"post","link":"https:\/\/www.europesays.com\/fr\/678745\/","title":{"rendered":"CdM 2026 : Le Roy h\u00e9site \u00e0 boycotter &#8211; Maxifoot"},"content":{"rendered":"<ol>\n<li><a href=\"https:\/\/news.google.com\/rss\/articles\/CBMif0FVX3lxTE1iMFZfemNWa0tJVnJ1UzAzbDZBWGFKZ1RONEo5Nmp5eEx5N19aQ2ZPcEZXR1FSUzVmRTZiYkFWZnVGdDhaOWFIeGRIZHFJS3dOZEhtOTg0em5WeVBZUW1YcjFJTTAwaGVhMUVLb1A1eTNfRUxPTUpVV1R3TGx6TzTSAX9BVV95cUxOWURMQ3ZMMjJHYlhzOHpGUDVSLVZGeDdvOHJOaGpEd0k1WTRCeEpHQ1JRT3JNZjJDRTBoX1Mwblc1WjNBVTFIVzJQbFl6SzVtczBVb3BzbTNWdTdncGlfaTA2ZmZnYTQxUmxBRmpkVFNmY1U5dHlOdDUxVzVKaTFz?oc=5\" target=\"_blank\" rel=\"noopener\">CdM 2026 : Le Roy h\u00e9site \u00e0 boycotter<\/a>&nbsp;&nbsp;Maxifoot<\/li>\n<li><a href=\"https:\/\/news.google.com\/rss\/articles\/CBMisgJBVV95cUxPSjRhME1IaHFlaEE4bU1CRl93TENYejRtMW8ya1dGM0VLXzdFMnVIMC1DMlpjWEdlaDM5Q3BMaGV1T1NTQUc1a3k3NUZFN2tSaENoYzBtV1ZhdG9mbWdhbXpNNWh3M1VaQzc0SWVQX2FINzIzUnBfM2RVT2ZEa3ZkUVp6OUs3LXpGQV9ZOE9fMnczVDNyOGtnU2lJN2huUnhueHdMbURGdTloTzViOU4weU00MGU4YXN3WERWdmhnelRJZ0d0dm8wVTd6WGJZVm5WSzdqRVdZRzdGWGVPaF93WXZMa1dTMnRPVjNBU1BlNDE3WkJ5eFh3dnF0eU5CdU5WeW9Vb2stU2hVdDVWdUtSQ1hqWHI2X0dKUDZvV0M3UkV6WWVrX1RHRkJ1NmtkaDhDZHc?oc=5\" target=\"_blank\" rel=\"noopener\">La France confirme \u00ab \u00e0 ce stade \u00bb sa pr\u00e9sence \u00e0 la Coupe du monde 206 aux Etats-Unis, malgr\u00e9 les tensions et les appels au boycott<\/a>&nbsp;&nbsp;Le Monde.fr<\/li>\n<li><a href=\"https:\/\/news.google.com\/rss\/articles\/CBMiogJBVV95cUxOWmRZT0s5WFV6Nl9HRGVlUXpwSlgwQjk1RmZkTHc4VHl3NEdUc2c3Z1lqZlJYTXNvMlNDZkF3Z0pXNDNSMFFMS2RYbUoxbzl2V0g1U3JYbFVSd2NQQUx2cGdnQ3M0N1FSaURvejZseUg4UzRmMUtLS2Rab0RWRFJqNzQ2STRFWjRYZi1Hb2hkeTI0VHROZG9MZDVxbWRYQTU5RU1XRmluLVRHcEwwV000eWE3NXl6WHdNSWtDSVhhZlQ3V1RlYzNITG5RQTNMVi04TjBqVm80VENQdjh2cm1ZZDFUQVFJMVN5QlRwX2xQSG0zZHc0ZG5LWmhZaTVZTlJtX010X3RCSVBwVF8xN0p5THo0RjYycVJxLWYyTk5nWVQzZw?oc=5\" target=\"_blank\" rel=\"noopener\">\u00ab Pas de volont\u00e9 de boycott \u00bb : le minist\u00e8re des Sports \u00e9carte l&rsquo;id\u00e9e d&rsquo;un retrait de la France \u00e0 la Coupe du monde pour protester contre Donald Trump<\/a>&nbsp;&nbsp;L&rsquo;\u00c9quipe<\/li>\n<li><a href=\"https:\/\/news.google.com\/rss\/articles\/CBMi3wFBVV95cUxPcWVYY3ZMWjAxNGZoNHVkS0VDMy16a3NQVGhQTTNUZGxuMHdnZVAxbGs0RzF2RC1UdEQtOVE1SWRxWWlNSnRBMTdqOHlyazNVN1JEV05ydFJFZmF6NkRSRHJPWWJJdUYxT2JQRkhBc2x1UDRmTXZfbE1KYjhpTjhGNzdJMVJPMVRxNlVLclR2YWJRM3lFaDhGNnhaamNzanBWVTBvemJ5Rmd2eENQVjZXaWtRRGs3MHgwTWNfUFhuQUlKdm11RVd5Q1kxRUU4SXlNcy1XVHVhaW50b2xaZGtZ?oc=5\" target=\"_blank\" rel=\"noopener\">Face \u00e0 Trump, les Allemands songent \u00e0 boycotter la coupe du monde de football<\/a>&nbsp;&nbsp;Courrier international<\/li>\n<li><a href=\"https:\/\/news.google.com\/rss\/articles\/CBMiggJBVV95cUxQeV9qaG5QRUtsT0NhSFdkTjZMUE1nRE1jcE1XM2xNTkdVODFidHBScmlSWktfQlQ2YnVBbC1MNXZ6OVlabzFubzJPSkFZa01yNlpZVGswYkc1X1dYdExSSnY1LVNwanhzaWNyOWRseHhrc01vcHRIQWJqUk91MUFDQi15djV6d1VpdWpLVFI2cENBSGpDLUhTUWpOOG5xeEVBQkFNbGxZSE1jLWlXSVRGSDJzeWZjdkdpeVFyVlBFcmFHUnZ2eXJHekZaOTdXNE9fWFg3b2xRVXZVNDhvcTRGa2FLWm9RZWxjTjFzY2J1NmRzMFRuT05VYzFRS290MHhvS2c?oc=5\" target=\"_blank\" rel=\"noopener\">\u00ab La question se pose s\u00e9rieusement \u00bb : de premiers appels au boycott du Mondial 2026 \u00e9mergent<\/a>&nbsp;&nbsp;charentelibre.fr<\/li>\n<\/ol>\n","protected":false},"excerpt":{"rendered":"CdM 2026 : Le Roy h\u00e9site \u00e0 boycotter&nbsp;&nbsp;Maxifoot La France confirme \u00ab \u00e0 ce stade \u00bb sa pr\u00e9sence&hellip;\n","protected":false},"author":2,"featured_media":678746,"comment_status":"","ping_status":"","sticky":false,"template":"","format":"standard","meta":{"footnotes":""},"categories":[1410],"tags":[2266,2262,2261,1981,83,2260,451,2263,462,2269,2257,63,1011,27,2265,1441,453,66,447,2267,955,2268,241,149,70,1817,93,2264,2258,2259,60,969,455],"class_list":{"0":"post-678745","1":"post","2":"type-post","3":"status-publish","4":"format-standard","5":"has-post-thumbnail","7":"category-football","8":"tag-as-monaco","9":"tag-bundesligua","10":"tag-calcio","11":"tag-classement","12":"tag-coupe-de-france","13":"tag-coupe-de-la-ligue","14":"tag-coupe-du-monde","15":"tag-equipe","16":"tag-fc-nantes","17":"tag-fifa","18":"tag-foot","19":"tag-football","20":"tag-fr","21":"tag-france","22":"tag-girondins-bordeaux","23":"tag-joueur","24":"tag-liga","25":"tag-ligue-1","26":"tag-ligue-des-champions","27":"tag-losc","28":"tag-match","29":"tag-ogc-nice","30":"tag-ol","31":"tag-om","32":"tag-premier-league","33":"tag-pronostic","34":"tag-psg","35":"tag-rc-lens","36":"tag-resultat","37":"tag-score","38":"tag-sports","39":"tag-transfert","40":"tag-uefa"},"share_on_mastodon":{"url":"https:\/\/pubeurope.com\/@fr\/115932404507790142","error":""},"_links":{"self":[{"href":"https:\/\/www.europesays.com\/fr\/wp-json\/wp\/v2\/posts\/678745","targetHints":{"allow":["GET"]}}],"collection":[{"href":"https:\/\/www.europesays.com\/fr\/wp-json\/wp\/v2\/posts"}],"about":[{"href":"https:\/\/www.europesays.com\/fr\/wp-json\/wp\/v2\/types\/post"}],"author":[{"embeddable":true,"href":"https:\/\/www.europesays.com\/fr\/wp-json\/wp\/v2\/users\/2"}],"replies":[{"embeddable":true,"href":"https:\/\/www.europesays.com\/fr\/wp-json\/wp\/v2\/comments?post=678745"}],"version-history":[{"count":0,"href":"https:\/\/www.europesays.com\/fr\/wp-json\/wp\/v2\/posts\/678745\/revisions"}],"wp:featuredmedia":[{"embeddable":true,"href":"https:\/\/www.europesays.com\/fr\/wp-json\/wp\/v2\/media\/678746"}],"wp:attachment":[{"href":"https:\/\/www.europesays.com\/fr\/wp-json\/wp\/v2\/media?parent=678745"}],"wp:term":[{"taxonomy":"category","embeddable":true,"href":"https:\/\/www.europesays.com\/fr\/wp-json\/wp\/v2\/categories?post=678745"},{"taxonomy":"post_tag","embeddable":true,"href":"https:\/\/www.europesays.com\/fr\/wp-json\/wp\/v2\/tags?post=678745"}],"curies":[{"name":"wp","href":"https:\/\/api.w.org\/{rel}","templated":true}]}}