{"id":678753,"date":"2026-01-21T09:40:18","date_gmt":"2026-01-21T09:40:18","guid":{"rendered":"https:\/\/www.europesays.com\/fr\/678753\/"},"modified":"2026-01-21T09:40:18","modified_gmt":"2026-01-21T09:40:18","slug":"saint-gaudens-rural-un-film-sur-lagriculture-et-les-ultras-de-la64","status":"publish","type":"post","link":"https:\/\/www.europesays.com\/fr\/678753\/","title":{"rendered":"Saint-Gaudens. Rural, un film sur l\u2019agriculture et les Ultras de l\u2019A64"},"content":{"rendered":"<p>\n                                                                    l&rsquo;essentiel<br \/>\n                                                                J\u00e9r\u00f4me Bayle est \u00e0 l\u2019affiche du film Rural. Lors d\u2019une s\u00e9ance en avant-premi\u00e8re au Cin\u00e9ma le R\u00e9gent, Edouard Bergeon, r\u00e9alisateur, s\u2019est expliqu\u00e9 sur son inspiration.\n                            <\/p>\n<p class=\"txt-question\">Depuis combien de temps travaillez-vous sur ce film ?<\/p>\n<p>Un peu plus d\u2019un an et demi. Tout a commenc\u00e9 au moment des col\u00e8res agricoles. C\u2019est l\u00e0 que le projet a germ\u00e9.<\/p>\n<p class=\"txt-question\">Comment vous est venue l\u2019id\u00e9e de suivre J\u00e9r\u00f4me Bayle ?<\/p>\n<p>Je travaillais avec le sociologue Fran\u00e7ois Purseigle sur un pr\u00e9c\u00e9dent documentaire. \u00c0 l\u2019\u00e9poque, la figure de J\u00e9r\u00f4me \u00e9mergeait. Quand le mouvement s\u2019est calm\u00e9, j\u2019ai vu qu\u2019il ne disparaissait pas mais cr\u00e9ait une association. Le film entre vraiment dans son intimit\u00e9. C\u2019est le portrait d\u2019une agriculture familiale qui refuse de mourir. J\u00e9r\u00f4me vit seul avec sa m\u00e8re de 75 ans, affaiblie par des AVC. Le film montre une France agricole fragile, mais debout.<\/p>\n<p class=\"txt-question\">L\u2019histoire prend un tournant inattendu en cours de route ?<\/p>\n<p>Exactement. J\u00e9r\u00f4me loue une maison \u00e0 une femme et ses deux enfants, des citadins qui n\u2019avaient jamais mis les pieds dans une ferme. On voit leur transformation : au d\u00e9but riv\u00e9s sur leurs consoles, ils finissent par participer \u00e0 la vie de l\u2019exploitation. C\u2019est un film sur la reconstruction de J\u00e9r\u00f4me \u00e0 travers les autres et sur la force du collectif, notamment avec le mouvement des \u00ab\u00a0Ultras\u00a0\u00bb.<\/p>\n<p class=\"txt-question\">Vous tournez souvent autour du monde agricole. C\u2019est une mission pour vous ?<\/p>\n<p>Je parle d\u2019o\u00f9 je viens. J\u2019aurais voulu reprendre la ferme familiale mais j\u2019ai pris une cam\u00e9ra. On sent un vrai d\u00e9sengagement des centres urbains vis-\u00e0-vis de la ruralit\u00e9. Je veux raconter ces territoires entre Toulouse et les Pyr\u00e9n\u00e9es.<\/p>\n<p class=\"txt-question\">Pourquoi avoir choisi un format cin\u00e9ma plut\u00f4t que t\u00e9l\u00e9vision ?<\/p>\n<p>Je voulais revenir \u00e0 l\u2019essentiel : la sinc\u00e9rit\u00e9 et la proximit\u00e9. J\u2019ai tourn\u00e9 presque seul, en mode \u00ab\u00a0pirate\u00a0\u00bb. C\u2019est du cin\u00e9ma dans le montage, le traitement de la lumi\u00e8re et des paysages. Je ne voulais pas un simple reportage, mais une \u0153uvre qui ouvre le d\u00e9bat en salle.<\/p>\n<p class=\"txt-question\">Vous multipliez les avant-premi\u00e8res. Qu\u2019attendez-vous de ces rencontres ?<\/p>\n<p>La base de mon travail. J\u2019aime aller au plus pr\u00e8s du public, m\u00eame dans les petites salles. Avec Au nom de la terre, j\u2019avais vu des gens revenir au cin\u00e9ma apr\u00e8s trente ans d\u2019absence, venant parfois directement du champ en bottes. Ma fiert\u00e9, c\u2019est de donner une place dans le r\u00e9cit national \u00e0 ces h\u00e9ros silencieux.<\/p>\n","protected":false},"excerpt":{"rendered":"l&rsquo;essentiel J\u00e9r\u00f4me Bayle est \u00e0 l\u2019affiche du film Rural. Lors d\u2019une s\u00e9ance en avant-premi\u00e8re au Cin\u00e9ma le R\u00e9gent,&hellip;\n","protected":false},"author":2,"featured_media":678754,"comment_status":"","ping_status":"","sticky":false,"template":"","format":"standard","meta":{"footnotes":""},"categories":[1354],"tags":[7196,872,58,59,1346,1011,27,2722,1360,76902],"class_list":{"0":"post-678753","1":"post","2":"type-post","3":"status-publish","4":"format-standard","5":"has-post-thumbnail","7":"category-films","8":"tag-cinu00e9ma","9":"tag-culture-et-loisirs","10":"tag-divertissement","11":"tag-entertainment","12":"tag-films","13":"tag-fr","14":"tag-france","15":"tag-haute-garonne","16":"tag-movies","17":"tag-saintgaudens"},"share_on_mastodon":{"url":"https:\/\/pubeurope.com\/@fr\/115932432076394856","error":""},"_links":{"self":[{"href":"https:\/\/www.europesays.com\/fr\/wp-json\/wp\/v2\/posts\/678753","targetHints":{"allow":["GET"]}}],"collection":[{"href":"https:\/\/www.europesays.com\/fr\/wp-json\/wp\/v2\/posts"}],"about":[{"href":"https:\/\/www.europesays.com\/fr\/wp-json\/wp\/v2\/types\/post"}],"author":[{"embeddable":true,"href":"https:\/\/www.europesays.com\/fr\/wp-json\/wp\/v2\/users\/2"}],"replies":[{"embeddable":true,"href":"https:\/\/www.europesays.com\/fr\/wp-json\/wp\/v2\/comments?post=678753"}],"version-history":[{"count":0,"href":"https:\/\/www.europesays.com\/fr\/wp-json\/wp\/v2\/posts\/678753\/revisions"}],"wp:featuredmedia":[{"embeddable":true,"href":"https:\/\/www.europesays.com\/fr\/wp-json\/wp\/v2\/media\/678754"}],"wp:attachment":[{"href":"https:\/\/www.europesays.com\/fr\/wp-json\/wp\/v2\/media?parent=678753"}],"wp:term":[{"taxonomy":"category","embeddable":true,"href":"https:\/\/www.europesays.com\/fr\/wp-json\/wp\/v2\/categories?post=678753"},{"taxonomy":"post_tag","embeddable":true,"href":"https:\/\/www.europesays.com\/fr\/wp-json\/wp\/v2\/tags?post=678753"}],"curies":[{"name":"wp","href":"https:\/\/api.w.org\/{rel}","templated":true}]}}