{"id":678765,"date":"2026-01-21T09:46:11","date_gmt":"2026-01-21T09:46:11","guid":{"rendered":"https:\/\/www.europesays.com\/fr\/678765\/"},"modified":"2026-01-21T09:46:11","modified_gmt":"2026-01-21T09:46:11","slug":"enorme-coup-de-filet-dans-le-trafic-de-drogues-de-synthese-en-europe-actualites","status":"publish","type":"post","link":"https:\/\/www.europesays.com\/fr\/678765\/","title":{"rendered":"Enorme coup de filet dans le trafic de drogues de synth\u00e8se en Europe : Actualit\u00e9s"},"content":{"rendered":"<p class=\"lead \">Europol a annonc\u00e9 mercredi le d\u00e9mant\u00e8lement d&rsquo;un important r\u00e9seau de production et de distribution de drogues de synth\u00e8se op\u00e9rant dans plusieurs pays europ\u00e9ens, lors de la \u00ab\u00a0plus vaste op\u00e9ration jamais men\u00e9e\u00a0\u00bb de ce type.<\/p>\n<p class=\"lead \">Les autorit\u00e9s des pays concern\u00e9s ont d\u00e9mantel\u00e9 24 laboratoires et saisi quelque 1.000 tonnes de produits chimiques servant \u00e0 la fabrication de drogues telles que la MDMA, l&rsquo;amph\u00e9tamine et la m\u00e9thamph\u00e9tamine.<\/p>\n<p class=\"lead \">\u00ab\u00a0Je travaille dans ce domaine depuis un certain temps. C&rsquo;est de loin la plus importante op\u00e9ration que nous ayons jamais men\u00e9e contre la production et la distribution de drogues de synth\u00e8se\u00a0\u00bb, a d\u00e9clar\u00e9 \u00e0 l&rsquo;AFP Andy Kraag, directeur du Centre europ\u00e9en de lutte contre la criminalit\u00e9 organis\u00e9e d&rsquo;Europol.<\/p>\n<p class=\"lead \">Au total, plus de 85 personnes ont \u00e9t\u00e9 arr\u00eat\u00e9es, dont les deux chefs pr\u00e9sum\u00e9s du r\u00e9seau, tous deux originaires de Pologne, a pr\u00e9cis\u00e9 M. Kraag.<\/p>\n<p class=\"lead \">\u00ab\u00a0Je pense qu&rsquo;il s&rsquo;agit d&rsquo;un v\u00e9ritable coup dur port\u00e9 aux groupes criminels impliqu\u00e9s dans le trafic de drogue, et plus particuli\u00e8rement de drogues de synth\u00e8se\u00a0\u00bb, a ajout\u00e9 M. Kraag.<\/p>\n<p class=\"lead \">Cette op\u00e9ration, qui a dur\u00e9 un an, a mobilis\u00e9 les polices de Belgique, de R\u00e9publique tch\u00e8que, d&rsquo;Allemagne, des Pays-Bas, de Pologne et d&rsquo;Espagne.<\/p>\n<p class=\"lead \">&#8211; Produits reconditionn\u00e9s &#8211;<\/p>\n<p class=\"lead \">Les soup\u00e7ons ont \u00e9t\u00e9 \u00e9veill\u00e9s en 2024 lorsque la police polonaise a rep\u00e9r\u00e9 un r\u00e9seau important de grandes quantit\u00e9s de produits chimiques l\u00e9gaux en provenance de Chine et d&rsquo;Inde.<\/p>\n<p class=\"lead \">L&rsquo;enqu\u00eate a r\u00e9v\u00e9l\u00e9 par la suite que ces produits \u00e9taient reconditionn\u00e9s, mal \u00e9tiquet\u00e9s et redistribu\u00e9s en Europe \u00e0 des laboratoires fabriquant des drogues de synth\u00e8se.<\/p>\n<p class=\"lead \">La majorit\u00e9 des personnes arr\u00eat\u00e9es sont polonaises, mais des ressortissants belges et n\u00e9erlandais seraient \u00e9galement impliqu\u00e9s dans ces op\u00e9rations criminelles, selon Europol, agence de police europ\u00e9enne bas\u00e9e \u00e0 La Haye.<\/p>\n<p class=\"lead \">Selon M. Kraag, l&rsquo;op\u00e9ration s&rsquo;inscrit dans une strat\u00e9gie de d\u00e9mant\u00e8lement de la cha\u00eene d&rsquo;approvisionnement visant \u00e0 tarir le secteur des drogues de synth\u00e8se \u00e0 la source.<\/p>\n<p class=\"lead \">\u00ab\u00a0Ces groupes criminels n&rsquo;ont plus d&rsquo;approvisionnement\u00a0\u00bb, a-t-il d\u00e9clar\u00e9 \u00e0 l&rsquo;AFP.<\/p>\n<p class=\"lead \">Outre les risques sanitaires li\u00e9s \u00e0 la consommation de ces drogues, M. Kraag a soulign\u00e9 les probl\u00e8mes connexes de violence, de corruption et de blanchiment d&rsquo;argent dans ce milieu criminel.<\/p>\n<p class=\"lead \">La production de drogues de synth\u00e8se a \u00e9galement un impact environnemental d\u00e9sastreux, a-t-il not\u00e9.<\/p>\n<p class=\"lead \">Les autorit\u00e9s ont saisi plus de 120.000 litres de d\u00e9chets chimiques toxiques que les criminels d\u00e9versent en g\u00e9n\u00e9ral sur les terres ou dans les cours d&rsquo;eau.<\/p>\n<p class=\"lead \">\u00ab\u00a0Aujourd&rsquo;hui, c&rsquo;est du profit pour les criminels. Demain, ce sera de la pollution\u00a0\u00bb, a soulign\u00e9 M. Kraag.<\/p>\n<p class=\"lead \">Les polices europ\u00e9ennes ont d&rsquo;autres cibles en ligne de mire suite \u00e0 cette op\u00e9ration r\u00e9ussie.<\/p>\n<p class=\"lead \">\u00ab\u00a0Il s&rsquo;agit de l&rsquo;un des plus importants (groupes) trafiquants. Mais ce n&rsquo;est pas le seul. Nous poursuivons donc nos recherches\u00a0\u00bb, a averti M. Kraag.<\/p>\n<p class=\"small font-weight-bold text-gray3 \"> publi\u00e9 le 21 janvier \u00e0 09h26, AFP<\/p>\n<p>                             Partager<\/p>\n","protected":false},"excerpt":{"rendered":"Europol a annonc\u00e9 mercredi le d\u00e9mant\u00e8lement d&rsquo;un important r\u00e9seau de production et de distribution de drogues de synth\u00e8se&hellip;\n","protected":false},"author":2,"featured_media":678766,"comment_status":"","ping_status":"","sticky":false,"template":"","format":"standard","meta":{"footnotes":""},"categories":[5],"tags":[11,3992,674,14230,1011,27,14,12,37765,1072,2437,28],"class_list":{"0":"post-678765","1":"post","2":"type-post","3":"status-publish","4":"format-standard","5":"has-post-thumbnail","7":"category-international","8":"tag-actualites","9":"tag-drogues","10":"tag-europe","11":"tag-europol","12":"tag-fr","13":"tag-france","14":"tag-international","15":"tag-news","16":"tag-paysbas","17":"tag-police","18":"tag-pologne","19":"tag-world"},"share_on_mastodon":{"url":"https:\/\/pubeurope.com\/@fr\/115932455452753847","error":""},"_links":{"self":[{"href":"https:\/\/www.europesays.com\/fr\/wp-json\/wp\/v2\/posts\/678765","targetHints":{"allow":["GET"]}}],"collection":[{"href":"https:\/\/www.europesays.com\/fr\/wp-json\/wp\/v2\/posts"}],"about":[{"href":"https:\/\/www.europesays.com\/fr\/wp-json\/wp\/v2\/types\/post"}],"author":[{"embeddable":true,"href":"https:\/\/www.europesays.com\/fr\/wp-json\/wp\/v2\/users\/2"}],"replies":[{"embeddable":true,"href":"https:\/\/www.europesays.com\/fr\/wp-json\/wp\/v2\/comments?post=678765"}],"version-history":[{"count":0,"href":"https:\/\/www.europesays.com\/fr\/wp-json\/wp\/v2\/posts\/678765\/revisions"}],"wp:featuredmedia":[{"embeddable":true,"href":"https:\/\/www.europesays.com\/fr\/wp-json\/wp\/v2\/media\/678766"}],"wp:attachment":[{"href":"https:\/\/www.europesays.com\/fr\/wp-json\/wp\/v2\/media?parent=678765"}],"wp:term":[{"taxonomy":"category","embeddable":true,"href":"https:\/\/www.europesays.com\/fr\/wp-json\/wp\/v2\/categories?post=678765"},{"taxonomy":"post_tag","embeddable":true,"href":"https:\/\/www.europesays.com\/fr\/wp-json\/wp\/v2\/tags?post=678765"}],"curies":[{"name":"wp","href":"https:\/\/api.w.org\/{rel}","templated":true}]}}