{"id":678775,"date":"2026-01-21T09:51:10","date_gmt":"2026-01-21T09:51:10","guid":{"rendered":"https:\/\/www.europesays.com\/fr\/678775\/"},"modified":"2026-01-21T09:51:10","modified_gmt":"2026-01-21T09:51:10","slug":"conference-mots-de-societe-une-victoire-du-pot-de-terre-contre-le-pot-de-fric-factuel","status":"publish","type":"post","link":"https:\/\/www.europesays.com\/fr\/678775\/","title":{"rendered":"Conf\u00e9rence Mots de Soci\u00e9t\u00e9 : Une victoire du pot de terre contre le pot de fric &#8211; Factuel"},"content":{"rendered":"<p>Temps de lecture : 2 minutes<\/p>\n<p>Informations pratiques<\/p>\n<p><strong>Localisation : <\/strong>2Ter Bd Charlemagne, 54000 Nancy<\/p>\n<p> <strong>Date de d\u00e9but :<\/strong> 05\/02\/2026 18:00 <strong>Date de fin : <\/strong> 05\/03\/2026 20:00<\/p>\n<p dir=\"ltr\" style=\"line-height: 1.7999999999999998;text-indent: 36pt;text-align: justify;margin-top: 12pt;margin-bottom: 0pt\">\u00a0Le cycle Mots de Soci\u00e9t\u00e9, organis\u00e9 par les \u00e9tudiants du BUT Information-Communication, parcours M\u00e9tiers du Livre option Librairie, accueille annuellement des conf\u00e9rences traitant de sujets d\u2019actualit\u00e9 et de d\u00e9bat.<\/p>\n<p dir=\"ltr\" style=\"line-height: 1.7999999999999998;text-indent: 36pt;text-align: justify;margin-top: 12pt;margin-bottom: 0pt\">C\u2019est dans ce contexte que l\u2019IUT Nancy-Charlemagne organise une rencontre avec Laure Lavigne Delville et Aur\u00e9lien Pascal Commeiras pour leur livre Une Victoire sur le b\u00e9ton aux \u00e9ditions Le Passager Clandestin (2025). Laure Lavigne Delville est assistante de recherche et ing\u00e9nieure d\u2019\u00e9tudes \u00e0 l\u2019Universit\u00e9 de Montr\u00e9al et \u00e0 l\u2019Institut d\u2019urbanisation de Lyon. Elle est \u00e0 la fois auteure et sc\u00e9nariste de ce tout premier livre, ouvrage engag\u00e9 sur la lutte contre les lobbys. Aur\u00e9lien Pascal Commeiras est quant \u00e0 lui l\u2019illustrateur de ce roman graphique.<\/p>\n<p>\u00a0<\/p>\n<p dir=\"ltr\" style=\"line-height: 1.7999999999999998;text-indent: 36pt;text-align: justify;margin-top: 12pt;margin-bottom: 0pt\">Dans ce livre, les auteur\u00b7e\u00b7s s\u2019int\u00e9ressent \u00e0 la lutte d\u2019un petit village de l\u2019H\u00e9rault contre l\u2019installation d\u2019un village Oxylane par D\u00e9cathlon sur des terres agricoles. Ils s\u2019opposent de cette mani\u00e8re \u00e0 l\u2019artificialisation des sols et \u00e0 l\u2019industrialisation de la nature. Le roman graphique retrace la mani\u00e8re dont ce village a men\u00e9 la lutte et les cons\u00e9quences qu\u2019elle a entra\u00een\u00e9es, plongeant en profondeur dans la mobilisation \u00e9cologiste \u00e0 l\u2019\u00e9chelle locale. La rencontre sera suivie d\u2019un temps d\u2019\u00e9change avec le public puis d\u2019une s\u00e9ance de d\u00e9dicaces. Elle sera film\u00e9e et diffus\u00e9e en direct sur ULTV. L\u2019entr\u00e9e et le parking sont gratuits.<\/p>\n<p><\/p>\n","protected":false},"excerpt":{"rendered":"Temps de lecture : 2 minutes Informations pratiques Localisation : 2Ter Bd Charlemagne, 54000 Nancy Date de d\u00e9but&hellip;\n","protected":false},"author":2,"featured_media":678776,"comment_status":"","ping_status":"","sticky":false,"template":"","format":"standard","meta":{"footnotes":""},"categories":[9635],"tags":[1111,11,1777,674,1011,27,775,1702,12,25],"class_list":{"0":"post-678775","1":"post","2":"type-post","3":"status-publish","4":"format-standard","5":"has-post-thumbnail","7":"category-nancy","8":"tag-actu","9":"tag-actualites","10":"tag-eu","11":"tag-europe","12":"tag-fr","13":"tag-france","14":"tag-grand-est","15":"tag-nancy","16":"tag-news","17":"tag-republique-francaise"},"share_on_mastodon":{"url":"https:\/\/pubeurope.com\/@fr\/115932475171689425","error":""},"_links":{"self":[{"href":"https:\/\/www.europesays.com\/fr\/wp-json\/wp\/v2\/posts\/678775","targetHints":{"allow":["GET"]}}],"collection":[{"href":"https:\/\/www.europesays.com\/fr\/wp-json\/wp\/v2\/posts"}],"about":[{"href":"https:\/\/www.europesays.com\/fr\/wp-json\/wp\/v2\/types\/post"}],"author":[{"embeddable":true,"href":"https:\/\/www.europesays.com\/fr\/wp-json\/wp\/v2\/users\/2"}],"replies":[{"embeddable":true,"href":"https:\/\/www.europesays.com\/fr\/wp-json\/wp\/v2\/comments?post=678775"}],"version-history":[{"count":0,"href":"https:\/\/www.europesays.com\/fr\/wp-json\/wp\/v2\/posts\/678775\/revisions"}],"wp:featuredmedia":[{"embeddable":true,"href":"https:\/\/www.europesays.com\/fr\/wp-json\/wp\/v2\/media\/678776"}],"wp:attachment":[{"href":"https:\/\/www.europesays.com\/fr\/wp-json\/wp\/v2\/media?parent=678775"}],"wp:term":[{"taxonomy":"category","embeddable":true,"href":"https:\/\/www.europesays.com\/fr\/wp-json\/wp\/v2\/categories?post=678775"},{"taxonomy":"post_tag","embeddable":true,"href":"https:\/\/www.europesays.com\/fr\/wp-json\/wp\/v2\/tags?post=678775"}],"curies":[{"name":"wp","href":"https:\/\/api.w.org\/{rel}","templated":true}]}}